{"id":79723,"date":"2025-09-18T10:50:31","date_gmt":"2025-09-18T13:50:31","guid":{"rendered":"https:\/\/blogopara.com.br\/?p=79723"},"modified":"2025-09-18T10:50:31","modified_gmt":"2025-09-18T13:50:31","slug":"moraes-manda-executar-pena-de-baiana-que-pichou-perdeu-mane-em-estatua-da-justica","status":"publish","type":"post","link":"https:\/\/blogopara.com.br\/index.php\/2025\/09\/18\/moraes-manda-executar-pena-de-baiana-que-pichou-perdeu-mane-em-estatua-da-justica","title":{"rendered":"Moraes manda executar pena de baiana que pichou &#8216;Perdeu, man\u00e9&#8217; em est\u00e1tua da Justi\u00e7a"},"content":{"rendered":"<div class=\"flex flex-col w-full font-normal text-[18px] leading-[30px] text-tw-theme-text-default\">\n<p id=\"paragrafo-r41jvvjosb\">O ministro do Supremo Tribunal Federal (STF), Alexandre de Moraes, determinou, nesta segunda-feira (15), que a\u00a0condena\u00e7\u00e3o da cabeleireira baiana D\u00e9bora Rodrigues dos Santos\u00a0seja executada imediatamente.<\/p>\n<\/div>\n<div class=\"flex flex-col w-full font-normal text-[18px] leading-[30px] text-tw-theme-text-default\">\n<p id=\"paragrafo-ryuuitknxo\">D\u00e9bora foi condenada pela sua participa\u00e7\u00e3o nos atos do dia 8 de janeiro,\u00a0incluindo a picha\u00e7\u00e3o da frase &#8220;Perdeu, man\u00e9&#8221; na est\u00e1tua A Justi\u00e7a, que fica em frete \u00e0 sede do STF. A pena para a baiana foi de 14 anos.<\/p>\n<\/div>\n<div class=\"flex flex-col w-full\">\n<div id=\"galeria-simples-q4ns45n4e9\" class=\"component--galeria simples\">\n<div class=\"wrapper\">\n<div class=\"galeria-caption\">\n<div class=\"caption\">\n<div class=\"credit\"><\/div>\n<\/div>\n<\/div>\n<\/div>\n<\/div>\n<\/div>\n<div class=\"flex flex-col w-full font-normal text-[18px] leading-[30px] text-tw-theme-text-default\">\n<p id=\"paragrafo-my4rqx6sr1\">Apesar da decis\u00e3o, Moraes tamb\u00e9m determinou que a baiana\u00a0permane\u00e7a em pris\u00e3o domiciliar, benef\u00edcio que ganhou em mar\u00e7o por ter filhos menores de idade.<\/p>\n<\/div>\n<div class=\"flex flex-col w-full font-normal text-[18px] leading-[30px] text-tw-theme-text-default\">\n<p id=\"paragrafo-04r69d52xe\">&#8220;Determino o in\u00edcio do cumprimento da pena de reclus\u00e3o, em regime fechado, em rela\u00e7\u00e3o \u00e0 r\u00e9 Debora Rodrigues dos Santos, com a manuten\u00e7\u00e3o da pris\u00e3o domiciliar&#8221;, informou na decis\u00e3o.<\/p>\n<\/div>\n<div class=\"flex flex-col w-full\">\n<h2 id=\"intertitulo-xl23wx1ytc\" class=\"font-family-secondary text-tw-theme-box-titulo-default text-[26px] leading-[38px] font-bold md:text-[31px]\">Recurso negado<\/h2>\n<\/div>\n<div class=\"flex flex-col w-full font-normal text-[18px] leading-[30px] text-tw-theme-text-default\">\n<p id=\"paragrafo-9f648jh1tx\">A Primeira Turma da Corte j\u00e1 tinha\u00a0negado um recurso apresentado pela defesa de D\u00e9bora, no m\u00eas de agosto. Os advogados tentaram a revis\u00e3o da pena atrav\u00e9s de embargos infringentes, que permitem a revis\u00e3o para r\u00e9us que receberam pelo menos dois votos a favor da absolvi\u00e7\u00e3o.<\/p>\n<\/div>\n<div class=\"flex flex-col w-full font-normal text-[18px] leading-[30px] text-tw-theme-text-default\">\n<p id=\"paragrafo-rwcbxjhkrq\">No entanto, o colegiado, com base no voto de Moraes, que \u00e9 relator do caso, entendeu que ela n\u00e3o tem direito a esse recurso, j\u00e1 que o placar da condena\u00e7\u00e3o ficou em 4 votos a 1.<\/p>\n<\/div>\n<div class=\"flex flex-col w-full font-normal text-[18px] leading-[30px] text-tw-theme-text-default\">\n<p id=\"paragrafo-2amfwks3ha\">\u201cAssim, trata-se de somente um voto vencido pela absolvi\u00e7\u00e3o parcial, conforme demonstrado. Al\u00e9m disso, o voto vencido exclusivamente quanto \u00e0 dosimetria da pena n\u00e3o configura diverg\u00eancia pass\u00edvel de oposi\u00e7\u00e3o de embargos infringentes\u201d, avaliou o relator.<\/p>\n<\/div>\n<div class=\"flex flex-col w-full font-normal text-[18px] leading-[30px] text-tw-theme-text-default\">\n<p id=\"paragrafo-xqh49musj9\">D\u00e9bora foi condenada pelos crimes de aboli\u00e7\u00e3o violenta do Estado Democr\u00e1tico de Direito, golpe de Estado, associa\u00e7\u00e3o criminosa armada, dano qualificado e deteriora\u00e7\u00e3o do patrim\u00f4nio tombado.<\/p>\n<\/div>\n","protected":false},"excerpt":{"rendered":"<p>O ministro do Supremo Tribunal Federal (STF), Alexandre de Moraes, determinou, nesta segunda-feira (15), que a\u00a0condena\u00e7\u00e3o da cabeleireira baiana D\u00e9bora Rodrigues dos Santos\u00a0seja executada imediatamente. D\u00e9bora foi condenada pela sua participa\u00e7\u00e3o nos atos do dia 8 de janeiro,\u00a0incluindo a picha\u00e7\u00e3o da frase &#8220;Perdeu, man\u00e9&#8221; na est\u00e1tua A Justi\u00e7a, que fica em frete \u00e0 sede do [&hellip;]<\/p>\n","protected":false},"author":1,"featured_media":79724,"comment_status":"open","ping_status":"open","sticky":false,"template":"","format":"standard","meta":{"_uag_custom_page_level_css":"","_monsterinsights_skip_tracking":false,"_monsterinsights_sitenote_active":false,"_monsterinsights_sitenote_note":"","_monsterinsights_sitenote_category":0,"jetpack_post_was_ever_published":false,"_jetpack_newsletter_access":"","_jetpack_dont_email_post_to_subs":false,"_jetpack_newsletter_tier_id":0,"_jetpack_memberships_contains_paywalled_content":false,"_jetpack_memberships_contains_paid_content":false,"footnotes":"","jetpack_publicize_message":"","jetpack_publicize_feature_enabled":true,"jetpack_social_post_already_shared":true,"jetpack_social_options":{"image_generator_settings":{"template":"highway","default_image_id":0,"font":"","enabled":false},"version":2}},"categories":[200],"tags":[],"class_list":["post-79723","post","type-post","status-publish","format-standard","has-post-thumbnail","hentry","category-brasil"],"jetpack_publicize_connections":[],"jetpack_featured_media_url":"https:\/\/blogopara.com.br\/wp-content\/uploads\/2025\/09\/Capturar-40.jpg","uagb_featured_image_src":{"full":["https:\/\/blogopara.com.br\/wp-content\/uploads\/2025\/09\/Capturar-40.jpg",500,281,false],"thumbnail":["https:\/\/blogopara.com.br\/wp-content\/uploads\/2025\/09\/Capturar-40-150x150.jpg",150,150,true],"medium":["https:\/\/blogopara.com.br\/wp-content\/uploads\/2025\/09\/Capturar-40-300x169.jpg",300,169,true],"medium_large":["https:\/\/blogopara.com.br\/wp-content\/uploads\/2025\/09\/Capturar-40.jpg",500,281,false],"large":["https:\/\/blogopara.com.br\/wp-content\/uploads\/2025\/09\/Capturar-40.jpg",500,281,false],"1536x1536":["https:\/\/blogopara.com.br\/wp-content\/uploads\/2025\/09\/Capturar-40.jpg",500,281,false],"2048x2048":["https:\/\/blogopara.com.br\/wp-content\/uploads\/2025\/09\/Capturar-40.jpg",500,281,false],"mantranews-slider-large":["https:\/\/blogopara.com.br\/wp-content\/uploads\/2025\/09\/Capturar-40.jpg",500,281,false],"mantranews-featured-medium":["https:\/\/blogopara.com.br\/wp-content\/uploads\/2025\/09\/Capturar-40-420x281.jpg",420,281,true],"mantranews-featured-long":["https:\/\/blogopara.com.br\/wp-content\/uploads\/2025\/09\/Capturar-40-300x281.jpg",300,281,true],"mantranews-block-medium":["https:\/\/blogopara.com.br\/wp-content\/uploads\/2025\/09\/Capturar-40-464x281.jpg",464,281,true],"mantranews-carousel-image":["https:\/\/blogopara.com.br\/wp-content\/uploads\/2025\/09\/Capturar-40.jpg",500,281,false],"mantranews-block-thumb":["https:\/\/blogopara.com.br\/wp-content\/uploads\/2025\/09\/Capturar-40-322x230.jpg",322,230,true],"mantranews-single-large":["https:\/\/blogopara.com.br\/wp-content\/uploads\/2025\/09\/Capturar-40.jpg",500,281,false]},"uagb_author_info":{"display_name":"Reda\u00e7\u00e3o geral","author_link":"https:\/\/blogopara.com.br\/index.php\/author\/blogopara"},"uagb_comment_info":0,"uagb_excerpt":"O ministro do Supremo Tribunal Federal (STF), Alexandre de Moraes, determinou, nesta segunda-feira (15), que a\u00a0condena\u00e7\u00e3o da cabeleireira baiana D\u00e9bora Rodrigues dos Santos\u00a0seja executada imediatamente. D\u00e9bora foi condenada pela sua participa\u00e7\u00e3o nos atos do dia 8 de janeiro,\u00a0incluindo a picha\u00e7\u00e3o da frase &#8220;Perdeu, man\u00e9&#8221; na est\u00e1tua A Justi\u00e7a, que fica em frete \u00e0 sede do&hellip;","jetpack_sharing_enabled":true,"jetpack_likes_enabled":true,"_links":{"self":[{"href":"https:\/\/blogopara.com.br\/index.php\/wp-json\/wp\/v2\/posts\/79723","targetHints":{"allow":["GET"]}}],"collection":[{"href":"https:\/\/blogopara.com.br\/index.php\/wp-json\/wp\/v2\/posts"}],"about":[{"href":"https:\/\/blogopara.com.br\/index.php\/wp-json\/wp\/v2\/types\/post"}],"author":[{"embeddable":true,"href":"https:\/\/blogopara.com.br\/index.php\/wp-json\/wp\/v2\/users\/1"}],"replies":[{"embeddable":true,"href":"https:\/\/blogopara.com.br\/index.php\/wp-json\/wp\/v2\/comments?post=79723"}],"version-history":[{"count":1,"href":"https:\/\/blogopara.com.br\/index.php\/wp-json\/wp\/v2\/posts\/79723\/revisions"}],"predecessor-version":[{"id":79725,"href":"https:\/\/blogopara.com.br\/index.php\/wp-json\/wp\/v2\/posts\/79723\/revisions\/79725"}],"wp:featuredmedia":[{"embeddable":true,"href":"https:\/\/blogopara.com.br\/index.php\/wp-json\/wp\/v2\/media\/79724"}],"wp:attachment":[{"href":"https:\/\/blogopara.com.br\/index.php\/wp-json\/wp\/v2\/media?parent=79723"}],"wp:term":[{"taxonomy":"category","embeddable":true,"href":"https:\/\/blogopara.com.br\/index.php\/wp-json\/wp\/v2\/categories?post=79723"},{"taxonomy":"post_tag","embeddable":true,"href":"https:\/\/blogopara.com.br\/index.php\/wp-json\/wp\/v2\/tags?post=79723"}],"curies":[{"name":"wp","href":"https:\/\/api.w.org\/{rel}","templated":true}]}}