{"id":79729,"date":"2025-09-18T12:29:07","date_gmt":"2025-09-18T15:29:07","guid":{"rendered":"https:\/\/blogopara.com.br\/?p=79729"},"modified":"2025-09-18T12:29:07","modified_gmt":"2025-09-18T15:29:07","slug":"grupo-armado-invade-hospital-para-matar-paciente-baleado-horas-antes","status":"publish","type":"post","link":"https:\/\/blogopara.com.br\/index.php\/2025\/09\/18\/grupo-armado-invade-hospital-para-matar-paciente-baleado-horas-antes","title":{"rendered":"Grupo armado invade hospital para matar paciente baleado horas antes"},"content":{"rendered":"<div class=\"flex flex-col w-full font-normal text-[18px] leading-[30px] text-tw-theme-text-default\">\n<p id=\"paragrafo-n2tjq624wn\">O Hospital Municipal Pedro II, em Santa Cruz, no Rio de Janeiro (RJ), foi invadido por oito homens encapuzados e armados durante a madrugada da quinta-feira (18). Testemunhas relataram que um dos invasores usava uniforme da Delegacia de Repress\u00e3o \u00e0s A\u00e7\u00f5es Criminosas Organizadas e Inqu\u00e9ritos Especiais (Draco-IE), da Pol\u00edcia Civil.<\/p>\n<\/div>\n<div class=\"flex flex-col w-full font-normal text-[18px] leading-[30px] text-tw-theme-text-default\">\n<p id=\"paragrafo-e3z35z0f5y\">Segundo informa\u00e7\u00f5es da TV Globo, o grupo entrou pela \u00e1rea de estacionamento ap\u00f3s render seguran\u00e7as e procurava um paciente baleado com nove tiros, apontado como testemunha de crimes. Eles seguiram at\u00e9 o centro cir\u00fargico, mas o alvo estava internado na enfermaria. N\u00e3o houve feridos.<\/p>\n<\/div>\n<div class=\"flex flex-col w-full font-normal text-[18px] leading-[30px] text-tw-theme-text-default\">\n<p id=\"paragrafo-twohuglssc\">A Secretaria de Sa\u00fade informou que a a\u00e7\u00e3o interrompeu o funcionamento de setores importantes da unidade. &#8220;Pacientes graves sendo atendidos no CTI e opera\u00e7\u00f5es estavam acontecendo no momento, profissionais estavam fazendo transporte de bolsas de sangue e foram impedidos de fazer esse trabalho&#8221;, explicou o secret\u00e1rio Daniel Soranz.<\/p>\n<\/div>\n<div class=\"flex flex-col w-full font-normal text-[18px] leading-[30px] text-tw-theme-text-default\">\n<p id=\"paragrafo-5ni7t5wcws\">Segundo a pol\u00edcia, al\u00e9m da invas\u00e3o ao hospital, os criminosos destru\u00edram a casa do paciente, que segue sob cust\u00f3dia e deve ser transferido.<\/p>\n<\/div>\n<div class=\"flex flex-col w-full font-normal text-[18px] leading-[30px] text-tw-theme-text-default\">\n<p id=\"paragrafo-l2twur6orp\">Soranz ressaltou que situa\u00e7\u00f5es desse tipo t\u00eam sido cada vez mais frequentes: &#8220;\u00c9 uma situa\u00e7\u00e3o que est\u00e1 acontecendo cada vez mais, de forma mais frequente. Este ano, tivemos que suspender o funcionamento de unidades 516 vezes por motivos de seguran\u00e7a, por invas\u00e3o ou por risco. O n\u00famero s\u00f3 aumentou nos \u00faltimos anos e n\u00e3o h\u00e1 respeito em rela\u00e7\u00e3o \u00e0s unidades de sa\u00fade. A pol\u00edcia vem perdendo territ\u00f3rio cada vez mais e os preju\u00edzos para opera\u00e7\u00f5es aumentam a cada dia&#8221;.<\/p>\n<div style=\"width: 640px;\" class=\"wp-video\"><!--[if lt IE 9]><script>document.createElement('video');<\/script><![endif]-->\n<video class=\"wp-video-shortcode\" id=\"video-79729-1\" width=\"640\" height=\"1138\" preload=\"metadata\" controls=\"controls\"><source type=\"video\/mp4\" src=\"https:\/\/blogopara.com.br\/wp-content\/uploads\/2025\/09\/RiodeJaneiro-Oito-criminosos-armados-e-encapuzados-invadiram-o-Hospital-Municipal-Pedro-II-e.mp4?_=1\" \/><a href=\"https:\/\/blogopara.com.br\/wp-content\/uploads\/2025\/09\/RiodeJaneiro-Oito-criminosos-armados-e-encapuzados-invadiram-o-Hospital-Municipal-Pedro-II-e.mp4\">https:\/\/blogopara.com.br\/wp-content\/uploads\/2025\/09\/RiodeJaneiro-Oito-criminosos-armados-e-encapuzados-invadiram-o-Hospital-Municipal-Pedro-II-e.mp4<\/a><\/video><\/div>\n<\/div>\n","protected":false},"excerpt":{"rendered":"<p>O Hospital Municipal Pedro II, em Santa Cruz, no Rio de Janeiro (RJ), foi invadido por oito homens encapuzados e armados durante a madrugada da quinta-feira (18). Testemunhas relataram que um dos invasores usava uniforme da Delegacia de Repress\u00e3o \u00e0s A\u00e7\u00f5es Criminosas Organizadas e Inqu\u00e9ritos Especiais (Draco-IE), da Pol\u00edcia Civil. Segundo informa\u00e7\u00f5es da TV Globo, [&hellip;]<\/p>\n","protected":false},"author":1,"featured_media":79738,"comment_status":"open","ping_status":"open","sticky":false,"template":"","format":"standard","meta":{"_uag_custom_page_level_css":"","_monsterinsights_skip_tracking":false,"_monsterinsights_sitenote_active":false,"_monsterinsights_sitenote_note":"","_monsterinsights_sitenote_category":0,"jetpack_post_was_ever_published":false,"_jetpack_newsletter_access":"","_jetpack_dont_email_post_to_subs":false,"_jetpack_newsletter_tier_id":0,"_jetpack_memberships_contains_paywalled_content":false,"_jetpack_memberships_contains_paid_content":false,"footnotes":"","jetpack_publicize_message":"","jetpack_publicize_feature_enabled":true,"jetpack_social_post_already_shared":true,"jetpack_social_options":{"image_generator_settings":{"template":"highway","default_image_id":0,"font":"","enabled":false},"version":2}},"categories":[202],"tags":[],"class_list":["post-79729","post","type-post","status-publish","format-standard","has-post-thumbnail","hentry","category-policia"],"jetpack_publicize_connections":[],"jetpack_featured_media_url":"https:\/\/blogopara.com.br\/wp-content\/uploads\/2025\/09\/Capturar-42.jpg","uagb_featured_image_src":{"full":["https:\/\/blogopara.com.br\/wp-content\/uploads\/2025\/09\/Capturar-42.jpg",480,271,false],"thumbnail":["https:\/\/blogopara.com.br\/wp-content\/uploads\/2025\/09\/Capturar-42-150x150.jpg",150,150,true],"medium":["https:\/\/blogopara.com.br\/wp-content\/uploads\/2025\/09\/Capturar-42-300x169.jpg",300,169,true],"medium_large":["https:\/\/blogopara.com.br\/wp-content\/uploads\/2025\/09\/Capturar-42.jpg",480,271,false],"large":["https:\/\/blogopara.com.br\/wp-content\/uploads\/2025\/09\/Capturar-42.jpg",480,271,false],"1536x1536":["https:\/\/blogopara.com.br\/wp-content\/uploads\/2025\/09\/Capturar-42.jpg",480,271,false],"2048x2048":["https:\/\/blogopara.com.br\/wp-content\/uploads\/2025\/09\/Capturar-42.jpg",480,271,false],"mantranews-slider-large":["https:\/\/blogopara.com.br\/wp-content\/uploads\/2025\/09\/Capturar-42.jpg",480,271,false],"mantranews-featured-medium":["https:\/\/blogopara.com.br\/wp-content\/uploads\/2025\/09\/Capturar-42-420x271.jpg",420,271,true],"mantranews-featured-long":["https:\/\/blogopara.com.br\/wp-content\/uploads\/2025\/09\/Capturar-42-300x271.jpg",300,271,true],"mantranews-block-medium":["https:\/\/blogopara.com.br\/wp-content\/uploads\/2025\/09\/Capturar-42-464x271.jpg",464,271,true],"mantranews-carousel-image":["https:\/\/blogopara.com.br\/wp-content\/uploads\/2025\/09\/Capturar-42.jpg",480,271,false],"mantranews-block-thumb":["https:\/\/blogopara.com.br\/wp-content\/uploads\/2025\/09\/Capturar-42-322x230.jpg",322,230,true],"mantranews-single-large":["https:\/\/blogopara.com.br\/wp-content\/uploads\/2025\/09\/Capturar-42.jpg",480,271,false]},"uagb_author_info":{"display_name":"Reda\u00e7\u00e3o geral","author_link":"https:\/\/blogopara.com.br\/index.php\/author\/blogopara"},"uagb_comment_info":0,"uagb_excerpt":"O Hospital Municipal Pedro II, em Santa Cruz, no Rio de Janeiro (RJ), foi invadido por oito homens encapuzados e armados durante a madrugada da quinta-feira (18). Testemunhas relataram que um dos invasores usava uniforme da Delegacia de Repress\u00e3o \u00e0s A\u00e7\u00f5es Criminosas Organizadas e Inqu\u00e9ritos Especiais (Draco-IE), da Pol\u00edcia Civil. Segundo informa\u00e7\u00f5es da TV Globo,&hellip;","jetpack_sharing_enabled":true,"jetpack_likes_enabled":true,"_links":{"self":[{"href":"https:\/\/blogopara.com.br\/index.php\/wp-json\/wp\/v2\/posts\/79729","targetHints":{"allow":["GET"]}}],"collection":[{"href":"https:\/\/blogopara.com.br\/index.php\/wp-json\/wp\/v2\/posts"}],"about":[{"href":"https:\/\/blogopara.com.br\/index.php\/wp-json\/wp\/v2\/types\/post"}],"author":[{"embeddable":true,"href":"https:\/\/blogopara.com.br\/index.php\/wp-json\/wp\/v2\/users\/1"}],"replies":[{"embeddable":true,"href":"https:\/\/blogopara.com.br\/index.php\/wp-json\/wp\/v2\/comments?post=79729"}],"version-history":[{"count":1,"href":"https:\/\/blogopara.com.br\/index.php\/wp-json\/wp\/v2\/posts\/79729\/revisions"}],"predecessor-version":[{"id":79739,"href":"https:\/\/blogopara.com.br\/index.php\/wp-json\/wp\/v2\/posts\/79729\/revisions\/79739"}],"wp:featuredmedia":[{"embeddable":true,"href":"https:\/\/blogopara.com.br\/index.php\/wp-json\/wp\/v2\/media\/79738"}],"wp:attachment":[{"href":"https:\/\/blogopara.com.br\/index.php\/wp-json\/wp\/v2\/media?parent=79729"}],"wp:term":[{"taxonomy":"category","embeddable":true,"href":"https:\/\/blogopara.com.br\/index.php\/wp-json\/wp\/v2\/categories?post=79729"},{"taxonomy":"post_tag","embeddable":true,"href":"https:\/\/blogopara.com.br\/index.php\/wp-json\/wp\/v2\/tags?post=79729"}],"curies":[{"name":"wp","href":"https:\/\/api.w.org\/{rel}","templated":true}]}}