{"id":79730,"date":"2025-09-18T12:22:49","date_gmt":"2025-09-18T15:22:49","guid":{"rendered":"https:\/\/blogopara.com.br\/?p=79730"},"modified":"2025-09-18T12:22:49","modified_gmt":"2025-09-18T15:22:49","slug":"maioria-da-bancada-baiana-votou-a-favor-da-pec-da-blindagem-saiba-como-deputados-votaram","status":"publish","type":"post","link":"https:\/\/blogopara.com.br\/index.php\/2025\/09\/18\/maioria-da-bancada-baiana-votou-a-favor-da-pec-da-blindagem-saiba-como-deputados-votaram","title":{"rendered":"Maioria da bancada baiana votou a favor da PEC da Blindagem; saiba como deputados votaram"},"content":{"rendered":"<p>A maioria da bancada baiana votou a favor da proposta de emenda \u00e0 Constitui\u00e7\u00e3o (PEC) que pretende blindar os parlamentares de processos criminais, tamb\u00e9m chamada de PEC da Blindagem, que foi aprovada em 1\u00ba turno na C\u00e2mara dos Deputados na noite desta ter\u00e7a-feira (16).<\/p>\n<p>Caso seja aprovada, deputados e senadores s\u00f3 ser\u00e3o investigados e presos, com aval do Congresso Nacional. A proposta tamb\u00e9m determina que presidentes nacionais de partidos com representa\u00e7\u00e3o no Parlamento tenham foto privilegiado e sejam julgados diretamente pelo Supremo Tribunal Federal (STF).<\/p>\n<p>Veja como a bancada baiana votou:<\/p>\n<p>Adolfo Viana (PSDB-BA) \u2013 votou Sim<br \/>\nAlex Santana (Republicanos-BA) \u2013 Absten\u00e7\u00e3o<br \/>\nAlice Portugal (PCdoB-BA) \u2013 votou N\u00e3o<br \/>\nAntonio Brito (PSD-BA) \u2013 votou N\u00e3o<br \/>\nArthur Oliveira Maia (Uni\u00e3o-BA) \u2013 votou Sim<br \/>\nBacelar (PV-BA) \u2013 votou Sim<br \/>\nCapit\u00e3o Alden (PL-BA) \u2013 votou Sim<br \/>\nCharles Fernandes (PSD-BA) \u2013 votou N\u00e3o<br \/>\nClaudio Cajado (PP-BA) \u2013 votou Sim<br \/>\nDal Barreto (Uni\u00e3o-BA) \u2013 votou Sim<br \/>\nDaniel Almeida (PCdoB-BA) \u2013 votou N\u00e3o<br \/>\nDiego Coronel (PSD-BA) \u2013 votou Sim<br \/>\nElmar Nascimento (Uni\u00e3o-BA) \u2013 votou Sim<br \/>\nF\u00e9lix Mendon\u00e7a Jr. (PDT-BA) \u2013 votou Sim<br \/>\nGabriel Nunes (PSD-BA) \u2013 votou Sim<br \/>\nIvoneide Caetano (PT-BA) \u2013 votou N\u00e3o<br \/>\nJo\u00e3o Le\u00e3o (PP-BA) \u2013 Ausente<br \/>\nJo\u00e3o Carlos Bacelar (PL-BA) \u2013 Ausente<br \/>\nJorge Solla (PT-BA) \u2013 votou N\u00e3o<br \/>\nJos\u00e9 Rocha (Uni\u00e3o-BA) \u2013 votou Sim<br \/>\nJoseildo Ramos (PT-BA) \u2013 votou N\u00e3o<br \/>\nJosias Gomes (PT-BA) \u2013 votou N\u00e3o<br \/>\nLeo Prates (PDT-BA) \u2013 votou Sim<br \/>\nLeur Lomanto Jr. (Uni\u00e3o-BA) \u2013 votou Sim<br \/>\nL\u00eddice da Mata (PSB-BA) \u2013 votou N\u00e3o<br \/>\nM\u00e1rcio Marinho (Republicanos-BA) \u2013 votou Sim<br \/>\nM\u00e1rio Negromonte Jr. (PP-BA) \u2013 votou Sim<br \/>\nNeto Carletto (Avante-BA) \u2013 votou Sim<br \/>\nOtto Alencar Filho (PSD-BA) \u2013 votou N\u00e3o<br \/>\nPastor Isid\u00f3rio (Avante-BA) \u2013 votou N\u00e3o<br \/>\nPaulo Azi (Uni\u00e3o-BA) \u2013 votou Sim<br \/>\nPaulo Magalh\u00e3es (PSD-BA) \u2013 votou Sim<br \/>\nRaimundo Costa (Podemos-BA) \u2013 votou Sim<br \/>\nRicardo Maia (MDB-BA) \u2013 votou Sim<br \/>\nRoberta Roma (PL-BA) \u2013 votou Sim<br \/>\nRog\u00e9ria Santos (Republicanos-BA) \u2013 votou Sim<br \/>\nValmir Assun\u00e7\u00e3o (PT-BA) \u2013 votou N\u00e3o<br \/>\nWaldenor Pereira (PT-BA) \u2013 votou N\u00e3o<br \/>\nZ\u00e9 Neto (PT-BA) -votou n\u00e3o<\/p>\n","protected":false},"excerpt":{"rendered":"<p>A maioria da bancada baiana votou a favor da proposta de emenda \u00e0 Constitui\u00e7\u00e3o (PEC) que pretende blindar os parlamentares de processos criminais, tamb\u00e9m chamada de PEC da Blindagem, que foi aprovada em 1\u00ba turno na C\u00e2mara dos Deputados na noite desta ter\u00e7a-feira (16). Caso seja aprovada, deputados e senadores s\u00f3 ser\u00e3o investigados e presos, [&hellip;]<\/p>\n","protected":false},"author":1,"featured_media":79731,"comment_status":"open","ping_status":"open","sticky":false,"template":"","format":"standard","meta":{"_uag_custom_page_level_css":"","_monsterinsights_skip_tracking":false,"_monsterinsights_sitenote_active":false,"_monsterinsights_sitenote_note":"","_monsterinsights_sitenote_category":0,"jetpack_post_was_ever_published":false,"_jetpack_newsletter_access":"","_jetpack_dont_email_post_to_subs":false,"_jetpack_newsletter_tier_id":0,"_jetpack_memberships_contains_paywalled_content":false,"_jetpack_memberships_contains_paid_content":false,"footnotes":"","jetpack_publicize_message":"","jetpack_publicize_feature_enabled":true,"jetpack_social_post_already_shared":true,"jetpack_social_options":{"image_generator_settings":{"template":"highway","default_image_id":0,"font":"","enabled":false},"version":2}},"categories":[199,197],"tags":[],"class_list":["post-79730","post","type-post","status-publish","format-standard","has-post-thumbnail","hentry","category-bahia","category-politica"],"jetpack_publicize_connections":[],"jetpack_featured_media_url":"https:\/\/blogopara.com.br\/wp-content\/uploads\/2025\/09\/bancada_baiana_camara_dos_deputados_widelg_widelg.jpg","uagb_featured_image_src":{"full":["https:\/\/blogopara.com.br\/wp-content\/uploads\/2025\/09\/bancada_baiana_camara_dos_deputados_widelg_widelg.jpg",500,281,false],"thumbnail":["https:\/\/blogopara.com.br\/wp-content\/uploads\/2025\/09\/bancada_baiana_camara_dos_deputados_widelg_widelg-150x150.jpg",150,150,true],"medium":["https:\/\/blogopara.com.br\/wp-content\/uploads\/2025\/09\/bancada_baiana_camara_dos_deputados_widelg_widelg-300x169.jpg",300,169,true],"medium_large":["https:\/\/blogopara.com.br\/wp-content\/uploads\/2025\/09\/bancada_baiana_camara_dos_deputados_widelg_widelg.jpg",500,281,false],"large":["https:\/\/blogopara.com.br\/wp-content\/uploads\/2025\/09\/bancada_baiana_camara_dos_deputados_widelg_widelg.jpg",500,281,false],"1536x1536":["https:\/\/blogopara.com.br\/wp-content\/uploads\/2025\/09\/bancada_baiana_camara_dos_deputados_widelg_widelg.jpg",500,281,false],"2048x2048":["https:\/\/blogopara.com.br\/wp-content\/uploads\/2025\/09\/bancada_baiana_camara_dos_deputados_widelg_widelg.jpg",500,281,false],"mantranews-slider-large":["https:\/\/blogopara.com.br\/wp-content\/uploads\/2025\/09\/bancada_baiana_camara_dos_deputados_widelg_widelg.jpg",500,281,false],"mantranews-featured-medium":["https:\/\/blogopara.com.br\/wp-content\/uploads\/2025\/09\/bancada_baiana_camara_dos_deputados_widelg_widelg-420x281.jpg",420,281,true],"mantranews-featured-long":["https:\/\/blogopara.com.br\/wp-content\/uploads\/2025\/09\/bancada_baiana_camara_dos_deputados_widelg_widelg-300x281.jpg",300,281,true],"mantranews-block-medium":["https:\/\/blogopara.com.br\/wp-content\/uploads\/2025\/09\/bancada_baiana_camara_dos_deputados_widelg_widelg-464x281.jpg",464,281,true],"mantranews-carousel-image":["https:\/\/blogopara.com.br\/wp-content\/uploads\/2025\/09\/bancada_baiana_camara_dos_deputados_widelg_widelg.jpg",500,281,false],"mantranews-block-thumb":["https:\/\/blogopara.com.br\/wp-content\/uploads\/2025\/09\/bancada_baiana_camara_dos_deputados_widelg_widelg-322x230.jpg",322,230,true],"mantranews-single-large":["https:\/\/blogopara.com.br\/wp-content\/uploads\/2025\/09\/bancada_baiana_camara_dos_deputados_widelg_widelg.jpg",500,281,false]},"uagb_author_info":{"display_name":"Reda\u00e7\u00e3o geral","author_link":"https:\/\/blogopara.com.br\/index.php\/author\/blogopara"},"uagb_comment_info":0,"uagb_excerpt":"A maioria da bancada baiana votou a favor da proposta de emenda \u00e0 Constitui\u00e7\u00e3o (PEC) que pretende blindar os parlamentares de processos criminais, tamb\u00e9m chamada de PEC da Blindagem, que foi aprovada em 1\u00ba turno na C\u00e2mara dos Deputados na noite desta ter\u00e7a-feira (16). Caso seja aprovada, deputados e senadores s\u00f3 ser\u00e3o investigados e presos,&hellip;","jetpack_sharing_enabled":true,"jetpack_likes_enabled":true,"_links":{"self":[{"href":"https:\/\/blogopara.com.br\/index.php\/wp-json\/wp\/v2\/posts\/79730","targetHints":{"allow":["GET"]}}],"collection":[{"href":"https:\/\/blogopara.com.br\/index.php\/wp-json\/wp\/v2\/posts"}],"about":[{"href":"https:\/\/blogopara.com.br\/index.php\/wp-json\/wp\/v2\/types\/post"}],"author":[{"embeddable":true,"href":"https:\/\/blogopara.com.br\/index.php\/wp-json\/wp\/v2\/users\/1"}],"replies":[{"embeddable":true,"href":"https:\/\/blogopara.com.br\/index.php\/wp-json\/wp\/v2\/comments?post=79730"}],"version-history":[{"count":1,"href":"https:\/\/blogopara.com.br\/index.php\/wp-json\/wp\/v2\/posts\/79730\/revisions"}],"predecessor-version":[{"id":79732,"href":"https:\/\/blogopara.com.br\/index.php\/wp-json\/wp\/v2\/posts\/79730\/revisions\/79732"}],"wp:featuredmedia":[{"embeddable":true,"href":"https:\/\/blogopara.com.br\/index.php\/wp-json\/wp\/v2\/media\/79731"}],"wp:attachment":[{"href":"https:\/\/blogopara.com.br\/index.php\/wp-json\/wp\/v2\/media?parent=79730"}],"wp:term":[{"taxonomy":"category","embeddable":true,"href":"https:\/\/blogopara.com.br\/index.php\/wp-json\/wp\/v2\/categories?post=79730"},{"taxonomy":"post_tag","embeddable":true,"href":"https:\/\/blogopara.com.br\/index.php\/wp-json\/wp\/v2\/tags?post=79730"}],"curies":[{"name":"wp","href":"https:\/\/api.w.org\/{rel}","templated":true}]}}