{"id":79734,"date":"2025-09-18T12:27:40","date_gmt":"2025-09-18T15:27:40","guid":{"rendered":"https:\/\/blogopara.com.br\/?p=79734"},"modified":"2025-09-18T12:27:40","modified_gmt":"2025-09-18T15:27:40","slug":"guarda-municipal-preso-por-estuprar-criancas-e-adolescentes-na-bahia-agia-em-escola-publica","status":"publish","type":"post","link":"https:\/\/blogopara.com.br\/index.php\/2025\/09\/18\/guarda-municipal-preso-por-estuprar-criancas-e-adolescentes-na-bahia-agia-em-escola-publica","title":{"rendered":"Guarda Municipal preso por estuprar crian\u00e7as e adolescentes na Bahia agia em escola p\u00fablica"},"content":{"rendered":"<div class=\"flex flex-col w-full font-normal text-[18px] leading-[30px] text-tw-theme-text-default\">\n<p id=\"paragrafo-wo6yrhhy2u\">O Guarda Municipal que foi preso em Itacar\u00e9, no sul da Bahia, por estuprar crian\u00e7as e adolescentes se aproveitava da fun\u00e7\u00e3o para cometer os crimes. De acordo com fontes policiais, Erenildo Jos\u00e9 Vanderlei dos Santos, de 42 anos, o investigado agia em uma escola p\u00fablica onde trabalhava e se aproximou das v\u00edtimas.<\/p>\n<\/div>\n<div class=\"flex flex-col w-full font-normal text-[18px] leading-[30px] text-tw-theme-text-default\">\n<p id=\"paragrafo-vjhlk7kx4c\">A a\u00e7\u00e3o criminosa acontecia em uma escola do distrito de Taboquinhas, a cerca de 20 km de Itacar\u00e9. Os casos teriam sido revelados ap\u00f3s v\u00edtima relatarem as a\u00e7\u00f5es de Erenildo, que foi alvo de mandado de pris\u00e3o na quarta-feira (17). As den\u00fancias foram repassadas \u00e0 pol\u00edcia por pessoas da administra\u00e7\u00e3o municipal de Itacar\u00e9.<\/p>\n<\/div>\n<div class=\"flex flex-col w-full font-normal text-[18px] leading-[30px] text-tw-theme-text-default\">\n<p id=\"paragrafo-1icwdqeiz7\">Isso porque as v\u00edtimas denunciaram os crimes praticados pelo vigilante durante atendimentos psicossociais realizados a crian\u00e7as e adolescentes. Nos relatos, foram identificados elementos semelhantes, o que levou \u00e0 comunica\u00e7\u00e3o \u00e0s autoridades policiais sobre o crime.<\/p>\n<\/div>\n<div class=\"flex flex-col w-full font-normal text-[18px] leading-[30px] text-tw-theme-text-default\">\n<p id=\"paragrafo-6tul3gi2iw\">No entanto, a prefeitura da cidade n\u00e3o se manifestou sobre o caso ao ser procurada pela reportagem. Al\u00e9m da escola, Erenildo teria cometido o crime de estupro de vulner\u00e1vel na sua casa contra a sobrinha de uma ex-companheira, que residiu com ele dos 4 e os 12 anos de idade, quando foi v\u00edtima de abuso.<\/p>\n<\/div>\n","protected":false},"excerpt":{"rendered":"<p>O Guarda Municipal que foi preso em Itacar\u00e9, no sul da Bahia, por estuprar crian\u00e7as e adolescentes se aproveitava da fun\u00e7\u00e3o para cometer os crimes. De acordo com fontes policiais, Erenildo Jos\u00e9 Vanderlei dos Santos, de 42 anos, o investigado agia em uma escola p\u00fablica onde trabalhava e se aproximou das v\u00edtimas. A a\u00e7\u00e3o criminosa [&hellip;]<\/p>\n","protected":false},"author":1,"featured_media":79735,"comment_status":"open","ping_status":"open","sticky":false,"template":"","format":"standard","meta":{"_uag_custom_page_level_css":"","_monsterinsights_skip_tracking":false,"_monsterinsights_sitenote_active":false,"_monsterinsights_sitenote_note":"","_monsterinsights_sitenote_category":0,"jetpack_post_was_ever_published":false,"_jetpack_newsletter_access":"","_jetpack_dont_email_post_to_subs":false,"_jetpack_newsletter_tier_id":0,"_jetpack_memberships_contains_paywalled_content":false,"_jetpack_memberships_contains_paid_content":false,"footnotes":"","jetpack_publicize_message":"","jetpack_publicize_feature_enabled":true,"jetpack_social_post_already_shared":true,"jetpack_social_options":{"image_generator_settings":{"template":"highway","default_image_id":0,"font":"","enabled":false},"version":2}},"categories":[199],"tags":[],"class_list":["post-79734","post","type-post","status-publish","format-standard","has-post-thumbnail","hentry","category-bahia"],"jetpack_publicize_connections":[],"jetpack_featured_media_url":"https:\/\/blogopara.com.br\/wp-content\/uploads\/2025\/09\/Capturar-41.jpg","uagb_featured_image_src":{"full":["https:\/\/blogopara.com.br\/wp-content\/uploads\/2025\/09\/Capturar-41.jpg",500,313,false],"thumbnail":["https:\/\/blogopara.com.br\/wp-content\/uploads\/2025\/09\/Capturar-41-150x150.jpg",150,150,true],"medium":["https:\/\/blogopara.com.br\/wp-content\/uploads\/2025\/09\/Capturar-41-300x188.jpg",300,188,true],"medium_large":["https:\/\/blogopara.com.br\/wp-content\/uploads\/2025\/09\/Capturar-41.jpg",500,313,false],"large":["https:\/\/blogopara.com.br\/wp-content\/uploads\/2025\/09\/Capturar-41.jpg",500,313,false],"1536x1536":["https:\/\/blogopara.com.br\/wp-content\/uploads\/2025\/09\/Capturar-41.jpg",500,313,false],"2048x2048":["https:\/\/blogopara.com.br\/wp-content\/uploads\/2025\/09\/Capturar-41.jpg",500,313,false],"mantranews-slider-large":["https:\/\/blogopara.com.br\/wp-content\/uploads\/2025\/09\/Capturar-41.jpg",500,313,false],"mantranews-featured-medium":["https:\/\/blogopara.com.br\/wp-content\/uploads\/2025\/09\/Capturar-41-420x307.jpg",420,307,true],"mantranews-featured-long":["https:\/\/blogopara.com.br\/wp-content\/uploads\/2025\/09\/Capturar-41-300x313.jpg",300,313,true],"mantranews-block-medium":["https:\/\/blogopara.com.br\/wp-content\/uploads\/2025\/09\/Capturar-41-464x290.jpg",464,290,true],"mantranews-carousel-image":["https:\/\/blogopara.com.br\/wp-content\/uploads\/2025\/09\/Capturar-41.jpg",500,313,false],"mantranews-block-thumb":["https:\/\/blogopara.com.br\/wp-content\/uploads\/2025\/09\/Capturar-41-322x230.jpg",322,230,true],"mantranews-single-large":["https:\/\/blogopara.com.br\/wp-content\/uploads\/2025\/09\/Capturar-41.jpg",500,313,false]},"uagb_author_info":{"display_name":"Reda\u00e7\u00e3o geral","author_link":"https:\/\/blogopara.com.br\/index.php\/author\/blogopara"},"uagb_comment_info":0,"uagb_excerpt":"O Guarda Municipal que foi preso em Itacar\u00e9, no sul da Bahia, por estuprar crian\u00e7as e adolescentes se aproveitava da fun\u00e7\u00e3o para cometer os crimes. De acordo com fontes policiais, Erenildo Jos\u00e9 Vanderlei dos Santos, de 42 anos, o investigado agia em uma escola p\u00fablica onde trabalhava e se aproximou das v\u00edtimas. A a\u00e7\u00e3o criminosa&hellip;","jetpack_sharing_enabled":true,"jetpack_likes_enabled":true,"_links":{"self":[{"href":"https:\/\/blogopara.com.br\/index.php\/wp-json\/wp\/v2\/posts\/79734","targetHints":{"allow":["GET"]}}],"collection":[{"href":"https:\/\/blogopara.com.br\/index.php\/wp-json\/wp\/v2\/posts"}],"about":[{"href":"https:\/\/blogopara.com.br\/index.php\/wp-json\/wp\/v2\/types\/post"}],"author":[{"embeddable":true,"href":"https:\/\/blogopara.com.br\/index.php\/wp-json\/wp\/v2\/users\/1"}],"replies":[{"embeddable":true,"href":"https:\/\/blogopara.com.br\/index.php\/wp-json\/wp\/v2\/comments?post=79734"}],"version-history":[{"count":2,"href":"https:\/\/blogopara.com.br\/index.php\/wp-json\/wp\/v2\/posts\/79734\/revisions"}],"predecessor-version":[{"id":79737,"href":"https:\/\/blogopara.com.br\/index.php\/wp-json\/wp\/v2\/posts\/79734\/revisions\/79737"}],"wp:featuredmedia":[{"embeddable":true,"href":"https:\/\/blogopara.com.br\/index.php\/wp-json\/wp\/v2\/media\/79735"}],"wp:attachment":[{"href":"https:\/\/blogopara.com.br\/index.php\/wp-json\/wp\/v2\/media?parent=79734"}],"wp:term":[{"taxonomy":"category","embeddable":true,"href":"https:\/\/blogopara.com.br\/index.php\/wp-json\/wp\/v2\/categories?post=79734"},{"taxonomy":"post_tag","embeddable":true,"href":"https:\/\/blogopara.com.br\/index.php\/wp-json\/wp\/v2\/tags?post=79734"}],"curies":[{"name":"wp","href":"https:\/\/api.w.org\/{rel}","templated":true}]}}