{"id":7983,"date":"2020-03-10T20:16:15","date_gmt":"2020-03-10T23:16:15","guid":{"rendered":"http:\/\/blogopara.com.br\/?p=7983"},"modified":"2020-03-10T20:16:18","modified_gmt":"2020-03-10T23:16:18","slug":"nao-ha-motivo-para-panico-diz-chefe-da-oms-no-brasil-sobre-novo-coronavirus","status":"publish","type":"post","link":"https:\/\/blogopara.com.br\/index.php\/2020\/03\/10\/nao-ha-motivo-para-panico-diz-chefe-da-oms-no-brasil-sobre-novo-coronavirus","title":{"rendered":"&#8216;N\u00e3o h\u00e1 motivo para p\u00e2nico&#8217;, diz chefe da OMS no Brasil sobre novo coronav\u00edrus"},"content":{"rendered":"<div class=\"mc-column content-text active-extra-styles \" data-block-type=\"unstyled\" data-block-weight=\"39\" data-block-id=\"2\">\n<p class=\"content-text__container \" style=\"text-align: justify;\" data-track-category=\"Link no Texto\" data-track-links=\"\">A chefe da Organiza\u00e7\u00e3o Mundial de Sa\u00fade (<a href=\"https:\/\/g1.globo.com\/tudo-sobre\/organizacao-mundial-de-saude\/\">OMS<\/a>) e da Organiza\u00e7\u00e3o Pan-Americana da Sa\u00fade (OPAS) no Brasil, Socorro Gross, afirmou em entrevista \u00e0\u00a0<a href=\"https:\/\/g1.globo.com\/globonews\/\">GloboNews<\/a>\u00a0nesta quinta-feira (27) que &#8220;n\u00e3o h\u00e1 motivo para p\u00e2nico&#8221; em rela\u00e7\u00e3o ao novo coronav\u00edrus.<\/p>\n<\/div>\n<div class=\"wall protected-content\">\n<div class=\"mc-column content-text active-extra-styles \" style=\"text-align: justify;\" data-block-type=\"unstyled\" data-block-weight=\"26\" data-block-id=\"3\">\n<p class=\"content-text__container \" data-track-category=\"Link no Texto\" data-track-links=\"\">Socorro Gross tem participado das reuni\u00f5es no\u00a0<a href=\"https:\/\/g1.globo.com\/tudo-sobre\/ministerio-da-saude\/\">Minist\u00e9rio da Sa\u00fade<\/a>\u00a0e da elabora\u00e7\u00e3o de medidas de monitoramento da dissemina\u00e7\u00e3o da\u00a0<a href=\"https:\/\/g1.globo.com\/ciencia-e-saude\/noticia\/2020\/02\/27\/qual-e-a-origem-do-novo-coronavirus.ghtml\">Covid-19<\/a>, a doen\u00e7a provocada pelo v\u00edrus.<\/p>\n<\/div>\n<div class=\"mc-column content-text active-extra-styles \" style=\"text-align: justify;\" data-block-type=\"unstyled\" data-block-weight=\"26\" data-block-id=\"4\">\n<p class=\"content-text__container \" data-track-category=\"Link no Texto\" data-track-links=\"\">Mais cedo, nesta quinta, o minist\u00e9rio informou que\u00a0<a href=\"https:\/\/g1.globo.com\/bemestar\/coronavirus\/noticia\/2020\/02\/27\/brasil-tem-132-casos-suspeitos-de-coronavirus.ghtml\">o Brasil tem 132 casos suspeitos<\/a>\u00a0de coronav\u00edrus. Um caso foi\u00a0<a href=\"https:\/\/g1.globo.com\/ciencia-e-saude\/noticia\/2020\/02\/26\/ministerio-da-saude-fala-sobre-caso-possivel-paciente-com-coronavirus.ghtml\">confirmado<\/a>\u00a0nesta quarta (26), em S\u00e3o Paulo.<\/p>\n<\/div>\n<div class=\"mc-column content-text active-extra-styles \" style=\"text-align: justify;\" data-block-type=\"unstyled\" data-block-weight=\"76\" data-block-id=\"5\">\n<p class=\"content-text__container \" data-track-category=\"Link no Texto\" data-track-links=\"\">&#8220;N\u00e3o h\u00e1 motivo para p\u00e2nico. As pessoas ficam ansiosas e \u00e9 normal. \u00c9 normal que n\u00f3s, como seres humanos, quando acontece algo novo, fiquemos com d\u00favidas e, ficando com d\u00favidas, podemos ter p\u00e2nico. Mas esse v\u00edrus, que \u00e9 novo, n\u00f3s conhecemos mais que outros v\u00edrus, conhecemos mais informa\u00e7\u00e3o, temos mais pesquisa, temos mais informa\u00e7\u00e3o da transmiss\u00e3o, do tratamento, de quantos casos podem ser severos, de quais s\u00e3o as popula\u00e7\u00f5es que s\u00e3o mais afetadas&#8221;, afirmou Socorro Gross.<\/p>\n<\/div>\n<div class=\"mc-column content-text active-extra-styles \" style=\"text-align: justify;\" data-block-type=\"unstyled\" data-block-weight=\"39\" data-block-id=\"6\">\n<p class=\"content-text__container \" data-track-category=\"Link no Texto\" data-track-links=\"\">De acordo com a chefe da OMS no Brasil, a organiza\u00e7\u00e3o declarou alerta m\u00e1ximo, de emerg\u00eancia de sa\u00fade p\u00fablica de interesse internacional, mas ainda n\u00e3o h\u00e1 uma pandemia declarada mesmo que a Covid-19 tenha sido registrada em v\u00e1rios continentes.<\/p>\n<\/div>\n<div class=\"mc-column content-text active-extra-styles \" style=\"text-align: justify;\" data-block-type=\"unstyled\" data-block-weight=\"48\" data-block-id=\"8\">\n<p class=\"content-text__container \" data-track-category=\"Link no Texto\" data-track-links=\"\">&#8220;Para uma pandemia, o comit\u00ea de emerg\u00eancia, que s\u00e3o comit\u00eas de &#8216;experts&#8217;, que analisam os fatos, vai recomendar ao diretor-geral, que \u00e9 a pessoa que pode declarar uma pandemia, se \u00e9 ou n\u00e3o necess\u00e1rio declarar ou n\u00e3o uma pandemia. Agora, neste momento, n\u00e3o h\u00e1 uma pandemia declarada&#8221;, afirmou.<\/p>\n<\/div>\n<div class=\"mc-column content-text active-extra-styles \" style=\"text-align: justify;\" data-block-type=\"unstyled\" data-block-weight=\"33\" data-block-id=\"9\">\n<p class=\"content-text__container \" data-track-category=\"Link no Texto\" data-track-links=\"\">Gross tamb\u00e9m ressaltou a import\u00e2ncia da\u00a0<a href=\"https:\/\/g1.globo.com\/jornal-nacional\/noticia\/2020\/02\/27\/ministerio-da-saude-antecipa-campanha-de-vacinacao-contra-gripe.ghtml\">antecipa\u00e7\u00e3o da campanha de vacina\u00e7\u00e3o contra a gripe<\/a>, anunciada pelo Minist\u00e9rio da Sa\u00fade, porque a medida imunizar\u00e1 a popula\u00e7\u00e3o e diminuir\u00e1 eventuais fragilidades imunol\u00f3gicas diante do coronav\u00edrus.<\/p>\n<\/div>\n<div class=\"mc-column content-text active-extra-styles \" style=\"text-align: justify;\" data-block-type=\"unstyled\" data-block-weight=\"53\" data-block-id=\"10\">\n<p class=\"content-text__container \" data-track-category=\"Link no Texto\" data-track-links=\"\">A chefe da OMS tamb\u00e9m afirmou que, no m\u00eas que vem, a organiza\u00e7\u00e3o revisar\u00e1 os guias cl\u00ednicos, ou seja, as pr\u00e1ticas de sa\u00fade em v\u00e1rias \u00e1reas para saber se \u00e9 preciso ajustar protocolos com beb\u00eas, gravidas, idosos e pessoas internadas, por exemplo. A revis\u00e3o \u00e9 um protocolo em casos como o do coronav\u00edrus.<\/p>\n<\/div>\n<div style=\"text-align: justify;\" data-track-category=\"multicontent\" data-track-action=\"ultimo chunk conteudo\" data-track-noninteraction=\"false\" data-track-scroll=\"view\">\n<pre class=\"mc-column content-entenda-o-caso\" data-block-type=\"entenda-o-caso\" data-block-id=\"11\">Fonte: G1<\/pre>\n<\/div>\n<\/div>\n","protected":false},"excerpt":{"rendered":"<p>Socorro Gross tem participado de reuni\u00f5es no Minist\u00e9rio da Sa\u00fade e da elabora\u00e7\u00e3o de medidas de monitoramento da dissemina\u00e7\u00e3o do v\u00edrus. Governo diz que 132 casos ainda s\u00e3o suspeitos.<\/p>\n","protected":false},"author":1,"featured_media":7984,"comment_status":"open","ping_status":"open","sticky":false,"template":"","format":"standard","meta":{"_uag_custom_page_level_css":"","_monsterinsights_skip_tracking":false,"_monsterinsights_sitenote_active":false,"_monsterinsights_sitenote_note":"","_monsterinsights_sitenote_category":0,"jetpack_post_was_ever_published":false,"_jetpack_newsletter_access":"","_jetpack_dont_email_post_to_subs":false,"_jetpack_newsletter_tier_id":0,"_jetpack_memberships_contains_paywalled_content":false,"_jetpack_memberships_contains_paid_content":false,"footnotes":"","jetpack_publicize_message":"","jetpack_publicize_feature_enabled":true,"jetpack_social_post_already_shared":true,"jetpack_social_options":{"image_generator_settings":{"template":"highway","default_image_id":0,"font":"","enabled":false},"version":2}},"categories":[200],"tags":[],"class_list":["post-7983","post","type-post","status-publish","format-standard","has-post-thumbnail","hentry","category-brasil"],"jetpack_publicize_connections":[],"jetpack_featured_media_url":"https:\/\/blogopara.com.br\/wp-content\/uploads\/2020\/03\/20200227193313926636u.jpg","uagb_featured_image_src":{"full":["https:\/\/blogopara.com.br\/wp-content\/uploads\/2020\/03\/20200227193313926636u.jpg",500,300,false],"thumbnail":["https:\/\/blogopara.com.br\/wp-content\/uploads\/2020\/03\/20200227193313926636u-150x150.jpg",150,150,true],"medium":["https:\/\/blogopara.com.br\/wp-content\/uploads\/2020\/03\/20200227193313926636u-300x180.jpg",300,180,true],"medium_large":["https:\/\/blogopara.com.br\/wp-content\/uploads\/2020\/03\/20200227193313926636u.jpg",500,300,false],"large":["https:\/\/blogopara.com.br\/wp-content\/uploads\/2020\/03\/20200227193313926636u.jpg",500,300,false],"1536x1536":["https:\/\/blogopara.com.br\/wp-content\/uploads\/2020\/03\/20200227193313926636u.jpg",500,300,false],"2048x2048":["https:\/\/blogopara.com.br\/wp-content\/uploads\/2020\/03\/20200227193313926636u.jpg",500,300,false],"mantranews-slider-large":["https:\/\/blogopara.com.br\/wp-content\/uploads\/2020\/03\/20200227193313926636u.jpg",500,300,false],"mantranews-featured-medium":["https:\/\/blogopara.com.br\/wp-content\/uploads\/2020\/03\/20200227193313926636u-420x300.jpg",420,300,true],"mantranews-featured-long":["https:\/\/blogopara.com.br\/wp-content\/uploads\/2020\/03\/20200227193313926636u-300x300.jpg",300,300,true],"mantranews-block-medium":["https:\/\/blogopara.com.br\/wp-content\/uploads\/2020\/03\/20200227193313926636u-464x290.jpg",464,290,true],"mantranews-carousel-image":["https:\/\/blogopara.com.br\/wp-content\/uploads\/2020\/03\/20200227193313926636u.jpg",500,300,false],"mantranews-block-thumb":["https:\/\/blogopara.com.br\/wp-content\/uploads\/2020\/03\/20200227193313926636u-322x230.jpg",322,230,true],"mantranews-single-large":["https:\/\/blogopara.com.br\/wp-content\/uploads\/2020\/03\/20200227193313926636u.jpg",500,300,false]},"uagb_author_info":{"display_name":"Reda\u00e7\u00e3o geral","author_link":"https:\/\/blogopara.com.br\/index.php\/author\/blogopara"},"uagb_comment_info":0,"uagb_excerpt":"Socorro Gross tem participado de reuni\u00f5es no Minist\u00e9rio da Sa\u00fade e da elabora\u00e7\u00e3o de medidas de monitoramento da dissemina\u00e7\u00e3o do v\u00edrus. Governo diz que 132 casos ainda s\u00e3o suspeitos.","jetpack_sharing_enabled":true,"jetpack_likes_enabled":true,"_links":{"self":[{"href":"https:\/\/blogopara.com.br\/index.php\/wp-json\/wp\/v2\/posts\/7983","targetHints":{"allow":["GET"]}}],"collection":[{"href":"https:\/\/blogopara.com.br\/index.php\/wp-json\/wp\/v2\/posts"}],"about":[{"href":"https:\/\/blogopara.com.br\/index.php\/wp-json\/wp\/v2\/types\/post"}],"author":[{"embeddable":true,"href":"https:\/\/blogopara.com.br\/index.php\/wp-json\/wp\/v2\/users\/1"}],"replies":[{"embeddable":true,"href":"https:\/\/blogopara.com.br\/index.php\/wp-json\/wp\/v2\/comments?post=7983"}],"version-history":[{"count":1,"href":"https:\/\/blogopara.com.br\/index.php\/wp-json\/wp\/v2\/posts\/7983\/revisions"}],"predecessor-version":[{"id":7985,"href":"https:\/\/blogopara.com.br\/index.php\/wp-json\/wp\/v2\/posts\/7983\/revisions\/7985"}],"wp:featuredmedia":[{"embeddable":true,"href":"https:\/\/blogopara.com.br\/index.php\/wp-json\/wp\/v2\/media\/7984"}],"wp:attachment":[{"href":"https:\/\/blogopara.com.br\/index.php\/wp-json\/wp\/v2\/media?parent=7983"}],"wp:term":[{"taxonomy":"category","embeddable":true,"href":"https:\/\/blogopara.com.br\/index.php\/wp-json\/wp\/v2\/categories?post=7983"},{"taxonomy":"post_tag","embeddable":true,"href":"https:\/\/blogopara.com.br\/index.php\/wp-json\/wp\/v2\/tags?post=7983"}],"curies":[{"name":"wp","href":"https:\/\/api.w.org\/{rel}","templated":true}]}}