{"id":79865,"date":"2025-09-22T17:42:26","date_gmt":"2025-09-22T20:42:26","guid":{"rendered":"https:\/\/blogopara.com.br\/?p=79865"},"modified":"2025-09-22T17:42:26","modified_gmt":"2025-09-22T20:42:26","slug":"prefeito-de-juazeiro-andrei-goncalves-ira-representar-o-norte-e-nordeste-em-conferencia-nos-eua-sobre-tarifaco-de-trump","status":"publish","type":"post","link":"https:\/\/blogopara.com.br\/index.php\/2025\/09\/22\/prefeito-de-juazeiro-andrei-goncalves-ira-representar-o-norte-e-nordeste-em-conferencia-nos-eua-sobre-tarifaco-de-trump","title":{"rendered":"Prefeito de Juazeiro, Andrei Gon\u00e7alves, ir\u00e1 representar o Norte e Nordeste em confer\u00eancia nos EUA sobre tarifa\u00e7o de Trump"},"content":{"rendered":"<p class=\"x_MsoNormal\">O prefeito de Juazeiro, Andrei Gon\u00e7alves, ser\u00e1 um dos tr\u00eas gestores brasileiros a participar da Confer\u00eancia Nacional de Prefeitos dos Estados Unidos, em Oklahoma, neste m\u00eas. O prefeito \u00e9, ainda, o \u00fanico representante das regi\u00f5es Norte e Nordeste do Brasil no encontro, que vai discutir alternativas para mitigar os efeitos do \u201ctarifa\u00e7o\u201d imposto por Donald Trump sobre exporta\u00e7\u00f5es brasileiras.<\/p>\n<p class=\"x_MsoNormal\">O convite partiu de lideran\u00e7as norte-americanas e a confer\u00eancia, que tradicionalmente discute temas como habita\u00e7\u00e3o e combate ao crime dos Estados Unidos, ter\u00e1 neste ano espa\u00e7o para constru\u00e7\u00e3o de uma carta que firma um acordo para a\u00e7\u00f5es conjuntas contra os preju\u00edzos provocados pelas tarifas nas economias das duas na\u00e7\u00f5es.<\/p>\n<p class=\"x_MsoNormal\">Al\u00e9m de Andrei, as figuras escolhidas para representar o lado verde e amarelo foram Anderson Farias, prefeito de S\u00e3o Jos\u00e9 dos Campos, munic\u00edpio onde fica a sede da Embraer, e Alexandre Ferreira, prefeito de Franca, polo exportador de cal\u00e7ados para os Estados Unidos. Junto aos tr\u00eas gestores brasileiros, o encontro reunir\u00e1 cerca de 30 a 40 prefeitos norte-americanos e representantes da Frente Nacional de Prefeitos (FNP) do Brasil.<\/p>\n<div class=\"entry-meta\">\n<div class=\"align-left\"><\/div>\n<\/div>\n","protected":false},"excerpt":{"rendered":"<p>O prefeito de Juazeiro, Andrei Gon\u00e7alves, ser\u00e1 um dos tr\u00eas gestores brasileiros a participar da Confer\u00eancia Nacional de Prefeitos dos Estados Unidos, em Oklahoma, neste m\u00eas. O prefeito \u00e9, ainda, o \u00fanico representante das regi\u00f5es Norte e Nordeste do Brasil no encontro, que vai discutir alternativas para mitigar os efeitos do \u201ctarifa\u00e7o\u201d imposto por Donald [&hellip;]<\/p>\n","protected":false},"author":1,"featured_media":68759,"comment_status":"open","ping_status":"open","sticky":false,"template":"","format":"standard","meta":{"_uag_custom_page_level_css":"","_monsterinsights_skip_tracking":false,"_monsterinsights_sitenote_active":false,"_monsterinsights_sitenote_note":"","_monsterinsights_sitenote_category":0,"jetpack_post_was_ever_published":false,"_jetpack_newsletter_access":"","_jetpack_dont_email_post_to_subs":false,"_jetpack_newsletter_tier_id":0,"_jetpack_memberships_contains_paywalled_content":false,"_jetpack_memberships_contains_paid_content":false,"footnotes":"","jetpack_publicize_message":"","jetpack_publicize_feature_enabled":true,"jetpack_social_post_already_shared":true,"jetpack_social_options":{"image_generator_settings":{"template":"highway","default_image_id":0,"font":"","enabled":false},"version":2}},"categories":[203],"tags":[],"class_list":["post-79865","post","type-post","status-publish","format-standard","has-post-thumbnail","hentry","category-juazeiro"],"jetpack_publicize_connections":[],"jetpack_featured_media_url":"https:\/\/blogopara.com.br\/wp-content\/uploads\/2024\/10\/Andrei-da-Caixa.jpeg","uagb_featured_image_src":{"full":["https:\/\/blogopara.com.br\/wp-content\/uploads\/2024\/10\/Andrei-da-Caixa.jpeg",500,333,false],"thumbnail":["https:\/\/blogopara.com.br\/wp-content\/uploads\/2024\/10\/Andrei-da-Caixa-150x150.jpeg",150,150,true],"medium":["https:\/\/blogopara.com.br\/wp-content\/uploads\/2024\/10\/Andrei-da-Caixa-300x200.jpeg",300,200,true],"medium_large":["https:\/\/blogopara.com.br\/wp-content\/uploads\/2024\/10\/Andrei-da-Caixa.jpeg",500,333,false],"large":["https:\/\/blogopara.com.br\/wp-content\/uploads\/2024\/10\/Andrei-da-Caixa.jpeg",500,333,false],"1536x1536":["https:\/\/blogopara.com.br\/wp-content\/uploads\/2024\/10\/Andrei-da-Caixa.jpeg",500,333,false],"2048x2048":["https:\/\/blogopara.com.br\/wp-content\/uploads\/2024\/10\/Andrei-da-Caixa.jpeg",500,333,false],"mantranews-slider-large":["https:\/\/blogopara.com.br\/wp-content\/uploads\/2024\/10\/Andrei-da-Caixa.jpeg",500,333,false],"mantranews-featured-medium":["https:\/\/blogopara.com.br\/wp-content\/uploads\/2024\/10\/Andrei-da-Caixa-420x307.jpeg",420,307,true],"mantranews-featured-long":["https:\/\/blogopara.com.br\/wp-content\/uploads\/2024\/10\/Andrei-da-Caixa-300x333.jpeg",300,333,true],"mantranews-block-medium":["https:\/\/blogopara.com.br\/wp-content\/uploads\/2024\/10\/Andrei-da-Caixa-464x290.jpeg",464,290,true],"mantranews-carousel-image":["https:\/\/blogopara.com.br\/wp-content\/uploads\/2024\/10\/Andrei-da-Caixa.jpeg",500,333,false],"mantranews-block-thumb":["https:\/\/blogopara.com.br\/wp-content\/uploads\/2024\/10\/Andrei-da-Caixa-322x230.jpeg",322,230,true],"mantranews-single-large":["https:\/\/blogopara.com.br\/wp-content\/uploads\/2024\/10\/Andrei-da-Caixa.jpeg",500,333,false]},"uagb_author_info":{"display_name":"Reda\u00e7\u00e3o geral","author_link":"https:\/\/blogopara.com.br\/index.php\/author\/blogopara"},"uagb_comment_info":0,"uagb_excerpt":"O prefeito de Juazeiro, Andrei Gon\u00e7alves, ser\u00e1 um dos tr\u00eas gestores brasileiros a participar da Confer\u00eancia Nacional de Prefeitos dos Estados Unidos, em Oklahoma, neste m\u00eas. O prefeito \u00e9, ainda, o \u00fanico representante das regi\u00f5es Norte e Nordeste do Brasil no encontro, que vai discutir alternativas para mitigar os efeitos do \u201ctarifa\u00e7o\u201d imposto por Donald&hellip;","jetpack_sharing_enabled":true,"jetpack_likes_enabled":true,"_links":{"self":[{"href":"https:\/\/blogopara.com.br\/index.php\/wp-json\/wp\/v2\/posts\/79865","targetHints":{"allow":["GET"]}}],"collection":[{"href":"https:\/\/blogopara.com.br\/index.php\/wp-json\/wp\/v2\/posts"}],"about":[{"href":"https:\/\/blogopara.com.br\/index.php\/wp-json\/wp\/v2\/types\/post"}],"author":[{"embeddable":true,"href":"https:\/\/blogopara.com.br\/index.php\/wp-json\/wp\/v2\/users\/1"}],"replies":[{"embeddable":true,"href":"https:\/\/blogopara.com.br\/index.php\/wp-json\/wp\/v2\/comments?post=79865"}],"version-history":[{"count":1,"href":"https:\/\/blogopara.com.br\/index.php\/wp-json\/wp\/v2\/posts\/79865\/revisions"}],"predecessor-version":[{"id":79866,"href":"https:\/\/blogopara.com.br\/index.php\/wp-json\/wp\/v2\/posts\/79865\/revisions\/79866"}],"wp:featuredmedia":[{"embeddable":true,"href":"https:\/\/blogopara.com.br\/index.php\/wp-json\/wp\/v2\/media\/68759"}],"wp:attachment":[{"href":"https:\/\/blogopara.com.br\/index.php\/wp-json\/wp\/v2\/media?parent=79865"}],"wp:term":[{"taxonomy":"category","embeddable":true,"href":"https:\/\/blogopara.com.br\/index.php\/wp-json\/wp\/v2\/categories?post=79865"},{"taxonomy":"post_tag","embeddable":true,"href":"https:\/\/blogopara.com.br\/index.php\/wp-json\/wp\/v2\/tags?post=79865"}],"curies":[{"name":"wp","href":"https:\/\/api.w.org\/{rel}","templated":true}]}}