{"id":79984,"date":"2025-09-26T17:38:37","date_gmt":"2025-09-26T20:38:37","guid":{"rendered":"https:\/\/blogopara.com.br\/?p=79984"},"modified":"2025-09-26T17:38:37","modified_gmt":"2025-09-26T20:38:37","slug":"sesau-encerra-atividades-em-alusao-ao-setembro-amarelo-reforcando-importancia-do-cuidado-com-a-saude-mental","status":"publish","type":"post","link":"https:\/\/blogopara.com.br\/index.php\/2025\/09\/26\/sesau-encerra-atividades-em-alusao-ao-setembro-amarelo-reforcando-importancia-do-cuidado-com-a-saude-mental","title":{"rendered":"Sesau encerra atividades em alus\u00e3o ao Setembro Amarelo refor\u00e7ando import\u00e2ncia do cuidado com a sa\u00fade mental"},"content":{"rendered":"<p>A Secretaria de Sa\u00fade de Juazeiro\/Sesau, por meio da Aten\u00e7\u00e3o Prim\u00e1ria, concluiu nesta quinta-feira (25) uma s\u00e9rie de atividades coletivas e compartilhadas realizadas durante todo o m\u00eas em diversas Unidades B\u00e1sicas de Sa\u00fade\/UBSs do munic\u00edpio, em alus\u00e3o \u00e0 campanha Setembro Amarelo, dedicada \u00e0 preven\u00e7\u00e3o ao suic\u00eddio e \u00e0 promo\u00e7\u00e3o da sa\u00fade mental.<\/p>\n<p>As a\u00e7\u00f5es reuniram usu\u00e1rios das UBSs, profissionais de sa\u00fade e equipes multiprofissionais, com o objetivo de estimular a troca de experi\u00eancias, fortalecer v\u00ednculos comunit\u00e1rios e conscientizar sobre a import\u00e2ncia do cuidado integral com a mente e as emo\u00e7\u00f5es. Durante os encontros, foram realizadas pr\u00e1ticas corporais voltadas ao bem-estar e din\u00e2micas de grupo sobre a comunica\u00e7\u00e3o como base das rela\u00e7\u00f5es humanas, evidenciando como dificuldades na comunica\u00e7\u00e3o podem gerar isolamento, frustra\u00e7\u00e3o e ansiedade, fatores que impactam diretamente na sa\u00fade mental.<\/p>\n<p>Segundo Amanda Batista Leite, fonoaudi\u00f3loga da rede municipal de sa\u00fade, a comunica\u00e7\u00e3o vai al\u00e9m das palavras e desempenha um papel fundamental no equil\u00edbrio emocional. \u201cQuando falamos de sa\u00fade mental, precisamos lembrar que a forma como nos comunicamos impacta diretamente nossas rela\u00e7\u00f5es. A dificuldade de expressar sentimentos ou se sentir compreendido pode gerar frustra\u00e7\u00e3o, ansiedade e at\u00e9 mesmo isolamento social. Trabalhar a escuta de qualidade e a comunica\u00e7\u00e3o efetiva fortalece os la\u00e7os comunit\u00e1rios e promove mais acolhimento e sa\u00fade emocional para todos\u201d, destacou.<\/p>\n<p>As atividades contaram com a participa\u00e7\u00e3o ativa de usu\u00e1rias da rede p\u00fablica municipal, que compartilharam suas experi\u00eancias. Maria das Dores, moradora de Carna\u00edba do Sert\u00e3o, ressaltou que o grupo foi um espa\u00e7o seguro para se expressar. \u201cAqui encontrei profissionais e pessoas que me acolheram de verdade, e isso fez toda a diferen\u00e7a no meu bem-estar\u201d, contou emocionada.<\/p>\n<p>Para Joana Oliveira, do Jardim Fl\u00f3rida, os encontros ajudaram a lidar com a ansiedade. \u201cEu n\u00e3o tinha o h\u00e1bito de falar sobre meus sentimentos. Participar das din\u00e2micas me mostrou que n\u00e3o \u00e9 fraqueza pedir ajuda. Hoje me sinto mais confiante para enfrentar os desafios do dia a dia\u201d, relatou.<\/p>\n<p>J\u00e1 Ana Cl\u00e1udia Souza, usu\u00e1ria da unidade de Itamotinga, destacou que a programa\u00e7\u00e3o trouxe um novo olhar para a conviv\u00eancia familiar. \u201cAprendi a ouvir mais e a ter paci\u00eancia, tanto com meus filhos quanto comigo mesma. Foi uma experi\u00eancia transformadora\u201d, afirmou.<\/p>\n<p>A campanha tamb\u00e9m alcan\u00e7ou os atendimentos noturnos, garantindo acesso aos servi\u00e7os de sa\u00fade mental para quem trabalha durante o dia. Geisa Sueli, moradora e usu\u00e1ria da UBS Santo Ant\u00f4nio, participou de uma das a\u00e7\u00f5es e destacou a import\u00e2ncia da iniciativa: \u201cParticipei da a\u00e7\u00e3o do Setembro Amarelo na UBS Santo Ant\u00f4nio, durante o atendimento noturno, e foi muito especial. Encontrei acolhimento, escuta e orienta\u00e7\u00e3o sobre sa\u00fade mental em um hor\u00e1rio acess\u00edvel para quem trabalha o dia todo. Sa\u00ed mais leve, com esperan\u00e7a e a certeza de que pedir ajuda faz a diferen\u00e7a. Parab\u00e9ns \u00e0 equipe pela iniciativa! Eventos como esse fazem toda a diferen\u00e7a na vida da comunidade, principalmente para quem enfrenta dias dif\u00edceis. Sou muito grata \u00e0 equipe por se preocupar com nossa sa\u00fade mental e por nos lembrar que a vida sempre vale a pena.\u201d<\/p>\n<p>As atividades do Setembro Amarelo refor\u00e7aram o papel das UBSs como espa\u00e7os de acolhimento e promo\u00e7\u00e3o da sa\u00fade, construindo um ambiente de di\u00e1logo, escuta qualificada e fortalecimento emocional coletivo ao longo de todo o m\u00eas de setembro.<\/p>\n<p>Texto: Camila Santana \u2013 Ascom PMJ\/Sesau<\/p>\n","protected":false},"excerpt":{"rendered":"<p>A Secretaria de Sa\u00fade de Juazeiro\/Sesau, por meio da Aten\u00e7\u00e3o Prim\u00e1ria, concluiu nesta quinta-feira (25) uma s\u00e9rie de atividades coletivas e compartilhadas realizadas durante todo o m\u00eas em diversas Unidades B\u00e1sicas de Sa\u00fade\/UBSs do munic\u00edpio, em alus\u00e3o \u00e0 campanha Setembro Amarelo, dedicada \u00e0 preven\u00e7\u00e3o ao suic\u00eddio e \u00e0 promo\u00e7\u00e3o da sa\u00fade mental. As a\u00e7\u00f5es reuniram [&hellip;]<\/p>\n","protected":false},"author":1,"featured_media":79985,"comment_status":"open","ping_status":"open","sticky":false,"template":"","format":"standard","meta":{"_uag_custom_page_level_css":"","_monsterinsights_skip_tracking":false,"_monsterinsights_sitenote_active":false,"_monsterinsights_sitenote_note":"","_monsterinsights_sitenote_category":0,"jetpack_post_was_ever_published":false,"_jetpack_newsletter_access":"","_jetpack_dont_email_post_to_subs":false,"_jetpack_newsletter_tier_id":0,"_jetpack_memberships_contains_paywalled_content":false,"_jetpack_memberships_contains_paid_content":false,"footnotes":"","jetpack_publicize_message":"","jetpack_publicize_feature_enabled":true,"jetpack_social_post_already_shared":true,"jetpack_social_options":{"image_generator_settings":{"template":"highway","default_image_id":0,"font":"","enabled":false},"version":2}},"categories":[205],"tags":[],"class_list":["post-79984","post","type-post","status-publish","format-standard","has-post-thumbnail","hentry","category-saude"],"jetpack_publicize_connections":[],"jetpack_featured_media_url":"https:\/\/blogopara.com.br\/wp-content\/uploads\/2025\/09\/transferir-1-5.jpg","uagb_featured_image_src":{"full":["https:\/\/blogopara.com.br\/wp-content\/uploads\/2025\/09\/transferir-1-5.jpg",500,375,false],"thumbnail":["https:\/\/blogopara.com.br\/wp-content\/uploads\/2025\/09\/transferir-1-5-150x150.jpg",150,150,true],"medium":["https:\/\/blogopara.com.br\/wp-content\/uploads\/2025\/09\/transferir-1-5-300x225.jpg",300,225,true],"medium_large":["https:\/\/blogopara.com.br\/wp-content\/uploads\/2025\/09\/transferir-1-5.jpg",500,375,false],"large":["https:\/\/blogopara.com.br\/wp-content\/uploads\/2025\/09\/transferir-1-5.jpg",500,375,false],"1536x1536":["https:\/\/blogopara.com.br\/wp-content\/uploads\/2025\/09\/transferir-1-5.jpg",500,375,false],"2048x2048":["https:\/\/blogopara.com.br\/wp-content\/uploads\/2025\/09\/transferir-1-5.jpg",500,375,false],"mantranews-slider-large":["https:\/\/blogopara.com.br\/wp-content\/uploads\/2025\/09\/transferir-1-5.jpg",500,375,false],"mantranews-featured-medium":["https:\/\/blogopara.com.br\/wp-content\/uploads\/2025\/09\/transferir-1-5-420x307.jpg",420,307,true],"mantranews-featured-long":["https:\/\/blogopara.com.br\/wp-content\/uploads\/2025\/09\/transferir-1-5-300x375.jpg",300,375,true],"mantranews-block-medium":["https:\/\/blogopara.com.br\/wp-content\/uploads\/2025\/09\/transferir-1-5-464x290.jpg",464,290,true],"mantranews-carousel-image":["https:\/\/blogopara.com.br\/wp-content\/uploads\/2025\/09\/transferir-1-5.jpg",500,375,false],"mantranews-block-thumb":["https:\/\/blogopara.com.br\/wp-content\/uploads\/2025\/09\/transferir-1-5-322x230.jpg",322,230,true],"mantranews-single-large":["https:\/\/blogopara.com.br\/wp-content\/uploads\/2025\/09\/transferir-1-5.jpg",500,375,false]},"uagb_author_info":{"display_name":"Reda\u00e7\u00e3o geral","author_link":"https:\/\/blogopara.com.br\/index.php\/author\/blogopara"},"uagb_comment_info":0,"uagb_excerpt":"A Secretaria de Sa\u00fade de Juazeiro\/Sesau, por meio da Aten\u00e7\u00e3o Prim\u00e1ria, concluiu nesta quinta-feira (25) uma s\u00e9rie de atividades coletivas e compartilhadas realizadas durante todo o m\u00eas em diversas Unidades B\u00e1sicas de Sa\u00fade\/UBSs do munic\u00edpio, em alus\u00e3o \u00e0 campanha Setembro Amarelo, dedicada \u00e0 preven\u00e7\u00e3o ao suic\u00eddio e \u00e0 promo\u00e7\u00e3o da sa\u00fade mental. As a\u00e7\u00f5es reuniram&hellip;","jetpack_sharing_enabled":true,"jetpack_likes_enabled":true,"_links":{"self":[{"href":"https:\/\/blogopara.com.br\/index.php\/wp-json\/wp\/v2\/posts\/79984","targetHints":{"allow":["GET"]}}],"collection":[{"href":"https:\/\/blogopara.com.br\/index.php\/wp-json\/wp\/v2\/posts"}],"about":[{"href":"https:\/\/blogopara.com.br\/index.php\/wp-json\/wp\/v2\/types\/post"}],"author":[{"embeddable":true,"href":"https:\/\/blogopara.com.br\/index.php\/wp-json\/wp\/v2\/users\/1"}],"replies":[{"embeddable":true,"href":"https:\/\/blogopara.com.br\/index.php\/wp-json\/wp\/v2\/comments?post=79984"}],"version-history":[{"count":1,"href":"https:\/\/blogopara.com.br\/index.php\/wp-json\/wp\/v2\/posts\/79984\/revisions"}],"predecessor-version":[{"id":79986,"href":"https:\/\/blogopara.com.br\/index.php\/wp-json\/wp\/v2\/posts\/79984\/revisions\/79986"}],"wp:featuredmedia":[{"embeddable":true,"href":"https:\/\/blogopara.com.br\/index.php\/wp-json\/wp\/v2\/media\/79985"}],"wp:attachment":[{"href":"https:\/\/blogopara.com.br\/index.php\/wp-json\/wp\/v2\/media?parent=79984"}],"wp:term":[{"taxonomy":"category","embeddable":true,"href":"https:\/\/blogopara.com.br\/index.php\/wp-json\/wp\/v2\/categories?post=79984"},{"taxonomy":"post_tag","embeddable":true,"href":"https:\/\/blogopara.com.br\/index.php\/wp-json\/wp\/v2\/tags?post=79984"}],"curies":[{"name":"wp","href":"https:\/\/api.w.org\/{rel}","templated":true}]}}