{"id":80003,"date":"2025-09-26T18:02:55","date_gmt":"2025-09-26T21:02:55","guid":{"rendered":"https:\/\/blogopara.com.br\/?p=80003"},"modified":"2025-09-26T18:02:55","modified_gmt":"2025-09-26T21:02:55","slug":"projeto-de-sento-se-e-destaque-na-5a-conferencia-estadual-infantojuvenil-pelo-meio-ambiente","status":"publish","type":"post","link":"https:\/\/blogopara.com.br\/index.php\/2025\/09\/26\/projeto-de-sento-se-e-destaque-na-5a-conferencia-estadual-infantojuvenil-pelo-meio-ambiente","title":{"rendered":"Projeto de Sento S\u00e9 \u00e9 destaque na 5\u00aa Confer\u00eancia Estadual Infantojuvenil pelo Meio Ambiente"},"content":{"rendered":"<p class=\"x_MsoNormal\">O munic\u00edpio de Sento S\u00e9 est\u00e1 sendo representado na 5\u00aa Confer\u00eancia Estadual Infantojuvenil pelo Meio Ambiente, realizada nesta quinta e sexta-feira, dias 25 e 26 de setembro, em Salvador. A aluna Bianca Moraes, acompanhada da professora de Ci\u00eancias Eliette da Concei\u00e7\u00e3o, da Escola N\u00facleo Vereador Lu\u00eds Ant\u00f4nio dos Reis, no distrito de Piri, apresentam o projeto \u201cHorta Escolar Sustent\u00e1vel: Cultivando Saberes\u201d, que conquistou o 1\u00ba lugar na fase regional da confer\u00eancia.<\/p>\n<p class=\"x_MsoNormal\">A prefeita Giselda Carvalho comemorou a conquista e ressaltou o papel da educa\u00e7\u00e3o ambiental no futuro das novas gera\u00e7\u00f5es.<\/p>\n<p class=\"x_MsoNormal\">\u201c\u00c9 motivo de orgulho para todos n\u00f3s de Sento-S\u00e9 ver nossos alunos e professores brilhando em um espa\u00e7o t\u00e3o importante como a Confer\u00eancia Estadual. Esse resultado mostra que investir em educa\u00e7\u00e3o \u00e9 investir em um futuro sustent\u00e1vel e mais justo para o nosso povo\u201d, destacou.<\/p>\n<p class=\"x_MsoNormal\"><b>O trabalho<\/b><\/p>\n<p class=\"x_MsoNormal\">Desenvolvido por alunos dos anos finais, prop\u00f5e a implementa\u00e7\u00e3o de uma horta escolar sustent\u00e1vel como estrat\u00e9gia pedag\u00f3gica inovadora, unindo pr\u00e1ticas ambientais ao aprendizado em sala de aula. Essa conquista refor\u00e7a o compromisso do munic\u00edpio em oferecer uma educa\u00e7\u00e3o que ultrapassa os muros da escola e forma cidad\u00e3os conscientes e engajados com a preserva\u00e7\u00e3o do meio ambiente.<\/p>\n<p class=\"x_MsoNormal\">A professora Eliete da Concei\u00e7\u00e3o relatou a experi\u00eancia como transformadora. \u201cA participa\u00e7\u00e3o na confer\u00eancia foi muito proveitosa. Tivemos palestras sobre justi\u00e7a clim\u00e1tica e social, que ampliaram nosso conhecimento. Apresentar o projeto da horta escolar sustent\u00e1vel foi de grande valia, pois n\u00e3o ficou apenas no papel, mas trouxe inspira\u00e7\u00e3o para que outras escolas tamb\u00e9m possam desenvolver iniciativas semelhantes. Estou muito feliz em ver nossos alunos engajados e conscientes do papel que t\u00eam na transforma\u00e7\u00e3o do meio ambiente\u201d, afirmou.<\/p>\n<p class=\"x_MsoNormal\">A aluna Bianca Moraes destacou a import\u00e2ncia de vivenciar a experi\u00eancia. \u201cDesde o in\u00edcio foi um imenso prazer estar aqui. Nosso projeto mostra que \u00e9 poss\u00edvel cultivar sem agrot\u00f3xicos, utilizando apenas materiais naturais que protegem o meio ambiente. Participar dessa confer\u00eancia foi uma oportunidade \u00fanica de aprendizado e conscientiza\u00e7\u00e3o, e levo comigo a certeza de que podemos fazer a diferen\u00e7a\u201d, disse.<\/p>\n<p class=\"x_MsoNormal\"><b>Etapa municipal<\/b><\/p>\n<p class=\"x_MsoNormal\">Vale destacar que, no dia 4 de julho, o munic\u00edpio realizou a 1\u00aa Confer\u00eancia Municipal Infantojuvenil pelo Meio Ambiente, onde os alunos dos anos finais apresentaram os trabalhos que foram inscritos na fase regional, etapa que garantiu a sele\u00e7\u00e3o e o destaque do projeto de Sento-S\u00e9 em n\u00edvel estadual.<\/p>\n<p class=\"x_MsoNormal\">Texto: Gardennia Garibalde &#8211; Ascom PMSSE<\/p>\n","protected":false},"excerpt":{"rendered":"<p>O munic\u00edpio de Sento S\u00e9 est\u00e1 sendo representado na 5\u00aa Confer\u00eancia Estadual Infantojuvenil pelo Meio Ambiente, realizada nesta quinta e sexta-feira, dias 25 e 26 de setembro, em Salvador. A aluna Bianca Moraes, acompanhada da professora de Ci\u00eancias Eliette da Concei\u00e7\u00e3o, da Escola N\u00facleo Vereador Lu\u00eds Ant\u00f4nio dos Reis, no distrito de Piri, apresentam o [&hellip;]<\/p>\n","protected":false},"author":1,"featured_media":80004,"comment_status":"open","ping_status":"open","sticky":false,"template":"","format":"standard","meta":{"_uag_custom_page_level_css":"","_monsterinsights_skip_tracking":false,"_monsterinsights_sitenote_active":false,"_monsterinsights_sitenote_note":"","_monsterinsights_sitenote_category":0,"jetpack_post_was_ever_published":false,"_jetpack_newsletter_access":"","_jetpack_dont_email_post_to_subs":false,"_jetpack_newsletter_tier_id":0,"_jetpack_memberships_contains_paywalled_content":false,"_jetpack_memberships_contains_paid_content":false,"footnotes":"","jetpack_publicize_message":"","jetpack_publicize_feature_enabled":true,"jetpack_social_post_already_shared":true,"jetpack_social_options":{"image_generator_settings":{"template":"highway","default_image_id":0,"font":"","enabled":false},"version":2}},"categories":[199],"tags":[],"class_list":["post-80003","post","type-post","status-publish","format-standard","has-post-thumbnail","hentry","category-bahia"],"jetpack_publicize_connections":[],"jetpack_featured_media_url":"https:\/\/blogopara.com.br\/wp-content\/uploads\/2025\/09\/thumbnail_WhatsApp-Image-2025-09-26-at-16.03.05-1.jpg","uagb_featured_image_src":{"full":["https:\/\/blogopara.com.br\/wp-content\/uploads\/2025\/09\/thumbnail_WhatsApp-Image-2025-09-26-at-16.03.05-1.jpg",501,485,false],"thumbnail":["https:\/\/blogopara.com.br\/wp-content\/uploads\/2025\/09\/thumbnail_WhatsApp-Image-2025-09-26-at-16.03.05-1-150x150.jpg",150,150,true],"medium":["https:\/\/blogopara.com.br\/wp-content\/uploads\/2025\/09\/thumbnail_WhatsApp-Image-2025-09-26-at-16.03.05-1-300x290.jpg",300,290,true],"medium_large":["https:\/\/blogopara.com.br\/wp-content\/uploads\/2025\/09\/thumbnail_WhatsApp-Image-2025-09-26-at-16.03.05-1.jpg",501,485,false],"large":["https:\/\/blogopara.com.br\/wp-content\/uploads\/2025\/09\/thumbnail_WhatsApp-Image-2025-09-26-at-16.03.05-1.jpg",501,485,false],"1536x1536":["https:\/\/blogopara.com.br\/wp-content\/uploads\/2025\/09\/thumbnail_WhatsApp-Image-2025-09-26-at-16.03.05-1.jpg",501,485,false],"2048x2048":["https:\/\/blogopara.com.br\/wp-content\/uploads\/2025\/09\/thumbnail_WhatsApp-Image-2025-09-26-at-16.03.05-1.jpg",501,485,false],"mantranews-slider-large":["https:\/\/blogopara.com.br\/wp-content\/uploads\/2025\/09\/thumbnail_WhatsApp-Image-2025-09-26-at-16.03.05-1.jpg",501,485,false],"mantranews-featured-medium":["https:\/\/blogopara.com.br\/wp-content\/uploads\/2025\/09\/thumbnail_WhatsApp-Image-2025-09-26-at-16.03.05-1-420x307.jpg",420,307,true],"mantranews-featured-long":["https:\/\/blogopara.com.br\/wp-content\/uploads\/2025\/09\/thumbnail_WhatsApp-Image-2025-09-26-at-16.03.05-1-300x443.jpg",300,443,true],"mantranews-block-medium":["https:\/\/blogopara.com.br\/wp-content\/uploads\/2025\/09\/thumbnail_WhatsApp-Image-2025-09-26-at-16.03.05-1-464x290.jpg",464,290,true],"mantranews-carousel-image":["https:\/\/blogopara.com.br\/wp-content\/uploads\/2025\/09\/thumbnail_WhatsApp-Image-2025-09-26-at-16.03.05-1.jpg",501,485,false],"mantranews-block-thumb":["https:\/\/blogopara.com.br\/wp-content\/uploads\/2025\/09\/thumbnail_WhatsApp-Image-2025-09-26-at-16.03.05-1-322x230.jpg",322,230,true],"mantranews-single-large":["https:\/\/blogopara.com.br\/wp-content\/uploads\/2025\/09\/thumbnail_WhatsApp-Image-2025-09-26-at-16.03.05-1.jpg",501,485,false]},"uagb_author_info":{"display_name":"Reda\u00e7\u00e3o geral","author_link":"https:\/\/blogopara.com.br\/index.php\/author\/blogopara"},"uagb_comment_info":0,"uagb_excerpt":"O munic\u00edpio de Sento S\u00e9 est\u00e1 sendo representado na 5\u00aa Confer\u00eancia Estadual Infantojuvenil pelo Meio Ambiente, realizada nesta quinta e sexta-feira, dias 25 e 26 de setembro, em Salvador. A aluna Bianca Moraes, acompanhada da professora de Ci\u00eancias Eliette da Concei\u00e7\u00e3o, da Escola N\u00facleo Vereador Lu\u00eds Ant\u00f4nio dos Reis, no distrito de Piri, apresentam o&hellip;","jetpack_sharing_enabled":true,"jetpack_likes_enabled":true,"_links":{"self":[{"href":"https:\/\/blogopara.com.br\/index.php\/wp-json\/wp\/v2\/posts\/80003","targetHints":{"allow":["GET"]}}],"collection":[{"href":"https:\/\/blogopara.com.br\/index.php\/wp-json\/wp\/v2\/posts"}],"about":[{"href":"https:\/\/blogopara.com.br\/index.php\/wp-json\/wp\/v2\/types\/post"}],"author":[{"embeddable":true,"href":"https:\/\/blogopara.com.br\/index.php\/wp-json\/wp\/v2\/users\/1"}],"replies":[{"embeddable":true,"href":"https:\/\/blogopara.com.br\/index.php\/wp-json\/wp\/v2\/comments?post=80003"}],"version-history":[{"count":1,"href":"https:\/\/blogopara.com.br\/index.php\/wp-json\/wp\/v2\/posts\/80003\/revisions"}],"predecessor-version":[{"id":80005,"href":"https:\/\/blogopara.com.br\/index.php\/wp-json\/wp\/v2\/posts\/80003\/revisions\/80005"}],"wp:featuredmedia":[{"embeddable":true,"href":"https:\/\/blogopara.com.br\/index.php\/wp-json\/wp\/v2\/media\/80004"}],"wp:attachment":[{"href":"https:\/\/blogopara.com.br\/index.php\/wp-json\/wp\/v2\/media?parent=80003"}],"wp:term":[{"taxonomy":"category","embeddable":true,"href":"https:\/\/blogopara.com.br\/index.php\/wp-json\/wp\/v2\/categories?post=80003"},{"taxonomy":"post_tag","embeddable":true,"href":"https:\/\/blogopara.com.br\/index.php\/wp-json\/wp\/v2\/tags?post=80003"}],"curies":[{"name":"wp","href":"https:\/\/api.w.org\/{rel}","templated":true}]}}