{"id":80054,"date":"2025-09-29T10:02:11","date_gmt":"2025-09-29T13:02:11","guid":{"rendered":"https:\/\/blogopara.com.br\/?p=80054"},"modified":"2025-09-29T10:02:11","modified_gmt":"2025-09-29T13:02:11","slug":"morre-aos-99-anos-a-atriz-e-comediante-berta-loran","status":"publish","type":"post","link":"https:\/\/blogopara.com.br\/index.php\/2025\/09\/29\/morre-aos-99-anos-a-atriz-e-comediante-berta-loran","title":{"rendered":"Morre, aos 99 anos, a atriz e comediante Berta Loran"},"content":{"rendered":"<div class=\"flex flex-col w-full font-normal text-[18px] leading-[30px] text-tw-theme-text-default\">\n<p id=\"paragrafo-ewf4juk3sg\">Berta Loran, atriz e comediante de destaque na televis\u00e3o brasileira, morreu na madrugada desta segunda-feira (29), aos 99 anos. A artista estava internada em um hospital particular em Copacabana, zona sul do Rio de Janeiro, e completaria 100 anos em mar\u00e7o de 2026.<\/p>\n<\/div>\n<div class=\"flex flex-col w-full font-normal text-[18px] leading-[30px] text-tw-theme-text-default\">\n<p id=\"paragrafo-diooudlmq9\">Nascida em Vars\u00f3via, Pol\u00f4nia, em 1926, Berta imigrou ainda crian\u00e7a para o Brasil, fugindo das persegui\u00e7\u00f5es contra judeus na Europa. No Rio de Janeiro, iniciou sua trajet\u00f3ria art\u00edstica nos palcos de teatro de revista, conquistando o p\u00fablico com irrever\u00eancia, espontaneidade e naturalidade.<\/p>\n<\/div>\n<div class=\"flex flex-col w-full font-normal text-[18px] leading-[30px] text-tw-theme-text-default\">\n<p id=\"paragrafo-8l5geh1m6l\">Na televis\u00e3o, Berta se tornou um rosto conhecido a partir da d\u00e9cada de 1960, atuando em programas como Balan\u00e7a, Mas N\u00e3o Cai, Escolinha do Professor Raimundo e Zorra Total, al\u00e9m de novelas e miniss\u00e9ries. Com seu jeito debochado e sotaque marcante, foi uma das pioneiras mulheres no humor, em um cen\u00e1rio predominantemente masculino.<\/p>\n<\/div>\n<div class=\"flex flex-col w-full font-normal text-[18px] leading-[30px] text-tw-theme-text-default\">\n<p id=\"paragrafo-a82suwaewo\">Em 2016, a atriz foi homenageada com o livro Berta Loran: 90 anos de humor, escrito pelo produtor cultural Jo\u00e3o Luiz Azevedo. Reclusa nos \u00faltimos anos, Berta evitava apari\u00e7\u00f5es p\u00fablicas e o contato com a imprensa, mas deixou um legado vasto e inesquec\u00edvel, atravessando quase oito d\u00e9cadas de carreira com a com\u00e9dia como sua marca registrada.<\/p>\n<\/div>\n","protected":false},"excerpt":{"rendered":"<p>Berta Loran, atriz e comediante de destaque na televis\u00e3o brasileira, morreu na madrugada desta segunda-feira (29), aos 99 anos. A artista estava internada em um hospital particular em Copacabana, zona sul do Rio de Janeiro, e completaria 100 anos em mar\u00e7o de 2026. Nascida em Vars\u00f3via, Pol\u00f4nia, em 1926, Berta imigrou ainda crian\u00e7a para o [&hellip;]<\/p>\n","protected":false},"author":1,"featured_media":80055,"comment_status":"open","ping_status":"open","sticky":false,"template":"","format":"standard","meta":{"_uag_custom_page_level_css":"","_monsterinsights_skip_tracking":false,"_monsterinsights_sitenote_active":false,"_monsterinsights_sitenote_note":"","_monsterinsights_sitenote_category":0,"jetpack_post_was_ever_published":false,"_jetpack_newsletter_access":"","_jetpack_dont_email_post_to_subs":false,"_jetpack_newsletter_tier_id":0,"_jetpack_memberships_contains_paywalled_content":false,"_jetpack_memberships_contains_paid_content":false,"footnotes":"","jetpack_publicize_message":"","jetpack_publicize_feature_enabled":true,"jetpack_social_post_already_shared":true,"jetpack_social_options":{"image_generator_settings":{"template":"highway","default_image_id":0,"font":"","enabled":false},"version":2}},"categories":[200],"tags":[],"class_list":["post-80054","post","type-post","status-publish","format-standard","has-post-thumbnail","hentry","category-brasil"],"jetpack_publicize_connections":[],"jetpack_featured_media_url":"https:\/\/blogopara.com.br\/wp-content\/uploads\/2025\/09\/Captura-de-tela-2025-09-29-100115.jpg","uagb_featured_image_src":{"full":["https:\/\/blogopara.com.br\/wp-content\/uploads\/2025\/09\/Captura-de-tela-2025-09-29-100115.jpg",500,352,false],"thumbnail":["https:\/\/blogopara.com.br\/wp-content\/uploads\/2025\/09\/Captura-de-tela-2025-09-29-100115-150x150.jpg",150,150,true],"medium":["https:\/\/blogopara.com.br\/wp-content\/uploads\/2025\/09\/Captura-de-tela-2025-09-29-100115-300x211.jpg",300,211,true],"medium_large":["https:\/\/blogopara.com.br\/wp-content\/uploads\/2025\/09\/Captura-de-tela-2025-09-29-100115.jpg",500,352,false],"large":["https:\/\/blogopara.com.br\/wp-content\/uploads\/2025\/09\/Captura-de-tela-2025-09-29-100115.jpg",500,352,false],"1536x1536":["https:\/\/blogopara.com.br\/wp-content\/uploads\/2025\/09\/Captura-de-tela-2025-09-29-100115.jpg",500,352,false],"2048x2048":["https:\/\/blogopara.com.br\/wp-content\/uploads\/2025\/09\/Captura-de-tela-2025-09-29-100115.jpg",500,352,false],"mantranews-slider-large":["https:\/\/blogopara.com.br\/wp-content\/uploads\/2025\/09\/Captura-de-tela-2025-09-29-100115.jpg",500,352,false],"mantranews-featured-medium":["https:\/\/blogopara.com.br\/wp-content\/uploads\/2025\/09\/Captura-de-tela-2025-09-29-100115-420x307.jpg",420,307,true],"mantranews-featured-long":["https:\/\/blogopara.com.br\/wp-content\/uploads\/2025\/09\/Captura-de-tela-2025-09-29-100115-300x352.jpg",300,352,true],"mantranews-block-medium":["https:\/\/blogopara.com.br\/wp-content\/uploads\/2025\/09\/Captura-de-tela-2025-09-29-100115-464x290.jpg",464,290,true],"mantranews-carousel-image":["https:\/\/blogopara.com.br\/wp-content\/uploads\/2025\/09\/Captura-de-tela-2025-09-29-100115.jpg",500,352,false],"mantranews-block-thumb":["https:\/\/blogopara.com.br\/wp-content\/uploads\/2025\/09\/Captura-de-tela-2025-09-29-100115-322x230.jpg",322,230,true],"mantranews-single-large":["https:\/\/blogopara.com.br\/wp-content\/uploads\/2025\/09\/Captura-de-tela-2025-09-29-100115.jpg",500,352,false]},"uagb_author_info":{"display_name":"Reda\u00e7\u00e3o geral","author_link":"https:\/\/blogopara.com.br\/index.php\/author\/blogopara"},"uagb_comment_info":0,"uagb_excerpt":"Berta Loran, atriz e comediante de destaque na televis\u00e3o brasileira, morreu na madrugada desta segunda-feira (29), aos 99 anos. A artista estava internada em um hospital particular em Copacabana, zona sul do Rio de Janeiro, e completaria 100 anos em mar\u00e7o de 2026. Nascida em Vars\u00f3via, Pol\u00f4nia, em 1926, Berta imigrou ainda crian\u00e7a para o&hellip;","jetpack_sharing_enabled":true,"jetpack_likes_enabled":true,"_links":{"self":[{"href":"https:\/\/blogopara.com.br\/index.php\/wp-json\/wp\/v2\/posts\/80054","targetHints":{"allow":["GET"]}}],"collection":[{"href":"https:\/\/blogopara.com.br\/index.php\/wp-json\/wp\/v2\/posts"}],"about":[{"href":"https:\/\/blogopara.com.br\/index.php\/wp-json\/wp\/v2\/types\/post"}],"author":[{"embeddable":true,"href":"https:\/\/blogopara.com.br\/index.php\/wp-json\/wp\/v2\/users\/1"}],"replies":[{"embeddable":true,"href":"https:\/\/blogopara.com.br\/index.php\/wp-json\/wp\/v2\/comments?post=80054"}],"version-history":[{"count":1,"href":"https:\/\/blogopara.com.br\/index.php\/wp-json\/wp\/v2\/posts\/80054\/revisions"}],"predecessor-version":[{"id":80056,"href":"https:\/\/blogopara.com.br\/index.php\/wp-json\/wp\/v2\/posts\/80054\/revisions\/80056"}],"wp:featuredmedia":[{"embeddable":true,"href":"https:\/\/blogopara.com.br\/index.php\/wp-json\/wp\/v2\/media\/80055"}],"wp:attachment":[{"href":"https:\/\/blogopara.com.br\/index.php\/wp-json\/wp\/v2\/media?parent=80054"}],"wp:term":[{"taxonomy":"category","embeddable":true,"href":"https:\/\/blogopara.com.br\/index.php\/wp-json\/wp\/v2\/categories?post=80054"},{"taxonomy":"post_tag","embeddable":true,"href":"https:\/\/blogopara.com.br\/index.php\/wp-json\/wp\/v2\/tags?post=80054"}],"curies":[{"name":"wp","href":"https:\/\/api.w.org\/{rel}","templated":true}]}}