{"id":80084,"date":"2025-09-30T10:22:31","date_gmt":"2025-09-30T13:22:31","guid":{"rendered":"https:\/\/blogopara.com.br\/?p=80084"},"modified":"2025-09-30T10:22:31","modified_gmt":"2025-09-30T13:22:31","slug":"bolsonaro-tem-crise-de-soluco-e-vomito-e-familia-avalia-nova-ida-a-hospital","status":"publish","type":"post","link":"https:\/\/blogopara.com.br\/index.php\/2025\/09\/30\/bolsonaro-tem-crise-de-soluco-e-vomito-e-familia-avalia-nova-ida-a-hospital","title":{"rendered":"Bolsonaro tem crise de solu\u00e7o e v\u00f4mito, e fam\u00edlia avalia nova ida a hospital"},"content":{"rendered":"<div class=\"flex flex-col w-full font-normal text-[18px] leading-[30px] text-tw-theme-text-default\">\n<p id=\"paragrafo-8rtnv1mz9q\">A fam\u00edlia do ex-presidente Jair Bolsonaro (PL) chamou o m\u00e9dico Cl\u00e1udio Birolini nesta segunda-feira (29) para atend\u00ea-lo em casa, no Jardim Bot\u00e2nico, em Bras\u00edlia (DF), ap\u00f3s ele apresentar uma piora na sa\u00fade no come\u00e7o da noite.<\/p>\n<\/div>\n<div class=\"flex flex-col w-full font-normal text-[18px] leading-[30px] text-tw-theme-text-default\">\n<p id=\"paragrafo-4f8wiky4d8\">Por meio das redes sociais, o vereador Carlos Bolsonaro (PL-RJ) explicou que o ex-presidente teve uma crise de solu\u00e7o, acompanhada de quatro epis\u00f3dios de v\u00f4mito, que ele mesmo descreveu como os mais fortes at\u00e9 agora.<\/p>\n<\/div>\n","protected":false},"excerpt":{"rendered":"<p>A fam\u00edlia do ex-presidente Jair Bolsonaro (PL) chamou o m\u00e9dico Cl\u00e1udio Birolini nesta segunda-feira (29) para atend\u00ea-lo em casa, no Jardim Bot\u00e2nico, em Bras\u00edlia (DF), ap\u00f3s ele apresentar uma piora na sa\u00fade no come\u00e7o da noite. Por meio das redes sociais, o vereador Carlos Bolsonaro (PL-RJ) explicou que o ex-presidente teve uma crise de solu\u00e7o, [&hellip;]<\/p>\n","protected":false},"author":1,"featured_media":66699,"comment_status":"open","ping_status":"open","sticky":false,"template":"","format":"standard","meta":{"_uag_custom_page_level_css":"","_monsterinsights_skip_tracking":false,"_monsterinsights_sitenote_active":false,"_monsterinsights_sitenote_note":"","_monsterinsights_sitenote_category":0,"jetpack_post_was_ever_published":false,"_jetpack_newsletter_access":"","_jetpack_dont_email_post_to_subs":false,"_jetpack_newsletter_tier_id":0,"_jetpack_memberships_contains_paywalled_content":false,"_jetpack_memberships_contains_paid_content":false,"footnotes":"","jetpack_publicize_message":"","jetpack_publicize_feature_enabled":true,"jetpack_social_post_already_shared":true,"jetpack_social_options":{"image_generator_settings":{"template":"highway","default_image_id":0,"font":"","enabled":false},"version":2}},"categories":[197],"tags":[],"class_list":["post-80084","post","type-post","status-publish","format-standard","has-post-thumbnail","hentry","category-politica"],"jetpack_publicize_connections":[],"jetpack_featured_media_url":"https:\/\/blogopara.com.br\/wp-content\/uploads\/2024\/07\/bolsonaro-850x491-1.jpg","uagb_featured_image_src":{"full":["https:\/\/blogopara.com.br\/wp-content\/uploads\/2024\/07\/bolsonaro-850x491-1.jpg",500,289,false],"thumbnail":["https:\/\/blogopara.com.br\/wp-content\/uploads\/2024\/07\/bolsonaro-850x491-1-150x150.jpg",150,150,true],"medium":["https:\/\/blogopara.com.br\/wp-content\/uploads\/2024\/07\/bolsonaro-850x491-1-300x173.jpg",300,173,true],"medium_large":["https:\/\/blogopara.com.br\/wp-content\/uploads\/2024\/07\/bolsonaro-850x491-1.jpg",500,289,false],"large":["https:\/\/blogopara.com.br\/wp-content\/uploads\/2024\/07\/bolsonaro-850x491-1.jpg",500,289,false],"1536x1536":["https:\/\/blogopara.com.br\/wp-content\/uploads\/2024\/07\/bolsonaro-850x491-1.jpg",500,289,false],"2048x2048":["https:\/\/blogopara.com.br\/wp-content\/uploads\/2024\/07\/bolsonaro-850x491-1.jpg",500,289,false],"mantranews-slider-large":["https:\/\/blogopara.com.br\/wp-content\/uploads\/2024\/07\/bolsonaro-850x491-1.jpg",500,289,false],"mantranews-featured-medium":["https:\/\/blogopara.com.br\/wp-content\/uploads\/2024\/07\/bolsonaro-850x491-1-420x289.jpg",420,289,true],"mantranews-featured-long":["https:\/\/blogopara.com.br\/wp-content\/uploads\/2024\/07\/bolsonaro-850x491-1-300x289.jpg",300,289,true],"mantranews-block-medium":["https:\/\/blogopara.com.br\/wp-content\/uploads\/2024\/07\/bolsonaro-850x491-1-464x289.jpg",464,289,true],"mantranews-carousel-image":["https:\/\/blogopara.com.br\/wp-content\/uploads\/2024\/07\/bolsonaro-850x491-1.jpg",500,289,false],"mantranews-block-thumb":["https:\/\/blogopara.com.br\/wp-content\/uploads\/2024\/07\/bolsonaro-850x491-1-322x230.jpg",322,230,true],"mantranews-single-large":["https:\/\/blogopara.com.br\/wp-content\/uploads\/2024\/07\/bolsonaro-850x491-1.jpg",500,289,false]},"uagb_author_info":{"display_name":"Reda\u00e7\u00e3o geral","author_link":"https:\/\/blogopara.com.br\/index.php\/author\/blogopara"},"uagb_comment_info":0,"uagb_excerpt":"A fam\u00edlia do ex-presidente Jair Bolsonaro (PL) chamou o m\u00e9dico Cl\u00e1udio Birolini nesta segunda-feira (29) para atend\u00ea-lo em casa, no Jardim Bot\u00e2nico, em Bras\u00edlia (DF), ap\u00f3s ele apresentar uma piora na sa\u00fade no come\u00e7o da noite. Por meio das redes sociais, o vereador Carlos Bolsonaro (PL-RJ) explicou que o ex-presidente teve uma crise de solu\u00e7o,&hellip;","jetpack_sharing_enabled":true,"jetpack_likes_enabled":true,"_links":{"self":[{"href":"https:\/\/blogopara.com.br\/index.php\/wp-json\/wp\/v2\/posts\/80084","targetHints":{"allow":["GET"]}}],"collection":[{"href":"https:\/\/blogopara.com.br\/index.php\/wp-json\/wp\/v2\/posts"}],"about":[{"href":"https:\/\/blogopara.com.br\/index.php\/wp-json\/wp\/v2\/types\/post"}],"author":[{"embeddable":true,"href":"https:\/\/blogopara.com.br\/index.php\/wp-json\/wp\/v2\/users\/1"}],"replies":[{"embeddable":true,"href":"https:\/\/blogopara.com.br\/index.php\/wp-json\/wp\/v2\/comments?post=80084"}],"version-history":[{"count":2,"href":"https:\/\/blogopara.com.br\/index.php\/wp-json\/wp\/v2\/posts\/80084\/revisions"}],"predecessor-version":[{"id":80086,"href":"https:\/\/blogopara.com.br\/index.php\/wp-json\/wp\/v2\/posts\/80084\/revisions\/80086"}],"wp:featuredmedia":[{"embeddable":true,"href":"https:\/\/blogopara.com.br\/index.php\/wp-json\/wp\/v2\/media\/66699"}],"wp:attachment":[{"href":"https:\/\/blogopara.com.br\/index.php\/wp-json\/wp\/v2\/media?parent=80084"}],"wp:term":[{"taxonomy":"category","embeddable":true,"href":"https:\/\/blogopara.com.br\/index.php\/wp-json\/wp\/v2\/categories?post=80084"},{"taxonomy":"post_tag","embeddable":true,"href":"https:\/\/blogopara.com.br\/index.php\/wp-json\/wp\/v2\/tags?post=80084"}],"curies":[{"name":"wp","href":"https:\/\/api.w.org\/{rel}","templated":true}]}}