{"id":80087,"date":"2025-09-30T10:23:26","date_gmt":"2025-09-30T13:23:26","guid":{"rendered":"https:\/\/blogopara.com.br\/?p=80087"},"modified":"2025-09-30T10:23:26","modified_gmt":"2025-09-30T13:23:26","slug":"cinema-em-risco-trump-anuncia-tarifa-de-100-para-filmes-estrangeiros","status":"publish","type":"post","link":"https:\/\/blogopara.com.br\/index.php\/2025\/09\/30\/cinema-em-risco-trump-anuncia-tarifa-de-100-para-filmes-estrangeiros","title":{"rendered":"Cinema em risco? Trump anuncia tarifa de 100% para filmes estrangeiros"},"content":{"rendered":"<div class=\"flex flex-col w-full font-normal text-[18px] leading-[30px] text-tw-theme-text-default\">\n<p id=\"paragrafo-lwdzzrgu52\">O mais novo alvo das\u00a0tarifas do presidente dos Estados Unidos, Donald Trump, \u00e9 o cinema. Isso mesmo, o l\u00edder do pa\u00eds anunciou, nesta segunda-feira (29), em seu perfil na\u00a0rede social Truth Social, que vai impor uma tarifa de 100% a \u201ctodo e qualquer filme que for feito fora dos Estados Unidos&#8221;.<\/p>\n<\/div>\n<div class=\"flex flex-col w-full font-normal text-[18px] leading-[30px] text-tw-theme-text-default\">\n<p id=\"paragrafo-su095dnjj3\">\u201cNosso neg\u00f3cio de cinema foi roubado dos Estados Unidos por outros pa\u00edses, assim como roubam \u2018doce de um beb\u00ea\u2019\u201d, disse.<\/p>\n<\/div>\n<div class=\"flex flex-col w-full font-normal text-[18px] leading-[30px] text-tw-theme-text-default\">\n<p id=\"paragrafo-71xzw3pg4h\">Ele ainda alfinetou o governador da Calif\u00f3rnia, o democrata Gavin Newsom, e disse que o estado foi particulamente atingido. Historicamente, o estado concentra a maior parte da produ\u00e7\u00e3o de Hollywood.<\/p>\n<\/div>\n<div class=\"flex flex-col w-full\">\n<div id=\"embed-m47s4zordc\" class=\"component--embed \"><iframe class=\"truthsocial-embed\" src=\"https:\/\/truthsocial.com\/@realDonaldTrump\/115287691323395767\/embed\" width=\"600\" scrolling=\"no\" allowfullscreen=\"allowfullscreen\" data-mce-fragment=\"1\"><\/iframe><\/div>\n<\/div>\n<div class=\"flex flex-col w-full font-normal text-[18px] leading-[30px] text-tw-theme-text-default\">\n<p id=\"paragrafo-narzwkf2u4\">Segundo Trump, a medida visa &#8220;resolver esse problema antigo e intermin\u00e1vel&#8221;.<\/p>\n<\/div>\n<div class=\"flex flex-col w-full font-normal text-[18px] leading-[30px] text-tw-theme-text-default\">\n<p id=\"paragrafo-8d2xktmhds\">Apesar do an\u00fancio, o presidente n\u00e3o informou quando e como a tarifa ser\u00e1 aplicada.<\/p>\n<\/div>\n","protected":false},"excerpt":{"rendered":"<p>O mais novo alvo das\u00a0tarifas do presidente dos Estados Unidos, Donald Trump, \u00e9 o cinema. Isso mesmo, o l\u00edder do pa\u00eds anunciou, nesta segunda-feira (29), em seu perfil na\u00a0rede social Truth Social, que vai impor uma tarifa de 100% a \u201ctodo e qualquer filme que for feito fora dos Estados Unidos&#8221;. \u201cNosso neg\u00f3cio de cinema [&hellip;]<\/p>\n","protected":false},"author":1,"featured_media":69364,"comment_status":"open","ping_status":"open","sticky":false,"template":"","format":"standard","meta":{"_uag_custom_page_level_css":"","_monsterinsights_skip_tracking":false,"_monsterinsights_sitenote_active":false,"_monsterinsights_sitenote_note":"","_monsterinsights_sitenote_category":0,"jetpack_post_was_ever_published":false,"_jetpack_newsletter_access":"","_jetpack_dont_email_post_to_subs":false,"_jetpack_newsletter_tier_id":0,"_jetpack_memberships_contains_paywalled_content":false,"_jetpack_memberships_contains_paid_content":false,"footnotes":"","jetpack_publicize_message":"","jetpack_publicize_feature_enabled":true,"jetpack_social_post_already_shared":true,"jetpack_social_options":{"image_generator_settings":{"template":"highway","default_image_id":0,"font":"","enabled":false},"version":2}},"categories":[273],"tags":[],"class_list":["post-80087","post","type-post","status-publish","format-standard","has-post-thumbnail","hentry","category-mundo"],"jetpack_publicize_connections":[],"jetpack_featured_media_url":"https:\/\/blogopara.com.br\/wp-content\/uploads\/2024\/10\/trumpp.jpg","uagb_featured_image_src":{"full":["https:\/\/blogopara.com.br\/wp-content\/uploads\/2024\/10\/trumpp.jpg",500,336,false],"thumbnail":["https:\/\/blogopara.com.br\/wp-content\/uploads\/2024\/10\/trumpp-150x150.jpg",150,150,true],"medium":["https:\/\/blogopara.com.br\/wp-content\/uploads\/2024\/10\/trumpp-300x202.jpg",300,202,true],"medium_large":["https:\/\/blogopara.com.br\/wp-content\/uploads\/2024\/10\/trumpp.jpg",500,336,false],"large":["https:\/\/blogopara.com.br\/wp-content\/uploads\/2024\/10\/trumpp.jpg",500,336,false],"1536x1536":["https:\/\/blogopara.com.br\/wp-content\/uploads\/2024\/10\/trumpp.jpg",500,336,false],"2048x2048":["https:\/\/blogopara.com.br\/wp-content\/uploads\/2024\/10\/trumpp.jpg",500,336,false],"mantranews-slider-large":["https:\/\/blogopara.com.br\/wp-content\/uploads\/2024\/10\/trumpp.jpg",500,336,false],"mantranews-featured-medium":["https:\/\/blogopara.com.br\/wp-content\/uploads\/2024\/10\/trumpp-420x307.jpg",420,307,true],"mantranews-featured-long":["https:\/\/blogopara.com.br\/wp-content\/uploads\/2024\/10\/trumpp-300x336.jpg",300,336,true],"mantranews-block-medium":["https:\/\/blogopara.com.br\/wp-content\/uploads\/2024\/10\/trumpp-464x290.jpg",464,290,true],"mantranews-carousel-image":["https:\/\/blogopara.com.br\/wp-content\/uploads\/2024\/10\/trumpp.jpg",500,336,false],"mantranews-block-thumb":["https:\/\/blogopara.com.br\/wp-content\/uploads\/2024\/10\/trumpp-322x230.jpg",322,230,true],"mantranews-single-large":["https:\/\/blogopara.com.br\/wp-content\/uploads\/2024\/10\/trumpp.jpg",500,336,false]},"uagb_author_info":{"display_name":"Reda\u00e7\u00e3o geral","author_link":"https:\/\/blogopara.com.br\/index.php\/author\/blogopara"},"uagb_comment_info":0,"uagb_excerpt":"O mais novo alvo das\u00a0tarifas do presidente dos Estados Unidos, Donald Trump, \u00e9 o cinema. Isso mesmo, o l\u00edder do pa\u00eds anunciou, nesta segunda-feira (29), em seu perfil na\u00a0rede social Truth Social, que vai impor uma tarifa de 100% a \u201ctodo e qualquer filme que for feito fora dos Estados Unidos&#8221;. \u201cNosso neg\u00f3cio de cinema&hellip;","jetpack_sharing_enabled":true,"jetpack_likes_enabled":true,"_links":{"self":[{"href":"https:\/\/blogopara.com.br\/index.php\/wp-json\/wp\/v2\/posts\/80087","targetHints":{"allow":["GET"]}}],"collection":[{"href":"https:\/\/blogopara.com.br\/index.php\/wp-json\/wp\/v2\/posts"}],"about":[{"href":"https:\/\/blogopara.com.br\/index.php\/wp-json\/wp\/v2\/types\/post"}],"author":[{"embeddable":true,"href":"https:\/\/blogopara.com.br\/index.php\/wp-json\/wp\/v2\/users\/1"}],"replies":[{"embeddable":true,"href":"https:\/\/blogopara.com.br\/index.php\/wp-json\/wp\/v2\/comments?post=80087"}],"version-history":[{"count":1,"href":"https:\/\/blogopara.com.br\/index.php\/wp-json\/wp\/v2\/posts\/80087\/revisions"}],"predecessor-version":[{"id":80088,"href":"https:\/\/blogopara.com.br\/index.php\/wp-json\/wp\/v2\/posts\/80087\/revisions\/80088"}],"wp:featuredmedia":[{"embeddable":true,"href":"https:\/\/blogopara.com.br\/index.php\/wp-json\/wp\/v2\/media\/69364"}],"wp:attachment":[{"href":"https:\/\/blogopara.com.br\/index.php\/wp-json\/wp\/v2\/media?parent=80087"}],"wp:term":[{"taxonomy":"category","embeddable":true,"href":"https:\/\/blogopara.com.br\/index.php\/wp-json\/wp\/v2\/categories?post=80087"},{"taxonomy":"post_tag","embeddable":true,"href":"https:\/\/blogopara.com.br\/index.php\/wp-json\/wp\/v2\/tags?post=80087"}],"curies":[{"name":"wp","href":"https:\/\/api.w.org\/{rel}","templated":true}]}}