{"id":80146,"date":"2025-10-01T08:47:53","date_gmt":"2025-10-01T11:47:53","guid":{"rendered":"https:\/\/blogopara.com.br\/?p=80146"},"modified":"2025-09-30T20:52:04","modified_gmt":"2025-09-30T23:52:04","slug":"sento-se-lidera-integracao-regional-no-2o-encontro-de-secretarios-do-sertao-do-sao-francisco","status":"publish","type":"post","link":"https:\/\/blogopara.com.br\/index.php\/2025\/10\/01\/sento-se-lidera-integracao-regional-no-2o-encontro-de-secretarios-do-sertao-do-sao-francisco","title":{"rendered":"Sento S\u00e9 lidera integra\u00e7\u00e3o regional no 2\u00ba Encontro de Secret\u00e1rios do Sert\u00e3o do S\u00e3o Francisco"},"content":{"rendered":"<p class=\"x_MsoNormal\">A Prefeitura de Sento S\u00e9 sediou nesta segunda-feira (29) o segundo encontro presencial de Secret\u00e1rios de Gest\u00e3o, Governo e Planejamento do Territ\u00f3rio Sert\u00e3o do S\u00e3o Francisco \u2013 BA. O evento, conduzido pelo secret\u00e1rio de Planejamento, Enos Andr\u00e9, e pelo secret\u00e1rio de Administra\u00e7\u00e3o, Adriano Almeida, contou com a presen\u00e7a da prefeita Giselda Carvalho, que acompanhada do vice-prefeito, Doval Reis, destacou a import\u00e2ncia da integra\u00e7\u00e3o entre os munic\u00edpios e agradeceu o empenho dos envolvidos.<\/p>\n<p class=\"x_MsoNormal\">\u201cEsse encontro reafirma nosso compromisso com o di\u00e1logo e a uni\u00e3o de for\u00e7as para fortalecer o desenvolvimento regional. Agrade\u00e7o a todos os que se dedicaram a esse importante momento para o Sert\u00e3o do S\u00e3o Francisco\u201d, afirmou a prefeita Giselda Carvalho.<\/p>\n<p class=\"x_MsoNormal\">O encontro teve a participa\u00e7\u00e3o do Cons\u00f3rcio Sustent\u00e1vel do Territ\u00f3rio Sert\u00e3o do S\u00e3o Francisco (CONSTESF), representado por \u00c9rika Almeida, al\u00e9m de representantes das secretarias de Gest\u00e3o e Governo dos munic\u00edpios pertencentes ao territ\u00f3rio: Pl\u00ednio Amorim (Juazeiro), Adriano Paes (Remanso) e J\u00falio C\u00e9sar (Cura\u00e7\u00e1), al\u00e9m de secret\u00e1rios municipais de Sento S\u00e9.<\/p>\n<p class=\"x_MsoNormal\">Durante as discuss\u00f5es, foram abordados os desafios relacionados ao saneamento b\u00e1sico, a constru\u00e7\u00e3o de um planejamento territorial integrado e a defini\u00e7\u00e3o de prioridades para os Planos de Governo. O processo contou com a media\u00e7\u00e3o t\u00e9cnica do consultor Neudenir de Sena Silva, que apresentou dados anal\u00edticos sobre a regi\u00e3o.<\/p>\n<p class=\"x_MsoNormal\">\u201cEsse encontro mostra a import\u00e2ncia da uni\u00e3o entre as cidades do Sert\u00e3o do S\u00e3o Francisco. Estamos enfrentando desafios comuns, como saneamento e planejamento territorial, e juntos podemos construir solu\u00e7\u00f5es. Nosso compromisso \u00e9 transformar essas discuss\u00f5es em a\u00e7\u00f5es pr\u00e1ticas para melhorar a vida da popula\u00e7\u00e3o\u201d, avaliou o secret\u00e1rio de Planejamento, Enos Andr\u00e9 Paes.<\/p>\n<p class=\"x_MsoNormal\">&#8212;<br \/>\nTexto: Gardennia Garibalde \u2013 Ascom PMSSE<\/p>\n","protected":false},"excerpt":{"rendered":"<p>A Prefeitura de Sento S\u00e9 sediou nesta segunda-feira (29) o segundo encontro presencial de Secret\u00e1rios de Gest\u00e3o, Governo e Planejamento do Territ\u00f3rio Sert\u00e3o do S\u00e3o Francisco \u2013 BA. O evento, conduzido pelo secret\u00e1rio de Planejamento, Enos Andr\u00e9, e pelo secret\u00e1rio de Administra\u00e7\u00e3o, Adriano Almeida, contou com a presen\u00e7a da prefeita Giselda Carvalho, que acompanhada do [&hellip;]<\/p>\n","protected":false},"author":1,"featured_media":80147,"comment_status":"open","ping_status":"open","sticky":false,"template":"","format":"standard","meta":{"_uag_custom_page_level_css":"","_monsterinsights_skip_tracking":false,"_monsterinsights_sitenote_active":false,"_monsterinsights_sitenote_note":"","_monsterinsights_sitenote_category":0,"jetpack_post_was_ever_published":false,"_jetpack_newsletter_access":"","_jetpack_dont_email_post_to_subs":false,"_jetpack_newsletter_tier_id":0,"_jetpack_memberships_contains_paywalled_content":false,"_jetpack_memberships_contains_paid_content":false,"footnotes":"","jetpack_publicize_message":"","jetpack_publicize_feature_enabled":true,"jetpack_social_post_already_shared":true,"jetpack_social_options":{"image_generator_settings":{"template":"highway","default_image_id":0,"font":"","enabled":false},"version":2}},"categories":[199],"tags":[11115],"class_list":["post-80146","post","type-post","status-publish","format-standard","has-post-thumbnail","hentry","category-bahia","tag-juvenilson-passos"],"jetpack_publicize_connections":[],"jetpack_featured_media_url":"https:\/\/blogopara.com.br\/wp-content\/uploads\/2025\/09\/thumbnail_WhatsApp-Image-2025-09-30-at-12.28.26.jpg","uagb_featured_image_src":{"full":["https:\/\/blogopara.com.br\/wp-content\/uploads\/2025\/09\/thumbnail_WhatsApp-Image-2025-09-30-at-12.28.26.jpg",500,454,false],"thumbnail":["https:\/\/blogopara.com.br\/wp-content\/uploads\/2025\/09\/thumbnail_WhatsApp-Image-2025-09-30-at-12.28.26-150x150.jpg",150,150,true],"medium":["https:\/\/blogopara.com.br\/wp-content\/uploads\/2025\/09\/thumbnail_WhatsApp-Image-2025-09-30-at-12.28.26-300x272.jpg",300,272,true],"medium_large":["https:\/\/blogopara.com.br\/wp-content\/uploads\/2025\/09\/thumbnail_WhatsApp-Image-2025-09-30-at-12.28.26.jpg",500,454,false],"large":["https:\/\/blogopara.com.br\/wp-content\/uploads\/2025\/09\/thumbnail_WhatsApp-Image-2025-09-30-at-12.28.26.jpg",500,454,false],"1536x1536":["https:\/\/blogopara.com.br\/wp-content\/uploads\/2025\/09\/thumbnail_WhatsApp-Image-2025-09-30-at-12.28.26.jpg",500,454,false],"2048x2048":["https:\/\/blogopara.com.br\/wp-content\/uploads\/2025\/09\/thumbnail_WhatsApp-Image-2025-09-30-at-12.28.26.jpg",500,454,false],"mantranews-slider-large":["https:\/\/blogopara.com.br\/wp-content\/uploads\/2025\/09\/thumbnail_WhatsApp-Image-2025-09-30-at-12.28.26.jpg",500,454,false],"mantranews-featured-medium":["https:\/\/blogopara.com.br\/wp-content\/uploads\/2025\/09\/thumbnail_WhatsApp-Image-2025-09-30-at-12.28.26-420x307.jpg",420,307,true],"mantranews-featured-long":["https:\/\/blogopara.com.br\/wp-content\/uploads\/2025\/09\/thumbnail_WhatsApp-Image-2025-09-30-at-12.28.26-300x443.jpg",300,443,true],"mantranews-block-medium":["https:\/\/blogopara.com.br\/wp-content\/uploads\/2025\/09\/thumbnail_WhatsApp-Image-2025-09-30-at-12.28.26-464x290.jpg",464,290,true],"mantranews-carousel-image":["https:\/\/blogopara.com.br\/wp-content\/uploads\/2025\/09\/thumbnail_WhatsApp-Image-2025-09-30-at-12.28.26.jpg",500,454,false],"mantranews-block-thumb":["https:\/\/blogopara.com.br\/wp-content\/uploads\/2025\/09\/thumbnail_WhatsApp-Image-2025-09-30-at-12.28.26-322x230.jpg",322,230,true],"mantranews-single-large":["https:\/\/blogopara.com.br\/wp-content\/uploads\/2025\/09\/thumbnail_WhatsApp-Image-2025-09-30-at-12.28.26.jpg",500,454,false]},"uagb_author_info":{"display_name":"Reda\u00e7\u00e3o geral","author_link":"https:\/\/blogopara.com.br\/index.php\/author\/blogopara"},"uagb_comment_info":0,"uagb_excerpt":"A Prefeitura de Sento S\u00e9 sediou nesta segunda-feira (29) o segundo encontro presencial de Secret\u00e1rios de Gest\u00e3o, Governo e Planejamento do Territ\u00f3rio Sert\u00e3o do S\u00e3o Francisco \u2013 BA. O evento, conduzido pelo secret\u00e1rio de Planejamento, Enos Andr\u00e9, e pelo secret\u00e1rio de Administra\u00e7\u00e3o, Adriano Almeida, contou com a presen\u00e7a da prefeita Giselda Carvalho, que acompanhada do&hellip;","jetpack_sharing_enabled":true,"jetpack_likes_enabled":true,"_links":{"self":[{"href":"https:\/\/blogopara.com.br\/index.php\/wp-json\/wp\/v2\/posts\/80146","targetHints":{"allow":["GET"]}}],"collection":[{"href":"https:\/\/blogopara.com.br\/index.php\/wp-json\/wp\/v2\/posts"}],"about":[{"href":"https:\/\/blogopara.com.br\/index.php\/wp-json\/wp\/v2\/types\/post"}],"author":[{"embeddable":true,"href":"https:\/\/blogopara.com.br\/index.php\/wp-json\/wp\/v2\/users\/1"}],"replies":[{"embeddable":true,"href":"https:\/\/blogopara.com.br\/index.php\/wp-json\/wp\/v2\/comments?post=80146"}],"version-history":[{"count":2,"href":"https:\/\/blogopara.com.br\/index.php\/wp-json\/wp\/v2\/posts\/80146\/revisions"}],"predecessor-version":[{"id":80152,"href":"https:\/\/blogopara.com.br\/index.php\/wp-json\/wp\/v2\/posts\/80146\/revisions\/80152"}],"wp:featuredmedia":[{"embeddable":true,"href":"https:\/\/blogopara.com.br\/index.php\/wp-json\/wp\/v2\/media\/80147"}],"wp:attachment":[{"href":"https:\/\/blogopara.com.br\/index.php\/wp-json\/wp\/v2\/media?parent=80146"}],"wp:term":[{"taxonomy":"category","embeddable":true,"href":"https:\/\/blogopara.com.br\/index.php\/wp-json\/wp\/v2\/categories?post=80146"},{"taxonomy":"post_tag","embeddable":true,"href":"https:\/\/blogopara.com.br\/index.php\/wp-json\/wp\/v2\/tags?post=80146"}],"curies":[{"name":"wp","href":"https:\/\/api.w.org\/{rel}","templated":true}]}}