{"id":80230,"date":"2025-10-03T17:56:36","date_gmt":"2025-10-03T20:56:36","guid":{"rendered":"https:\/\/blogopara.com.br\/?p=80230"},"modified":"2025-10-03T17:56:36","modified_gmt":"2025-10-03T20:56:36","slug":"senador-coronel-reafirma-autonomia-para-disputar-reeleicao","status":"publish","type":"post","link":"https:\/\/blogopara.com.br\/index.php\/2025\/10\/03\/senador-coronel-reafirma-autonomia-para-disputar-reeleicao","title":{"rendered":"Senador Coronel reafirma autonomia para disputar reelei\u00e7\u00e3o"},"content":{"rendered":"<p>O senador Angelo Coronel (PSD) voltou a afirmar que tem autonomia pol\u00edtica para disputar a reelei\u00e7\u00e3o em 2026, mesmo sem depender exclusivamente do apoio dos atuais aliados. Segundo ele, ap\u00f3s sete anos de mandato, construiu uma base pr\u00f3pria que o credencia a seguir no projeto.<\/p>\n<p>\u201cEm 2018 eu sa\u00ed da presid\u00eancia da Assembleia e um grupo de amigos nos apoiou. Contei muito com a ajuda de Wagner, de Rui e de Jer\u00f4nimo, que era coordenador. Mas procurei ao longo desses sete anos que estou no cargo tamb\u00e9m colocar gordura nos ossos para que a gente n\u00e3o sirva somente para ser carregado\u201d, disse o senador nesta sexta-feira (03\/10), durante homenagem da Assembleia Legislativa da Bahia (AL-BA) ao deputado federal Antonio Brito e ao ex-vereador e jurista Edvaldo Brito, aniversariante do dia.<\/p>\n<p>Coronel ressaltou que hoje tem \u201ccabedal pol\u00edtico\u201d para disputar qualquer cargo na Bahia.<\/p>\n<p>\u201cEstamos nessa pr\u00e9-campanha de senador, que \u00e9 um direito que me assiste constitucionalmente. Nosso partido est\u00e1 praticamente definido com nosso nome. Vamos lutar, seja para manter a uni\u00e3o com a base ou, quem sabe, outro caminho a tomar. S\u00f3 a partir de janeiro para a gente decidir\u201d, declarou.<\/p>\n<p>Apesar do discurso de independ\u00eancia, Coronel frisou que a palavra final sobre sua candidatura cabe ao senador Otto Alencar, presidente estadual do PSD. Ele negou ainda ter aberto di\u00e1logo pol\u00edtico com o ex-prefeito de Salvador, ACM Neto, ou com o prefeito Bruno Reis (Uni\u00e3o Brasil).<\/p>\n<p>\u201cN\u00e3o conversei pol\u00edtica com Neto nem com Bruno. Sou amigo deles h\u00e1 muito tempo, mas nunca tratamos de 2026. Tamb\u00e9m n\u00e3o sentei com o governador Jer\u00f4nimo para discutir elei\u00e7\u00e3o. Converso sempre com Wagner e Rui, por estarmos mais tempo em Bras\u00edlia. Quem vai coordenar essa campanha \u00e9 o presidente do nosso partido, Otto Alencar. Est\u00e1 entregue a ele uma procura\u00e7\u00e3o para representar os direitos autorais de Coronel\u201d, afirmou.<\/p>\n<p>O senador tamb\u00e9m comentou a fala do governador Jer\u00f4nimo Rodrigues, que disse ter sentido sua aus\u00eancia em encontro com a bancada estadual do PSD.<\/p>\n<p>\u201cFiquei feliz com a declara\u00e7\u00e3o, significa que minha presen\u00e7a seria bem-vinda. Mas acredito que, por Angelo Coronel Filho estar presente, talvez eu n\u00e3o tenha sido convidado. Se fosse, iria sem problema. Independente das posi\u00e7\u00f5es pol\u00edticas, mantenho as amizades, que s\u00e3o mais importantes do que a rela\u00e7\u00e3o pol\u00edtica\u201d, concluiu.<\/p>\n","protected":false},"excerpt":{"rendered":"<p>O senador Angelo Coronel (PSD) voltou a afirmar que tem autonomia pol\u00edtica para disputar a reelei\u00e7\u00e3o em 2026, mesmo sem depender exclusivamente do apoio dos atuais aliados. Segundo ele, ap\u00f3s sete anos de mandato, construiu uma base pr\u00f3pria que o credencia a seguir no projeto. \u201cEm 2018 eu sa\u00ed da presid\u00eancia da Assembleia e um [&hellip;]<\/p>\n","protected":false},"author":1,"featured_media":80231,"comment_status":"open","ping_status":"open","sticky":false,"template":"","format":"standard","meta":{"_uag_custom_page_level_css":"","_monsterinsights_skip_tracking":false,"_monsterinsights_sitenote_active":false,"_monsterinsights_sitenote_note":"","_monsterinsights_sitenote_category":0,"jetpack_post_was_ever_published":false,"_jetpack_newsletter_access":"","_jetpack_dont_email_post_to_subs":false,"_jetpack_newsletter_tier_id":0,"_jetpack_memberships_contains_paywalled_content":false,"_jetpack_memberships_contains_paid_content":false,"footnotes":"","jetpack_publicize_message":"","jetpack_publicize_feature_enabled":true,"jetpack_social_post_already_shared":true,"jetpack_social_options":{"image_generator_settings":{"template":"highway","default_image_id":0,"font":"","enabled":false},"version":2}},"categories":[197],"tags":[2555,11717,10236],"class_list":["post-80230","post","type-post","status-publish","format-standard","has-post-thumbnail","hentry","category-politica","tag-otto-alencar","tag-partido-dos-trabalhadores","tag-psd"],"jetpack_publicize_connections":[],"jetpack_featured_media_url":"https:\/\/blogopara.com.br\/wp-content\/uploads\/2025\/10\/Capturar-7.jpg","uagb_featured_image_src":{"full":["https:\/\/blogopara.com.br\/wp-content\/uploads\/2025\/10\/Capturar-7.jpg",450,253,false],"thumbnail":["https:\/\/blogopara.com.br\/wp-content\/uploads\/2025\/10\/Capturar-7-150x150.jpg",150,150,true],"medium":["https:\/\/blogopara.com.br\/wp-content\/uploads\/2025\/10\/Capturar-7-300x169.jpg",300,169,true],"medium_large":["https:\/\/blogopara.com.br\/wp-content\/uploads\/2025\/10\/Capturar-7.jpg",450,253,false],"large":["https:\/\/blogopara.com.br\/wp-content\/uploads\/2025\/10\/Capturar-7.jpg",450,253,false],"1536x1536":["https:\/\/blogopara.com.br\/wp-content\/uploads\/2025\/10\/Capturar-7.jpg",450,253,false],"2048x2048":["https:\/\/blogopara.com.br\/wp-content\/uploads\/2025\/10\/Capturar-7.jpg",450,253,false],"mantranews-slider-large":["https:\/\/blogopara.com.br\/wp-content\/uploads\/2025\/10\/Capturar-7.jpg",450,253,false],"mantranews-featured-medium":["https:\/\/blogopara.com.br\/wp-content\/uploads\/2025\/10\/Capturar-7-420x253.jpg",420,253,true],"mantranews-featured-long":["https:\/\/blogopara.com.br\/wp-content\/uploads\/2025\/10\/Capturar-7-300x253.jpg",300,253,true],"mantranews-block-medium":["https:\/\/blogopara.com.br\/wp-content\/uploads\/2025\/10\/Capturar-7.jpg",450,253,false],"mantranews-carousel-image":["https:\/\/blogopara.com.br\/wp-content\/uploads\/2025\/10\/Capturar-7.jpg",450,253,false],"mantranews-block-thumb":["https:\/\/blogopara.com.br\/wp-content\/uploads\/2025\/10\/Capturar-7-322x230.jpg",322,230,true],"mantranews-single-large":["https:\/\/blogopara.com.br\/wp-content\/uploads\/2025\/10\/Capturar-7.jpg",450,253,false]},"uagb_author_info":{"display_name":"Reda\u00e7\u00e3o geral","author_link":"https:\/\/blogopara.com.br\/index.php\/author\/blogopara"},"uagb_comment_info":0,"uagb_excerpt":"O senador Angelo Coronel (PSD) voltou a afirmar que tem autonomia pol\u00edtica para disputar a reelei\u00e7\u00e3o em 2026, mesmo sem depender exclusivamente do apoio dos atuais aliados. Segundo ele, ap\u00f3s sete anos de mandato, construiu uma base pr\u00f3pria que o credencia a seguir no projeto. \u201cEm 2018 eu sa\u00ed da presid\u00eancia da Assembleia e um&hellip;","jetpack_sharing_enabled":true,"jetpack_likes_enabled":true,"_links":{"self":[{"href":"https:\/\/blogopara.com.br\/index.php\/wp-json\/wp\/v2\/posts\/80230","targetHints":{"allow":["GET"]}}],"collection":[{"href":"https:\/\/blogopara.com.br\/index.php\/wp-json\/wp\/v2\/posts"}],"about":[{"href":"https:\/\/blogopara.com.br\/index.php\/wp-json\/wp\/v2\/types\/post"}],"author":[{"embeddable":true,"href":"https:\/\/blogopara.com.br\/index.php\/wp-json\/wp\/v2\/users\/1"}],"replies":[{"embeddable":true,"href":"https:\/\/blogopara.com.br\/index.php\/wp-json\/wp\/v2\/comments?post=80230"}],"version-history":[{"count":1,"href":"https:\/\/blogopara.com.br\/index.php\/wp-json\/wp\/v2\/posts\/80230\/revisions"}],"predecessor-version":[{"id":80232,"href":"https:\/\/blogopara.com.br\/index.php\/wp-json\/wp\/v2\/posts\/80230\/revisions\/80232"}],"wp:featuredmedia":[{"embeddable":true,"href":"https:\/\/blogopara.com.br\/index.php\/wp-json\/wp\/v2\/media\/80231"}],"wp:attachment":[{"href":"https:\/\/blogopara.com.br\/index.php\/wp-json\/wp\/v2\/media?parent=80230"}],"wp:term":[{"taxonomy":"category","embeddable":true,"href":"https:\/\/blogopara.com.br\/index.php\/wp-json\/wp\/v2\/categories?post=80230"},{"taxonomy":"post_tag","embeddable":true,"href":"https:\/\/blogopara.com.br\/index.php\/wp-json\/wp\/v2\/tags?post=80230"}],"curies":[{"name":"wp","href":"https:\/\/api.w.org\/{rel}","templated":true}]}}