{"id":80286,"date":"2025-10-05T10:40:43","date_gmt":"2025-10-05T13:40:43","guid":{"rendered":"https:\/\/blogopara.com.br\/?p=80286"},"modified":"2025-10-05T10:40:43","modified_gmt":"2025-10-05T13:40:43","slug":"petrolina-pe-edital-do-concurso-publico-para-a-educacao-sera-lancado-em-15-de-outubro-dia-do-professor-confirma-prefeito-simao","status":"publish","type":"post","link":"https:\/\/blogopara.com.br\/index.php\/2025\/10\/05\/petrolina-pe-edital-do-concurso-publico-para-a-educacao-sera-lancado-em-15-de-outubro-dia-do-professor-confirma-prefeito-simao","title":{"rendered":"Petrolina (PE): Edital do concurso p\u00fablico para a Educa\u00e7\u00e3o ser\u00e1 lan\u00e7ado em 15 de outubro, Dia do Professor, confirma prefeito Sim\u00e3o"},"content":{"rendered":"<p>O prefeito Sim\u00e3o Durando confirmou durante entrevista ao Programa Edenevaldo Alves, na R\u00e1dio Petrolina FM, nesta quinta (02), a data de divulga\u00e7\u00e3o do edital do concurso p\u00fablico para a Educa\u00e7\u00e3o.<\/p>\n<p>O documento ser\u00e1 lan\u00e7ado em 15 de outubro, no Dia do Professor. O certame ofertar\u00e1 1.194 vagas, sendo 944 destinadas a professores, o que corresponde a cerca de 80% das oportunidades. Al\u00e9m disso, ser\u00e3o abertas 160 vagas para secret\u00e1rios escolares, 80 para psic\u00f3logos e 10 para assistentes sociais, contemplando \u00e1reas estrat\u00e9gicas da educa\u00e7\u00e3o.<\/p>\n","protected":false},"excerpt":{"rendered":"<p>O prefeito Sim\u00e3o Durando confirmou durante entrevista ao Programa Edenevaldo Alves, na R\u00e1dio Petrolina FM, nesta quinta (02), a data de divulga\u00e7\u00e3o do edital do concurso p\u00fablico para a Educa\u00e7\u00e3o. O documento ser\u00e1 lan\u00e7ado em 15 de outubro, no Dia do Professor. O certame ofertar\u00e1 1.194 vagas, sendo 944 destinadas a professores, o que corresponde [&hellip;]<\/p>\n","protected":false},"author":1,"featured_media":80287,"comment_status":"open","ping_status":"open","sticky":false,"template":"","format":"standard","meta":{"_uag_custom_page_level_css":"","_monsterinsights_skip_tracking":false,"_monsterinsights_sitenote_active":false,"_monsterinsights_sitenote_note":"","_monsterinsights_sitenote_category":0,"jetpack_post_was_ever_published":false,"_jetpack_newsletter_access":"","_jetpack_dont_email_post_to_subs":false,"_jetpack_newsletter_tier_id":0,"_jetpack_memberships_contains_paywalled_content":false,"_jetpack_memberships_contains_paid_content":false,"footnotes":"","jetpack_publicize_message":"","jetpack_publicize_feature_enabled":true,"jetpack_social_post_already_shared":true,"jetpack_social_options":{"image_generator_settings":{"template":"highway","default_image_id":0,"font":"","enabled":false},"version":2}},"categories":[209,851],"tags":[1099,76],"class_list":["post-80286","post","type-post","status-publish","format-standard","has-post-thumbnail","hentry","category-educacao","category-petrolina","tag-estudo","tag-oportunidade"],"jetpack_publicize_connections":[],"jetpack_featured_media_url":"https:\/\/blogopara.com.br\/wp-content\/uploads\/2025\/10\/Eficiencia-em-Educacao-2-533x300-1.jpg","uagb_featured_image_src":{"full":["https:\/\/blogopara.com.br\/wp-content\/uploads\/2025\/10\/Eficiencia-em-Educacao-2-533x300-1.jpg",500,281,false],"thumbnail":["https:\/\/blogopara.com.br\/wp-content\/uploads\/2025\/10\/Eficiencia-em-Educacao-2-533x300-1-150x150.jpg",150,150,true],"medium":["https:\/\/blogopara.com.br\/wp-content\/uploads\/2025\/10\/Eficiencia-em-Educacao-2-533x300-1-300x169.jpg",300,169,true],"medium_large":["https:\/\/blogopara.com.br\/wp-content\/uploads\/2025\/10\/Eficiencia-em-Educacao-2-533x300-1.jpg",500,281,false],"large":["https:\/\/blogopara.com.br\/wp-content\/uploads\/2025\/10\/Eficiencia-em-Educacao-2-533x300-1.jpg",500,281,false],"1536x1536":["https:\/\/blogopara.com.br\/wp-content\/uploads\/2025\/10\/Eficiencia-em-Educacao-2-533x300-1.jpg",500,281,false],"2048x2048":["https:\/\/blogopara.com.br\/wp-content\/uploads\/2025\/10\/Eficiencia-em-Educacao-2-533x300-1.jpg",500,281,false],"mantranews-slider-large":["https:\/\/blogopara.com.br\/wp-content\/uploads\/2025\/10\/Eficiencia-em-Educacao-2-533x300-1.jpg",500,281,false],"mantranews-featured-medium":["https:\/\/blogopara.com.br\/wp-content\/uploads\/2025\/10\/Eficiencia-em-Educacao-2-533x300-1-420x281.jpg",420,281,true],"mantranews-featured-long":["https:\/\/blogopara.com.br\/wp-content\/uploads\/2025\/10\/Eficiencia-em-Educacao-2-533x300-1-300x281.jpg",300,281,true],"mantranews-block-medium":["https:\/\/blogopara.com.br\/wp-content\/uploads\/2025\/10\/Eficiencia-em-Educacao-2-533x300-1-464x281.jpg",464,281,true],"mantranews-carousel-image":["https:\/\/blogopara.com.br\/wp-content\/uploads\/2025\/10\/Eficiencia-em-Educacao-2-533x300-1.jpg",500,281,false],"mantranews-block-thumb":["https:\/\/blogopara.com.br\/wp-content\/uploads\/2025\/10\/Eficiencia-em-Educacao-2-533x300-1-322x230.jpg",322,230,true],"mantranews-single-large":["https:\/\/blogopara.com.br\/wp-content\/uploads\/2025\/10\/Eficiencia-em-Educacao-2-533x300-1.jpg",500,281,false]},"uagb_author_info":{"display_name":"Reda\u00e7\u00e3o geral","author_link":"https:\/\/blogopara.com.br\/index.php\/author\/blogopara"},"uagb_comment_info":0,"uagb_excerpt":"O prefeito Sim\u00e3o Durando confirmou durante entrevista ao Programa Edenevaldo Alves, na R\u00e1dio Petrolina FM, nesta quinta (02), a data de divulga\u00e7\u00e3o do edital do concurso p\u00fablico para a Educa\u00e7\u00e3o. O documento ser\u00e1 lan\u00e7ado em 15 de outubro, no Dia do Professor. O certame ofertar\u00e1 1.194 vagas, sendo 944 destinadas a professores, o que corresponde&hellip;","jetpack_sharing_enabled":true,"jetpack_likes_enabled":true,"_links":{"self":[{"href":"https:\/\/blogopara.com.br\/index.php\/wp-json\/wp\/v2\/posts\/80286","targetHints":{"allow":["GET"]}}],"collection":[{"href":"https:\/\/blogopara.com.br\/index.php\/wp-json\/wp\/v2\/posts"}],"about":[{"href":"https:\/\/blogopara.com.br\/index.php\/wp-json\/wp\/v2\/types\/post"}],"author":[{"embeddable":true,"href":"https:\/\/blogopara.com.br\/index.php\/wp-json\/wp\/v2\/users\/1"}],"replies":[{"embeddable":true,"href":"https:\/\/blogopara.com.br\/index.php\/wp-json\/wp\/v2\/comments?post=80286"}],"version-history":[{"count":2,"href":"https:\/\/blogopara.com.br\/index.php\/wp-json\/wp\/v2\/posts\/80286\/revisions"}],"predecessor-version":[{"id":80289,"href":"https:\/\/blogopara.com.br\/index.php\/wp-json\/wp\/v2\/posts\/80286\/revisions\/80289"}],"wp:featuredmedia":[{"embeddable":true,"href":"https:\/\/blogopara.com.br\/index.php\/wp-json\/wp\/v2\/media\/80287"}],"wp:attachment":[{"href":"https:\/\/blogopara.com.br\/index.php\/wp-json\/wp\/v2\/media?parent=80286"}],"wp:term":[{"taxonomy":"category","embeddable":true,"href":"https:\/\/blogopara.com.br\/index.php\/wp-json\/wp\/v2\/categories?post=80286"},{"taxonomy":"post_tag","embeddable":true,"href":"https:\/\/blogopara.com.br\/index.php\/wp-json\/wp\/v2\/tags?post=80286"}],"curies":[{"name":"wp","href":"https:\/\/api.w.org\/{rel}","templated":true}]}}