{"id":80353,"date":"2025-10-08T12:42:51","date_gmt":"2025-10-08T15:42:51","guid":{"rendered":"https:\/\/blogopara.com.br\/?p=80353"},"modified":"2025-10-08T12:42:51","modified_gmt":"2025-10-08T15:42:51","slug":"capacita-bonfim-segue-fortalecendo-o-empreendedorismo-local-com-oficina-sobre-produtividade-e-foco","status":"publish","type":"post","link":"https:\/\/blogopara.com.br\/index.php\/2025\/10\/08\/capacita-bonfim-segue-fortalecendo-o-empreendedorismo-local-com-oficina-sobre-produtividade-e-foco","title":{"rendered":"Capacita Bonfim segue fortalecendo o empreendedorismo local com oficina sobre produtividade e foco"},"content":{"rendered":"<p class=\"x_MsoNormal\">A Prefeitura de Senhor do Bonfim, por meio da Secretaria Municipal de Desenvolvimento Econ\u00f4mico e Turismo e da Secretaria de Pol\u00edticas P\u00fablicas para Mulheres, em parceria com o Sebrae, a ACIASB e a Sala do Empreendedor, realizou nesta ter\u00e7a-feira (8) mais uma edi\u00e7\u00e3o do projeto Capacita Bonfim, com a oficina \u201cProdutividade e Foco\u201d, conduzida pelo renomado palestrante Jozelito Ribeiro, considerado um dos melhores do Brasil.<\/p>\n<p class=\"x_MsoNormal\">O evento, que reuniu empreendedores, profissionais liberais e estudantes, foi um verdadeiro sucesso e refor\u00e7ou o compromisso da gest\u00e3o municipal em promover a\u00e7\u00f5es de qualifica\u00e7\u00e3o e incentivo ao empreendedorismo local.<\/p>\n<p class=\"x_MsoNormal\">\u201cEssa oficina faz parte do projeto Capacita Bonfim e integra nosso calend\u00e1rio do segundo semestre. O objetivo da gest\u00e3o municipal \u00e9 proporcionar sempre eventos como este, que fomentem a economia, capacitem nossos empreendedores e tamb\u00e9m aqueles que desejam empreender\u201d, afirmou a secret\u00e1ria de Desenvolvimento Econ\u00f4mico e Turismo, Ana Cl\u00e1udia Matos.<\/p>\n<p class=\"x_MsoNormal\">Durante a oficina, Jozelito Ribeiro abordou temas fundamentais sobre Soft Skills, habilidades comportamentais cada vez mais valorizadas no mercado de trabalho, e sua influ\u00eancia direta na produtividade. \u201cA abordagem foi sobre Soft Skills com foco em produtividade, dois temas essenciais no mundo do empreendedorismo. Vivemos em uma sociedade muito desconectada das habilidades comportamentais, e nosso objetivo \u00e9 justamente mostrar como desenvolv\u00ea-las pode melhorar a performance e os resultados\u201d, explicou.<\/p>\n<p class=\"x_MsoNormal\"><b>O Capacita Bonfim<\/b><\/p>\n<p class=\"x_MsoNormal\">Segue como uma das principais iniciativas desenvolvidas pela Prefeitura para promover o fortalecimento do empreendedorismo em Senhor do Bonfim, promovendo aprendizado, troca de experi\u00eancias e oportunidades de crescimento para quem faz a economia do munic\u00edpio acontecer.<\/p>\n<p class=\"x_MsoNormal\">\nTexto: Ascom PMSB<\/p>\n","protected":false},"excerpt":{"rendered":"<p>A Prefeitura de Senhor do Bonfim, por meio da Secretaria Municipal de Desenvolvimento Econ\u00f4mico e Turismo e da Secretaria de Pol\u00edticas P\u00fablicas para Mulheres, em parceria com o Sebrae, a ACIASB e a Sala do Empreendedor, realizou nesta ter\u00e7a-feira (8) mais uma edi\u00e7\u00e3o do projeto Capacita Bonfim, com a oficina \u201cProdutividade e Foco\u201d, conduzida pelo [&hellip;]<\/p>\n","protected":false},"author":1,"featured_media":80354,"comment_status":"open","ping_status":"open","sticky":false,"template":"","format":"standard","meta":{"_uag_custom_page_level_css":"","_monsterinsights_skip_tracking":false,"_monsterinsights_sitenote_active":false,"_monsterinsights_sitenote_note":"","_monsterinsights_sitenote_category":0,"jetpack_post_was_ever_published":false,"_jetpack_newsletter_access":"","_jetpack_dont_email_post_to_subs":false,"_jetpack_newsletter_tier_id":0,"_jetpack_memberships_contains_paywalled_content":false,"_jetpack_memberships_contains_paid_content":false,"footnotes":"","jetpack_publicize_message":"","jetpack_publicize_feature_enabled":true,"jetpack_social_post_already_shared":true,"jetpack_social_options":{"image_generator_settings":{"template":"highway","default_image_id":0,"font":"","enabled":false},"version":2}},"categories":[199],"tags":[],"class_list":["post-80353","post","type-post","status-publish","format-standard","has-post-thumbnail","hentry","category-bahia"],"jetpack_publicize_connections":[],"jetpack_featured_media_url":"https:\/\/blogopara.com.br\/wp-content\/uploads\/2025\/10\/thumbnail_54840337240_772dfab0d4_k.jpg","uagb_featured_image_src":{"full":["https:\/\/blogopara.com.br\/wp-content\/uploads\/2025\/10\/thumbnail_54840337240_772dfab0d4_k.jpg",500,281,false],"thumbnail":["https:\/\/blogopara.com.br\/wp-content\/uploads\/2025\/10\/thumbnail_54840337240_772dfab0d4_k-150x150.jpg",150,150,true],"medium":["https:\/\/blogopara.com.br\/wp-content\/uploads\/2025\/10\/thumbnail_54840337240_772dfab0d4_k-300x169.jpg",300,169,true],"medium_large":["https:\/\/blogopara.com.br\/wp-content\/uploads\/2025\/10\/thumbnail_54840337240_772dfab0d4_k.jpg",500,281,false],"large":["https:\/\/blogopara.com.br\/wp-content\/uploads\/2025\/10\/thumbnail_54840337240_772dfab0d4_k.jpg",500,281,false],"1536x1536":["https:\/\/blogopara.com.br\/wp-content\/uploads\/2025\/10\/thumbnail_54840337240_772dfab0d4_k.jpg",500,281,false],"2048x2048":["https:\/\/blogopara.com.br\/wp-content\/uploads\/2025\/10\/thumbnail_54840337240_772dfab0d4_k.jpg",500,281,false],"mantranews-slider-large":["https:\/\/blogopara.com.br\/wp-content\/uploads\/2025\/10\/thumbnail_54840337240_772dfab0d4_k.jpg",500,281,false],"mantranews-featured-medium":["https:\/\/blogopara.com.br\/wp-content\/uploads\/2025\/10\/thumbnail_54840337240_772dfab0d4_k-420x281.jpg",420,281,true],"mantranews-featured-long":["https:\/\/blogopara.com.br\/wp-content\/uploads\/2025\/10\/thumbnail_54840337240_772dfab0d4_k-300x281.jpg",300,281,true],"mantranews-block-medium":["https:\/\/blogopara.com.br\/wp-content\/uploads\/2025\/10\/thumbnail_54840337240_772dfab0d4_k-464x281.jpg",464,281,true],"mantranews-carousel-image":["https:\/\/blogopara.com.br\/wp-content\/uploads\/2025\/10\/thumbnail_54840337240_772dfab0d4_k.jpg",500,281,false],"mantranews-block-thumb":["https:\/\/blogopara.com.br\/wp-content\/uploads\/2025\/10\/thumbnail_54840337240_772dfab0d4_k-322x230.jpg",322,230,true],"mantranews-single-large":["https:\/\/blogopara.com.br\/wp-content\/uploads\/2025\/10\/thumbnail_54840337240_772dfab0d4_k.jpg",500,281,false]},"uagb_author_info":{"display_name":"Reda\u00e7\u00e3o geral","author_link":"https:\/\/blogopara.com.br\/index.php\/author\/blogopara"},"uagb_comment_info":0,"uagb_excerpt":"A Prefeitura de Senhor do Bonfim, por meio da Secretaria Municipal de Desenvolvimento Econ\u00f4mico e Turismo e da Secretaria de Pol\u00edticas P\u00fablicas para Mulheres, em parceria com o Sebrae, a ACIASB e a Sala do Empreendedor, realizou nesta ter\u00e7a-feira (8) mais uma edi\u00e7\u00e3o do projeto Capacita Bonfim, com a oficina \u201cProdutividade e Foco\u201d, conduzida pelo&hellip;","jetpack_sharing_enabled":true,"jetpack_likes_enabled":true,"_links":{"self":[{"href":"https:\/\/blogopara.com.br\/index.php\/wp-json\/wp\/v2\/posts\/80353","targetHints":{"allow":["GET"]}}],"collection":[{"href":"https:\/\/blogopara.com.br\/index.php\/wp-json\/wp\/v2\/posts"}],"about":[{"href":"https:\/\/blogopara.com.br\/index.php\/wp-json\/wp\/v2\/types\/post"}],"author":[{"embeddable":true,"href":"https:\/\/blogopara.com.br\/index.php\/wp-json\/wp\/v2\/users\/1"}],"replies":[{"embeddable":true,"href":"https:\/\/blogopara.com.br\/index.php\/wp-json\/wp\/v2\/comments?post=80353"}],"version-history":[{"count":1,"href":"https:\/\/blogopara.com.br\/index.php\/wp-json\/wp\/v2\/posts\/80353\/revisions"}],"predecessor-version":[{"id":80355,"href":"https:\/\/blogopara.com.br\/index.php\/wp-json\/wp\/v2\/posts\/80353\/revisions\/80355"}],"wp:featuredmedia":[{"embeddable":true,"href":"https:\/\/blogopara.com.br\/index.php\/wp-json\/wp\/v2\/media\/80354"}],"wp:attachment":[{"href":"https:\/\/blogopara.com.br\/index.php\/wp-json\/wp\/v2\/media?parent=80353"}],"wp:term":[{"taxonomy":"category","embeddable":true,"href":"https:\/\/blogopara.com.br\/index.php\/wp-json\/wp\/v2\/categories?post=80353"},{"taxonomy":"post_tag","embeddable":true,"href":"https:\/\/blogopara.com.br\/index.php\/wp-json\/wp\/v2\/tags?post=80353"}],"curies":[{"name":"wp","href":"https:\/\/api.w.org\/{rel}","templated":true}]}}