{"id":80393,"date":"2025-10-09T16:27:43","date_gmt":"2025-10-09T19:27:43","guid":{"rendered":"https:\/\/blogopara.com.br\/?p=80393"},"modified":"2025-10-09T16:27:43","modified_gmt":"2025-10-09T19:27:43","slug":"sesau-apresenta-balanco-das-acoes-do-segundo-quadrimestre-de-2025-em-reuniao-com-o-conselho-municipal-de-saude","status":"publish","type":"post","link":"https:\/\/blogopara.com.br\/index.php\/2025\/10\/09\/sesau-apresenta-balanco-das-acoes-do-segundo-quadrimestre-de-2025-em-reuniao-com-o-conselho-municipal-de-saude","title":{"rendered":"Sesau apresenta balan\u00e7o das a\u00e7\u00f5es do segundo quadrimestre de 2025 em reuni\u00e3o com o Conselho Municipal de Sa\u00fade"},"content":{"rendered":"<p>A Secretaria de Sa\u00fade de Juazeiro\/Sesau apresentou, na tarde desta ter\u00e7a-feira (7), o balan\u00e7o das a\u00e7\u00f5es realizadas no segundo quadrimestre de 2025. O encontro, que aconteceu no audit\u00f3rio da UniFTC, reuniu o secret\u00e1rio de Sa\u00fade, Helder Coutinho, membros do Conselho Municipal de Sa\u00fade\/CMS e demais representa\u00e7\u00f5es do setor. Durante a reuni\u00e3o, foram destacados os avan\u00e7os, investimentos, servi\u00e7os oferecidos e indicadores alcan\u00e7ados entre os meses de maio e agosto deste ano.<\/p>\n<p>O secret\u00e1rio Helder Coutinho ressaltou a import\u00e2ncia da transpar\u00eancia na gest\u00e3o e celebrou os resultados obtidos no per\u00edodo. \u201cN\u00f3s apresentamos o segundo relat\u00f3rio quadrimestral da nossa gest\u00e3o, atuando de forma transparente, trazendo toda a parte financeira e tamb\u00e9m todas as a\u00e7\u00f5es e atividades realizadas nesses dois primeiros quadrimestres do ano. Tivemos ainda um momento especial, que foi a comemora\u00e7\u00e3o dos 35 anos do Sistema \u00danico de Sa\u00fade. \u00c9 gratificante ver o avan\u00e7o do SUS no nosso munic\u00edpio, o aumento de procedimentos, exames, consultas e servi\u00e7os ofertados, garantindo mais acesso \u00e0 popula\u00e7\u00e3o. Como defensor e profissional da sa\u00fade p\u00fablica, participar desse momento \u00e9 motivo de grande satisfa\u00e7\u00e3o\u201d, destacou.<\/p>\n<p>O presidente do Conselho Municipal de Sa\u00fade, Robson Pereira, tamb\u00e9m refor\u00e7ou a import\u00e2ncia da parceria entre o Conselho e a Secretaria de Sa\u00fade. \u201cO Conselho Municipal de Sa\u00fade \u00e9 representativo da popula\u00e7\u00e3o juazeirense e atua lado a lado com a Secretaria. Temos recebido o apoio da gest\u00e3o, que tem aberto as portas para o di\u00e1logo e fortalecido as nossas a\u00e7\u00f5es. Esse momento de intera\u00e7\u00e3o entre o Conselho e a Secretaria \u00e9 muito importante e quem ganha com isso \u00e9 a pr\u00f3pria popula\u00e7\u00e3o. Quando vemos as demandas diminuindo e os servi\u00e7os sendo ampliados, percebemos que a Secretaria vem cumprindo seu papel. O Conselho est\u00e1 aqui para fiscalizar, mas tamb\u00e9m para reconhecer e aplaudir as a\u00e7\u00f5es que beneficiam Juazeiro\u201d, afirmou.<\/p>\n<p>A apresenta\u00e7\u00e3o do relat\u00f3rio quadrimestral \u00e9 uma exig\u00eancia legal que refor\u00e7a o compromisso da Sesau com a transpar\u00eancia, o controle social e a melhoria cont\u00ednua dos servi\u00e7os de sa\u00fade no munic\u00edpio.<\/p>\n<p>&nbsp;<\/p>\n<p>Texto: Camila Santana \u2013 Ascom PMJ\/Sesau<\/p>\n","protected":false},"excerpt":{"rendered":"<p>A Secretaria de Sa\u00fade de Juazeiro\/Sesau apresentou, na tarde desta ter\u00e7a-feira (7), o balan\u00e7o das a\u00e7\u00f5es realizadas no segundo quadrimestre de 2025. O encontro, que aconteceu no audit\u00f3rio da UniFTC, reuniu o secret\u00e1rio de Sa\u00fade, Helder Coutinho, membros do Conselho Municipal de Sa\u00fade\/CMS e demais representa\u00e7\u00f5es do setor. Durante a reuni\u00e3o, foram destacados os avan\u00e7os, [&hellip;]<\/p>\n","protected":false},"author":1,"featured_media":80394,"comment_status":"open","ping_status":"open","sticky":false,"template":"","format":"standard","meta":{"_uag_custom_page_level_css":"","_monsterinsights_skip_tracking":false,"_monsterinsights_sitenote_active":false,"_monsterinsights_sitenote_note":"","_monsterinsights_sitenote_category":0,"jetpack_post_was_ever_published":false,"_jetpack_newsletter_access":"","_jetpack_dont_email_post_to_subs":false,"_jetpack_newsletter_tier_id":0,"_jetpack_memberships_contains_paywalled_content":false,"_jetpack_memberships_contains_paid_content":false,"footnotes":"","jetpack_publicize_message":"","jetpack_publicize_feature_enabled":true,"jetpack_social_post_already_shared":true,"jetpack_social_options":{"image_generator_settings":{"template":"highway","default_image_id":0,"font":"","enabled":false},"version":2}},"categories":[205],"tags":[],"class_list":["post-80393","post","type-post","status-publish","format-standard","has-post-thumbnail","hentry","category-saude"],"jetpack_publicize_connections":[],"jetpack_featured_media_url":"https:\/\/blogopara.com.br\/wp-content\/uploads\/2025\/10\/transferir-1.jpg","uagb_featured_image_src":{"full":["https:\/\/blogopara.com.br\/wp-content\/uploads\/2025\/10\/transferir-1.jpg",500,316,false],"thumbnail":["https:\/\/blogopara.com.br\/wp-content\/uploads\/2025\/10\/transferir-1-150x150.jpg",150,150,true],"medium":["https:\/\/blogopara.com.br\/wp-content\/uploads\/2025\/10\/transferir-1-300x190.jpg",300,190,true],"medium_large":["https:\/\/blogopara.com.br\/wp-content\/uploads\/2025\/10\/transferir-1.jpg",500,316,false],"large":["https:\/\/blogopara.com.br\/wp-content\/uploads\/2025\/10\/transferir-1.jpg",500,316,false],"1536x1536":["https:\/\/blogopara.com.br\/wp-content\/uploads\/2025\/10\/transferir-1.jpg",500,316,false],"2048x2048":["https:\/\/blogopara.com.br\/wp-content\/uploads\/2025\/10\/transferir-1.jpg",500,316,false],"mantranews-slider-large":["https:\/\/blogopara.com.br\/wp-content\/uploads\/2025\/10\/transferir-1.jpg",500,316,false],"mantranews-featured-medium":["https:\/\/blogopara.com.br\/wp-content\/uploads\/2025\/10\/transferir-1-420x307.jpg",420,307,true],"mantranews-featured-long":["https:\/\/blogopara.com.br\/wp-content\/uploads\/2025\/10\/transferir-1-300x316.jpg",300,316,true],"mantranews-block-medium":["https:\/\/blogopara.com.br\/wp-content\/uploads\/2025\/10\/transferir-1-464x290.jpg",464,290,true],"mantranews-carousel-image":["https:\/\/blogopara.com.br\/wp-content\/uploads\/2025\/10\/transferir-1.jpg",500,316,false],"mantranews-block-thumb":["https:\/\/blogopara.com.br\/wp-content\/uploads\/2025\/10\/transferir-1-322x230.jpg",322,230,true],"mantranews-single-large":["https:\/\/blogopara.com.br\/wp-content\/uploads\/2025\/10\/transferir-1.jpg",500,316,false]},"uagb_author_info":{"display_name":"Reda\u00e7\u00e3o geral","author_link":"https:\/\/blogopara.com.br\/index.php\/author\/blogopara"},"uagb_comment_info":0,"uagb_excerpt":"A Secretaria de Sa\u00fade de Juazeiro\/Sesau apresentou, na tarde desta ter\u00e7a-feira (7), o balan\u00e7o das a\u00e7\u00f5es realizadas no segundo quadrimestre de 2025. O encontro, que aconteceu no audit\u00f3rio da UniFTC, reuniu o secret\u00e1rio de Sa\u00fade, Helder Coutinho, membros do Conselho Municipal de Sa\u00fade\/CMS e demais representa\u00e7\u00f5es do setor. Durante a reuni\u00e3o, foram destacados os avan\u00e7os,&hellip;","jetpack_sharing_enabled":true,"jetpack_likes_enabled":true,"_links":{"self":[{"href":"https:\/\/blogopara.com.br\/index.php\/wp-json\/wp\/v2\/posts\/80393","targetHints":{"allow":["GET"]}}],"collection":[{"href":"https:\/\/blogopara.com.br\/index.php\/wp-json\/wp\/v2\/posts"}],"about":[{"href":"https:\/\/blogopara.com.br\/index.php\/wp-json\/wp\/v2\/types\/post"}],"author":[{"embeddable":true,"href":"https:\/\/blogopara.com.br\/index.php\/wp-json\/wp\/v2\/users\/1"}],"replies":[{"embeddable":true,"href":"https:\/\/blogopara.com.br\/index.php\/wp-json\/wp\/v2\/comments?post=80393"}],"version-history":[{"count":1,"href":"https:\/\/blogopara.com.br\/index.php\/wp-json\/wp\/v2\/posts\/80393\/revisions"}],"predecessor-version":[{"id":80395,"href":"https:\/\/blogopara.com.br\/index.php\/wp-json\/wp\/v2\/posts\/80393\/revisions\/80395"}],"wp:featuredmedia":[{"embeddable":true,"href":"https:\/\/blogopara.com.br\/index.php\/wp-json\/wp\/v2\/media\/80394"}],"wp:attachment":[{"href":"https:\/\/blogopara.com.br\/index.php\/wp-json\/wp\/v2\/media?parent=80393"}],"wp:term":[{"taxonomy":"category","embeddable":true,"href":"https:\/\/blogopara.com.br\/index.php\/wp-json\/wp\/v2\/categories?post=80393"},{"taxonomy":"post_tag","embeddable":true,"href":"https:\/\/blogopara.com.br\/index.php\/wp-json\/wp\/v2\/tags?post=80393"}],"curies":[{"name":"wp","href":"https:\/\/api.w.org\/{rel}","templated":true}]}}