{"id":80404,"date":"2025-10-09T17:18:30","date_gmt":"2025-10-09T20:18:30","guid":{"rendered":"https:\/\/blogopara.com.br\/?p=80404"},"modified":"2025-10-09T17:18:30","modified_gmt":"2025-10-09T20:18:30","slug":"juazeiro-barracas-de-fogos-sao-interditadas-e-comerciantes-amargam-prejuizos","status":"publish","type":"post","link":"https:\/\/blogopara.com.br\/index.php\/2025\/10\/09\/juazeiro-barracas-de-fogos-sao-interditadas-e-comerciantes-amargam-prejuizos","title":{"rendered":"Juazeiro: Barracas de fogos s\u00e3o interditadas e comerciantes amargam preju\u00edzos"},"content":{"rendered":"<p>As tradicionais barracas de fogos em Juazeiro, regi\u00e3o Norte do estado, est\u00e3o com os dias contados para deixarem de existir em definitivo.<\/p>\n<p>A prefeitura de Juazeiro, atrav\u00e9s de determina\u00e7\u00e3o do Minist\u00e9rio P\u00fablico da Bahia (MPBA) interditou as barracas de fogos que estavam provisoriamente ao lado da C\u00e2mara de Vereadores de Juazeiro.<\/p>\n<p>No ano passado, na gest\u00e3o anterior, foi negociado com o propriet\u00e1rio do terreno para instalar os comerciantes at\u00e9 que se encontrasse um local definitivo para o funcionamento legal, principalmente dentro das normas de seguran\u00e7a.<\/p>\n<p>O MP afirma que as barracas fogem de alguns padr\u00f5es estabelecidos pelo Corpo de Bombeiros e tamb\u00e9m pelas normas da ABNT, incluindo a dist\u00e2ncia das barracas para a BR, al\u00e9m de citar que esse tipo de com\u00e9rcio precisa ser de alvenaria, o que n\u00e3o \u00e9 o caso.<\/p>\n<p>Segundo Raimundo Nonato, conhecido por Z\u00e9 Bomba, o comerciante mais antigo, a quest\u00e3o da localiza\u00e7\u00e3o e mudan\u00e7as de locais das barracas de fogo, \u00e9 um problema antigo vivido por eles. &#8220;J\u00e1 fomos expulsos do Lomanto J\u00fanior (bairro Lomanto J\u00fanior), perto do Vilela, do Mercado do Produtor, por duas vezes perto da Antiga Esta\u00e7\u00e3o e agora perto da C\u00e2mara de Vereadores&#8221;, lembrou Raimundo.<\/p>\n<p>Em Petrolina, a situa\u00e7\u00e3o dos comerciantes \u00e9 bastante diferente. As barracas est\u00e3o instaladas uma via movimentada, pr\u00f3ximo a pr\u00e9dio p\u00fablico, ao lado de espa\u00e7os privados. E em 2017 houve uma grave explos\u00e3o deixando um rastro de destrui\u00e7\u00e3o: casas, carros e at\u00e9 o cemit\u00e9rio.<\/p>\n<p><img loading=\"lazy\" decoding=\"async\" class=\"\" src=\"https:\/\/s2-g1.glbimg.com\/11yOGQHqYP_ey70Jnx_3lAsuW_w=\/0x0:1280x720\/984x0\/smart\/filters:strip_icc()\/i.s3.glbimg.com\/v1\/AUTH_59edd422c0c84a879bd37670ae4f538a\/internal_photos\/bs\/2017\/b\/r\/YiiFFWSgmLkgwUUS3uQQ\/explosao.jpg\" alt=\"Barraca ficou completamente destru\u00edda e via interditada \u2014 Foto: Aracelly Rom\u00e3o \/ TV Grande Rio\" width=\"268\" height=\"151\" \/><\/p>\n<p>A exig\u00eancia do MP, segundo os comerciantes, \u00e9 que as barracas sejam constru\u00eddas de alvenaria. &#8220;Como iremos construir de alvenaria se o espa\u00e7o n\u00e3o \u00e9 nosso? Aqui empregamos no per\u00edodo do S\u00e3o Jo\u00e3o mais de 60 pessoas, geramos renda e emprego para o munic\u00edpio, n\u00e3o \u00e9 justo o que est\u00e3o fazendo com a gente. Apelo para o prefeito que nos ajude, pelo amor de Deus&#8221;, desabafou um comerciante.<\/p>\n","protected":false},"excerpt":{"rendered":"<p>As tradicionais barracas de fogos em Juazeiro, regi\u00e3o Norte do estado, est\u00e3o com os dias contados para deixarem de existir em definitivo. A prefeitura de Juazeiro, atrav\u00e9s de determina\u00e7\u00e3o do Minist\u00e9rio P\u00fablico da Bahia (MPBA) interditou as barracas de fogos que estavam provisoriamente ao lado da C\u00e2mara de Vereadores de Juazeiro. No ano passado, na [&hellip;]<\/p>\n","protected":false},"author":1,"featured_media":80405,"comment_status":"open","ping_status":"open","sticky":false,"template":"","format":"standard","meta":{"_uag_custom_page_level_css":"","_monsterinsights_skip_tracking":false,"_monsterinsights_sitenote_active":false,"_monsterinsights_sitenote_note":"","_monsterinsights_sitenote_category":0,"jetpack_post_was_ever_published":false,"_jetpack_newsletter_access":"","_jetpack_dont_email_post_to_subs":false,"_jetpack_newsletter_tier_id":0,"_jetpack_memberships_contains_paywalled_content":false,"_jetpack_memberships_contains_paid_content":false,"footnotes":"","jetpack_publicize_message":"","jetpack_publicize_feature_enabled":true,"jetpack_social_post_already_shared":true,"jetpack_social_options":{"image_generator_settings":{"template":"highway","default_image_id":0,"font":"","enabled":false},"version":2}},"categories":[203],"tags":[196,1597,905,137,68,1042],"class_list":["post-80404","post","type-post","status-publish","format-standard","has-post-thumbnail","hentry","category-juazeiro","tag-cbmba","tag-mpba","tag-pmj","tag-sao-joao","tag-semaurb","tag-tradicao-popular"],"jetpack_publicize_connections":[],"jetpack_featured_media_url":"https:\/\/blogopara.com.br\/wp-content\/uploads\/2025\/10\/Instagram-post-parabens-Salvador-colorido-azul-e-amarelo-4.jpg","uagb_featured_image_src":{"full":["https:\/\/blogopara.com.br\/wp-content\/uploads\/2025\/10\/Instagram-post-parabens-Salvador-colorido-azul-e-amarelo-4.jpg",500,500,false],"thumbnail":["https:\/\/blogopara.com.br\/wp-content\/uploads\/2025\/10\/Instagram-post-parabens-Salvador-colorido-azul-e-amarelo-4-150x150.jpg",150,150,true],"medium":["https:\/\/blogopara.com.br\/wp-content\/uploads\/2025\/10\/Instagram-post-parabens-Salvador-colorido-azul-e-amarelo-4-300x300.jpg",300,300,true],"medium_large":["https:\/\/blogopara.com.br\/wp-content\/uploads\/2025\/10\/Instagram-post-parabens-Salvador-colorido-azul-e-amarelo-4.jpg",500,500,false],"large":["https:\/\/blogopara.com.br\/wp-content\/uploads\/2025\/10\/Instagram-post-parabens-Salvador-colorido-azul-e-amarelo-4.jpg",500,500,false],"1536x1536":["https:\/\/blogopara.com.br\/wp-content\/uploads\/2025\/10\/Instagram-post-parabens-Salvador-colorido-azul-e-amarelo-4.jpg",500,500,false],"2048x2048":["https:\/\/blogopara.com.br\/wp-content\/uploads\/2025\/10\/Instagram-post-parabens-Salvador-colorido-azul-e-amarelo-4.jpg",500,500,false],"mantranews-slider-large":["https:\/\/blogopara.com.br\/wp-content\/uploads\/2025\/10\/Instagram-post-parabens-Salvador-colorido-azul-e-amarelo-4.jpg",500,500,false],"mantranews-featured-medium":["https:\/\/blogopara.com.br\/wp-content\/uploads\/2025\/10\/Instagram-post-parabens-Salvador-colorido-azul-e-amarelo-4-420x307.jpg",420,307,true],"mantranews-featured-long":["https:\/\/blogopara.com.br\/wp-content\/uploads\/2025\/10\/Instagram-post-parabens-Salvador-colorido-azul-e-amarelo-4-300x443.jpg",300,443,true],"mantranews-block-medium":["https:\/\/blogopara.com.br\/wp-content\/uploads\/2025\/10\/Instagram-post-parabens-Salvador-colorido-azul-e-amarelo-4-464x290.jpg",464,290,true],"mantranews-carousel-image":["https:\/\/blogopara.com.br\/wp-content\/uploads\/2025\/10\/Instagram-post-parabens-Salvador-colorido-azul-e-amarelo-4.jpg",500,500,false],"mantranews-block-thumb":["https:\/\/blogopara.com.br\/wp-content\/uploads\/2025\/10\/Instagram-post-parabens-Salvador-colorido-azul-e-amarelo-4-322x230.jpg",322,230,true],"mantranews-single-large":["https:\/\/blogopara.com.br\/wp-content\/uploads\/2025\/10\/Instagram-post-parabens-Salvador-colorido-azul-e-amarelo-4.jpg",500,500,false]},"uagb_author_info":{"display_name":"Reda\u00e7\u00e3o geral","author_link":"https:\/\/blogopara.com.br\/index.php\/author\/blogopara"},"uagb_comment_info":0,"uagb_excerpt":"As tradicionais barracas de fogos em Juazeiro, regi\u00e3o Norte do estado, est\u00e3o com os dias contados para deixarem de existir em definitivo. A prefeitura de Juazeiro, atrav\u00e9s de determina\u00e7\u00e3o do Minist\u00e9rio P\u00fablico da Bahia (MPBA) interditou as barracas de fogos que estavam provisoriamente ao lado da C\u00e2mara de Vereadores de Juazeiro. No ano passado, na&hellip;","jetpack_sharing_enabled":true,"jetpack_likes_enabled":true,"_links":{"self":[{"href":"https:\/\/blogopara.com.br\/index.php\/wp-json\/wp\/v2\/posts\/80404","targetHints":{"allow":["GET"]}}],"collection":[{"href":"https:\/\/blogopara.com.br\/index.php\/wp-json\/wp\/v2\/posts"}],"about":[{"href":"https:\/\/blogopara.com.br\/index.php\/wp-json\/wp\/v2\/types\/post"}],"author":[{"embeddable":true,"href":"https:\/\/blogopara.com.br\/index.php\/wp-json\/wp\/v2\/users\/1"}],"replies":[{"embeddable":true,"href":"https:\/\/blogopara.com.br\/index.php\/wp-json\/wp\/v2\/comments?post=80404"}],"version-history":[{"count":1,"href":"https:\/\/blogopara.com.br\/index.php\/wp-json\/wp\/v2\/posts\/80404\/revisions"}],"predecessor-version":[{"id":80406,"href":"https:\/\/blogopara.com.br\/index.php\/wp-json\/wp\/v2\/posts\/80404\/revisions\/80406"}],"wp:featuredmedia":[{"embeddable":true,"href":"https:\/\/blogopara.com.br\/index.php\/wp-json\/wp\/v2\/media\/80405"}],"wp:attachment":[{"href":"https:\/\/blogopara.com.br\/index.php\/wp-json\/wp\/v2\/media?parent=80404"}],"wp:term":[{"taxonomy":"category","embeddable":true,"href":"https:\/\/blogopara.com.br\/index.php\/wp-json\/wp\/v2\/categories?post=80404"},{"taxonomy":"post_tag","embeddable":true,"href":"https:\/\/blogopara.com.br\/index.php\/wp-json\/wp\/v2\/tags?post=80404"}],"curies":[{"name":"wp","href":"https:\/\/api.w.org\/{rel}","templated":true}]}}