{"id":80407,"date":"2025-10-09T22:08:15","date_gmt":"2025-10-10T01:08:15","guid":{"rendered":"https:\/\/blogopara.com.br\/?p=80407"},"modified":"2025-10-09T22:08:15","modified_gmt":"2025-10-10T01:08:15","slug":"liderancas-se-unem-para-discutir-um-novo-tempo-para-juazeiro","status":"publish","type":"post","link":"https:\/\/blogopara.com.br\/index.php\/2025\/10\/09\/liderancas-se-unem-para-discutir-um-novo-tempo-para-juazeiro","title":{"rendered":"Lideran\u00e7as se unem para discutir um novo tempo para Juazeiro"},"content":{"rendered":"<p>Um novo horizonte come\u00e7a a se descortinar para Juazeiro. Na tarde desta ter\u00e7a-feira (8), vereadores, presidentes de partidos, empres\u00e1rios e pastores participaram de um almo\u00e7o que teve como pauta central o presente e o futuro do munic\u00edpio. O encontro foi marcado pelo di\u00e1logo, pela escuta e pela converg\u00eancia de ideias em torno de um prop\u00f3sito comum: construir uma nova op\u00e7\u00e3o pol\u00edtica e administrativa para Juazeiro, baseada em uni\u00e3o, planejamento e compromisso com o povo.<\/p>\n<p>Durante a reuni\u00e3o, foram debatidos temas essenciais para o desenvolvimento da cidade, como gera\u00e7\u00e3o de empregos, fortalecimento do com\u00e9rcio local, valoriza\u00e7\u00e3o dos servidores p\u00fablicos e melhoria dos servi\u00e7os b\u00e1sicos. As lideran\u00e7as destacaram que o momento exige maturidade pol\u00edtica e uma postura propositiva, voltada para resultados concretos e para o bem-estar dos juazeirenses.<\/p>\n<p>O grupo reafirmou o compromisso de ampliar o di\u00e1logo com todos os segmentos da sociedade, ouvindo a popula\u00e7\u00e3o e apresentando solu\u00e7\u00f5es reais para os desafios cotidianos. \u201cSer a voz de quem n\u00e3o tem voz\u201d foi a frase que sintetizou o esp\u00edrito do encontro, simbolizando a disposi\u00e7\u00e3o das lideran\u00e7as em representar com responsabilidade os anseios de uma cidade que busca renova\u00e7\u00e3o.<\/p>\n<p>O movimento segue se articulando e vai promover novos encontros, abrindo espa\u00e7o para a participa\u00e7\u00e3o de diferentes setores sociais e consolidando a constru\u00e7\u00e3o de um novo tempo para Juazeiro \u2014 um tempo de esperan\u00e7a, trabalho e avan\u00e7os compartilhados.<\/p>\n","protected":false},"excerpt":{"rendered":"<p>Um novo horizonte come\u00e7a a se descortinar para Juazeiro. Na tarde desta ter\u00e7a-feira (8), vereadores, presidentes de partidos, empres\u00e1rios e pastores participaram de um almo\u00e7o que teve como pauta central o presente e o futuro do munic\u00edpio. O encontro foi marcado pelo di\u00e1logo, pela escuta e pela converg\u00eancia de ideias em torno de um prop\u00f3sito [&hellip;]<\/p>\n","protected":false},"author":1,"featured_media":80408,"comment_status":"open","ping_status":"open","sticky":false,"template":"","format":"standard","meta":{"_uag_custom_page_level_css":"","_monsterinsights_skip_tracking":false,"_monsterinsights_sitenote_active":false,"_monsterinsights_sitenote_note":"","_monsterinsights_sitenote_category":0,"jetpack_post_was_ever_published":false,"_jetpack_newsletter_access":"","_jetpack_dont_email_post_to_subs":false,"_jetpack_newsletter_tier_id":0,"_jetpack_memberships_contains_paywalled_content":false,"_jetpack_memberships_contains_paid_content":false,"footnotes":"","jetpack_publicize_message":"","jetpack_publicize_feature_enabled":true,"jetpack_social_post_already_shared":true,"jetpack_social_options":{"image_generator_settings":{"template":"highway","default_image_id":0,"font":"","enabled":false},"version":2}},"categories":[203],"tags":[],"class_list":["post-80407","post","type-post","status-publish","format-standard","has-post-thumbnail","hentry","category-juazeiro"],"jetpack_publicize_connections":[],"jetpack_featured_media_url":"https:\/\/blogopara.com.br\/wp-content\/uploads\/2025\/10\/Sem-titulo-1.png","uagb_featured_image_src":{"full":["https:\/\/blogopara.com.br\/wp-content\/uploads\/2025\/10\/Sem-titulo-1.png",496,422,false],"thumbnail":["https:\/\/blogopara.com.br\/wp-content\/uploads\/2025\/10\/Sem-titulo-1-150x150.png",150,150,true],"medium":["https:\/\/blogopara.com.br\/wp-content\/uploads\/2025\/10\/Sem-titulo-1-300x255.png",300,255,true],"medium_large":["https:\/\/blogopara.com.br\/wp-content\/uploads\/2025\/10\/Sem-titulo-1.png",496,422,false],"large":["https:\/\/blogopara.com.br\/wp-content\/uploads\/2025\/10\/Sem-titulo-1.png",496,422,false],"1536x1536":["https:\/\/blogopara.com.br\/wp-content\/uploads\/2025\/10\/Sem-titulo-1.png",496,422,false],"2048x2048":["https:\/\/blogopara.com.br\/wp-content\/uploads\/2025\/10\/Sem-titulo-1.png",496,422,false],"mantranews-slider-large":["https:\/\/blogopara.com.br\/wp-content\/uploads\/2025\/10\/Sem-titulo-1.png",496,422,false],"mantranews-featured-medium":["https:\/\/blogopara.com.br\/wp-content\/uploads\/2025\/10\/Sem-titulo-1-420x307.png",420,307,true],"mantranews-featured-long":["https:\/\/blogopara.com.br\/wp-content\/uploads\/2025\/10\/Sem-titulo-1-300x422.png",300,422,true],"mantranews-block-medium":["https:\/\/blogopara.com.br\/wp-content\/uploads\/2025\/10\/Sem-titulo-1-464x290.png",464,290,true],"mantranews-carousel-image":["https:\/\/blogopara.com.br\/wp-content\/uploads\/2025\/10\/Sem-titulo-1.png",496,422,false],"mantranews-block-thumb":["https:\/\/blogopara.com.br\/wp-content\/uploads\/2025\/10\/Sem-titulo-1-322x230.png",322,230,true],"mantranews-single-large":["https:\/\/blogopara.com.br\/wp-content\/uploads\/2025\/10\/Sem-titulo-1.png",496,422,false]},"uagb_author_info":{"display_name":"Reda\u00e7\u00e3o geral","author_link":"https:\/\/blogopara.com.br\/index.php\/author\/blogopara"},"uagb_comment_info":0,"uagb_excerpt":"Um novo horizonte come\u00e7a a se descortinar para Juazeiro. Na tarde desta ter\u00e7a-feira (8), vereadores, presidentes de partidos, empres\u00e1rios e pastores participaram de um almo\u00e7o que teve como pauta central o presente e o futuro do munic\u00edpio. O encontro foi marcado pelo di\u00e1logo, pela escuta e pela converg\u00eancia de ideias em torno de um prop\u00f3sito&hellip;","jetpack_sharing_enabled":true,"jetpack_likes_enabled":true,"_links":{"self":[{"href":"https:\/\/blogopara.com.br\/index.php\/wp-json\/wp\/v2\/posts\/80407","targetHints":{"allow":["GET"]}}],"collection":[{"href":"https:\/\/blogopara.com.br\/index.php\/wp-json\/wp\/v2\/posts"}],"about":[{"href":"https:\/\/blogopara.com.br\/index.php\/wp-json\/wp\/v2\/types\/post"}],"author":[{"embeddable":true,"href":"https:\/\/blogopara.com.br\/index.php\/wp-json\/wp\/v2\/users\/1"}],"replies":[{"embeddable":true,"href":"https:\/\/blogopara.com.br\/index.php\/wp-json\/wp\/v2\/comments?post=80407"}],"version-history":[{"count":1,"href":"https:\/\/blogopara.com.br\/index.php\/wp-json\/wp\/v2\/posts\/80407\/revisions"}],"predecessor-version":[{"id":80409,"href":"https:\/\/blogopara.com.br\/index.php\/wp-json\/wp\/v2\/posts\/80407\/revisions\/80409"}],"wp:featuredmedia":[{"embeddable":true,"href":"https:\/\/blogopara.com.br\/index.php\/wp-json\/wp\/v2\/media\/80408"}],"wp:attachment":[{"href":"https:\/\/blogopara.com.br\/index.php\/wp-json\/wp\/v2\/media?parent=80407"}],"wp:term":[{"taxonomy":"category","embeddable":true,"href":"https:\/\/blogopara.com.br\/index.php\/wp-json\/wp\/v2\/categories?post=80407"},{"taxonomy":"post_tag","embeddable":true,"href":"https:\/\/blogopara.com.br\/index.php\/wp-json\/wp\/v2\/tags?post=80407"}],"curies":[{"name":"wp","href":"https:\/\/api.w.org\/{rel}","templated":true}]}}