{"id":80410,"date":"2025-10-09T22:12:03","date_gmt":"2025-10-10T01:12:03","guid":{"rendered":"https:\/\/blogopara.com.br\/?p=80410"},"modified":"2025-10-09T22:12:03","modified_gmt":"2025-10-10T01:12:03","slug":"aciaj-lanca-programa-voltado-a-capacitacao-de-produtores-rurais-de-juazeiro","status":"publish","type":"post","link":"https:\/\/blogopara.com.br\/index.php\/2025\/10\/09\/aciaj-lanca-programa-voltado-a-capacitacao-de-produtores-rurais-de-juazeiro","title":{"rendered":"Aciaj lan\u00e7a programa voltado \u00e0 capacita\u00e7\u00e3o de produtores rurais de Juazeiro"},"content":{"rendered":"<p>Se o Programa Aciaj Desenvolvendo Empresas j\u00e1 era bom, agora ficou ainda melhor e mais inclusivo. A Associa\u00e7\u00e3o Comercial, Industrial e Agr\u00edcola de Juazeiro (Aciaj) lan\u00e7a o Programa Aciaj Desenvolvendo Produtores, voltado especialmente para capacitar agricultores da zona rural do munic\u00edpio.<\/p>\n<p>As capacita\u00e7\u00f5es acontecer\u00e3o entre os dias 13 e 17 de outubro, sempre das 18h \u00e0s 22h, com uma programa\u00e7\u00e3o diversificada:<br \/>\n\u2022 Finan\u00e7as \u2013 dias 13, 16 e 17, com Fabr\u00edcio Lima<br \/>\n\u2022 Metodologia Canvas \u2013 dia 14, com Rodrigo Areia<br \/>\n\u2022 Estudo de Mercado \u2013 dia 15, com Dora Costa<\/p>\n<p>Os produtores ter\u00e3o a oportunidade de aprender como organizar e fortalecer seus neg\u00f3cios no campo, aprimorando a gest\u00e3o e ampliando as possibilidades de crescimento e sustentabilidade.<\/p>\n<p>O presidente da Aciaj, George Falc\u00e3o, destaca a import\u00e2ncia da iniciativa:<\/p>\n<p>\u201cEntendemos a import\u00e2ncia de auxiliar os produtores rurais para que possam alavancar seus neg\u00f3cios e compreender melhor o conceito de aprimoramento. \u00c9 uma grande oportunidade de estender conhecimento e desenvolvimento \u00e0 zona rural de Juazeiro\u201d, ressalta.<\/p>\n<p>O Programa Aciaj Desenvolvendo Produtores \u00e9 uma a\u00e7\u00e3o da Aciaj Juazeiro, com apoio do Governo da Bahia e execu\u00e7\u00e3o do Sebrae Bahia, que desde o ano passado vem transformando o empreendedorismo local com capacita\u00e7\u00f5es direcionadas e metodologias pr\u00e1ticas.<\/p>\n<p>As inscri\u00e7\u00f5es j\u00e1 est\u00e3o abertas e podem ser feitas pela p\u00e1gina do Instagram @aciajjuazeiro.<\/p>\n<p>M\u00f4nia Ramos \u2013 Jornalista<br \/>\nAscom \u2013 Aciaj Juazeiro<\/p>\n","protected":false},"excerpt":{"rendered":"<p>Se o Programa Aciaj Desenvolvendo Empresas j\u00e1 era bom, agora ficou ainda melhor e mais inclusivo. A Associa\u00e7\u00e3o Comercial, Industrial e Agr\u00edcola de Juazeiro (Aciaj) lan\u00e7a o Programa Aciaj Desenvolvendo Produtores, voltado especialmente para capacitar agricultores da zona rural do munic\u00edpio. As capacita\u00e7\u00f5es acontecer\u00e3o entre os dias 13 e 17 de outubro, sempre das 18h [&hellip;]<\/p>\n","protected":false},"author":1,"featured_media":80411,"comment_status":"open","ping_status":"open","sticky":false,"template":"","format":"standard","meta":{"_uag_custom_page_level_css":"","_monsterinsights_skip_tracking":false,"_monsterinsights_sitenote_active":false,"_monsterinsights_sitenote_note":"","_monsterinsights_sitenote_category":0,"jetpack_post_was_ever_published":false,"_jetpack_newsletter_access":"","_jetpack_dont_email_post_to_subs":false,"_jetpack_newsletter_tier_id":0,"_jetpack_memberships_contains_paywalled_content":false,"_jetpack_memberships_contains_paid_content":false,"footnotes":"","jetpack_publicize_message":"","jetpack_publicize_feature_enabled":true,"jetpack_social_post_already_shared":true,"jetpack_social_options":{"image_generator_settings":{"template":"highway","default_image_id":0,"font":"","enabled":false},"version":2}},"categories":[203],"tags":[],"class_list":["post-80410","post","type-post","status-publish","format-standard","has-post-thumbnail","hentry","category-juazeiro"],"jetpack_publicize_connections":[],"jetpack_featured_media_url":"https:\/\/blogopara.com.br\/wp-content\/uploads\/2025\/10\/39908e18-eec6-4f0c-beab-0db0708aaa22.jpg","uagb_featured_image_src":{"full":["https:\/\/blogopara.com.br\/wp-content\/uploads\/2025\/10\/39908e18-eec6-4f0c-beab-0db0708aaa22.jpg",500,441,false],"thumbnail":["https:\/\/blogopara.com.br\/wp-content\/uploads\/2025\/10\/39908e18-eec6-4f0c-beab-0db0708aaa22-150x150.jpg",150,150,true],"medium":["https:\/\/blogopara.com.br\/wp-content\/uploads\/2025\/10\/39908e18-eec6-4f0c-beab-0db0708aaa22-300x265.jpg",300,265,true],"medium_large":["https:\/\/blogopara.com.br\/wp-content\/uploads\/2025\/10\/39908e18-eec6-4f0c-beab-0db0708aaa22.jpg",500,441,false],"large":["https:\/\/blogopara.com.br\/wp-content\/uploads\/2025\/10\/39908e18-eec6-4f0c-beab-0db0708aaa22.jpg",500,441,false],"1536x1536":["https:\/\/blogopara.com.br\/wp-content\/uploads\/2025\/10\/39908e18-eec6-4f0c-beab-0db0708aaa22.jpg",500,441,false],"2048x2048":["https:\/\/blogopara.com.br\/wp-content\/uploads\/2025\/10\/39908e18-eec6-4f0c-beab-0db0708aaa22.jpg",500,441,false],"mantranews-slider-large":["https:\/\/blogopara.com.br\/wp-content\/uploads\/2025\/10\/39908e18-eec6-4f0c-beab-0db0708aaa22.jpg",500,441,false],"mantranews-featured-medium":["https:\/\/blogopara.com.br\/wp-content\/uploads\/2025\/10\/39908e18-eec6-4f0c-beab-0db0708aaa22-420x307.jpg",420,307,true],"mantranews-featured-long":["https:\/\/blogopara.com.br\/wp-content\/uploads\/2025\/10\/39908e18-eec6-4f0c-beab-0db0708aaa22-300x441.jpg",300,441,true],"mantranews-block-medium":["https:\/\/blogopara.com.br\/wp-content\/uploads\/2025\/10\/39908e18-eec6-4f0c-beab-0db0708aaa22-464x290.jpg",464,290,true],"mantranews-carousel-image":["https:\/\/blogopara.com.br\/wp-content\/uploads\/2025\/10\/39908e18-eec6-4f0c-beab-0db0708aaa22.jpg",500,441,false],"mantranews-block-thumb":["https:\/\/blogopara.com.br\/wp-content\/uploads\/2025\/10\/39908e18-eec6-4f0c-beab-0db0708aaa22-322x230.jpg",322,230,true],"mantranews-single-large":["https:\/\/blogopara.com.br\/wp-content\/uploads\/2025\/10\/39908e18-eec6-4f0c-beab-0db0708aaa22.jpg",500,441,false]},"uagb_author_info":{"display_name":"Reda\u00e7\u00e3o geral","author_link":"https:\/\/blogopara.com.br\/index.php\/author\/blogopara"},"uagb_comment_info":0,"uagb_excerpt":"Se o Programa Aciaj Desenvolvendo Empresas j\u00e1 era bom, agora ficou ainda melhor e mais inclusivo. A Associa\u00e7\u00e3o Comercial, Industrial e Agr\u00edcola de Juazeiro (Aciaj) lan\u00e7a o Programa Aciaj Desenvolvendo Produtores, voltado especialmente para capacitar agricultores da zona rural do munic\u00edpio. As capacita\u00e7\u00f5es acontecer\u00e3o entre os dias 13 e 17 de outubro, sempre das 18h&hellip;","jetpack_sharing_enabled":true,"jetpack_likes_enabled":true,"_links":{"self":[{"href":"https:\/\/blogopara.com.br\/index.php\/wp-json\/wp\/v2\/posts\/80410","targetHints":{"allow":["GET"]}}],"collection":[{"href":"https:\/\/blogopara.com.br\/index.php\/wp-json\/wp\/v2\/posts"}],"about":[{"href":"https:\/\/blogopara.com.br\/index.php\/wp-json\/wp\/v2\/types\/post"}],"author":[{"embeddable":true,"href":"https:\/\/blogopara.com.br\/index.php\/wp-json\/wp\/v2\/users\/1"}],"replies":[{"embeddable":true,"href":"https:\/\/blogopara.com.br\/index.php\/wp-json\/wp\/v2\/comments?post=80410"}],"version-history":[{"count":1,"href":"https:\/\/blogopara.com.br\/index.php\/wp-json\/wp\/v2\/posts\/80410\/revisions"}],"predecessor-version":[{"id":80412,"href":"https:\/\/blogopara.com.br\/index.php\/wp-json\/wp\/v2\/posts\/80410\/revisions\/80412"}],"wp:featuredmedia":[{"embeddable":true,"href":"https:\/\/blogopara.com.br\/index.php\/wp-json\/wp\/v2\/media\/80411"}],"wp:attachment":[{"href":"https:\/\/blogopara.com.br\/index.php\/wp-json\/wp\/v2\/media?parent=80410"}],"wp:term":[{"taxonomy":"category","embeddable":true,"href":"https:\/\/blogopara.com.br\/index.php\/wp-json\/wp\/v2\/categories?post=80410"},{"taxonomy":"post_tag","embeddable":true,"href":"https:\/\/blogopara.com.br\/index.php\/wp-json\/wp\/v2\/tags?post=80410"}],"curies":[{"name":"wp","href":"https:\/\/api.w.org\/{rel}","templated":true}]}}