{"id":80423,"date":"2025-10-09T23:22:43","date_gmt":"2025-10-10T02:22:43","guid":{"rendered":"https:\/\/blogopara.com.br\/?p=80423"},"modified":"2025-10-09T23:24:00","modified_gmt":"2025-10-10T02:24:00","slug":"juazeiro-quinta-sangrenta-com-dois-mortos-no-bairro-da-codevasf","status":"publish","type":"post","link":"https:\/\/blogopara.com.br\/index.php\/2025\/10\/09\/juazeiro-quinta-sangrenta-com-dois-mortos-no-bairro-da-codevasf","title":{"rendered":"Juazeiro: Quinta sangrenta com dois mortos no bairro da Codevasf"},"content":{"rendered":"<p>No inicio da noite desta quinta-feira (09), um homem identificado como Daniel foi baleado na avenida principal da CODEVASF, nas proximidades da Pra\u00e7a, em Juazeiro (BA).<\/p>\n<p>De acordo com informa\u00e7\u00f5es iniciais, populares ouviram diversos disparos de arma de fogo e acionaram o SAMU, que esteve no local, mas apenas constatou o \u00f3bito da v\u00edtima.<\/p>\n<p>Cerca de uma hora depois do homic\u00eddio na pra\u00e7a da Codevasf, um indiv\u00edduo de prenome Felipe, tombou no confronto com a RONDESP. Segundo informa\u00e7\u00f5es, ele era suspeito de ter praticado o homic\u00eddio no mesmo bairro.<\/p>\n<p>O Departamento de Pol\u00edcia T\u00e9cnica (DPT) foi acionado para realizar a per\u00edcia e remo\u00e7\u00e3o do corpo.<\/p>\n<p>Fonte de informa\u00e7\u00f5es: \u00c1guias do Vale<\/p>\n","protected":false},"excerpt":{"rendered":"<p>No inicio da noite desta quinta-feira (09), um homem identificado como Daniel foi baleado na avenida principal da CODEVASF, nas proximidades da Pra\u00e7a, em Juazeiro (BA). De acordo com informa\u00e7\u00f5es iniciais, populares ouviram diversos disparos de arma de fogo e acionaram o SAMU, que esteve no local, mas apenas constatou o \u00f3bito da v\u00edtima. Cerca [&hellip;]<\/p>\n","protected":false},"author":1,"featured_media":80424,"comment_status":"open","ping_status":"open","sticky":false,"template":"","format":"standard","meta":{"_uag_custom_page_level_css":"","_monsterinsights_skip_tracking":false,"_monsterinsights_sitenote_active":false,"_monsterinsights_sitenote_note":"","_monsterinsights_sitenote_category":0,"jetpack_post_was_ever_published":false,"_jetpack_newsletter_access":"","_jetpack_dont_email_post_to_subs":false,"_jetpack_newsletter_tier_id":0,"_jetpack_memberships_contains_paywalled_content":false,"_jetpack_memberships_contains_paid_content":false,"footnotes":"","jetpack_publicize_message":"","jetpack_publicize_feature_enabled":true,"jetpack_social_post_already_shared":true,"jetpack_social_options":{"image_generator_settings":{"template":"highway","default_image_id":0,"font":"","enabled":false},"version":2}},"categories":[203],"tags":[950,182],"class_list":["post-80423","post","type-post","status-publish","format-standard","has-post-thumbnail","hentry","category-juazeiro","tag-cprn-norte","tag-pmba"],"jetpack_publicize_connections":[],"jetpack_featured_media_url":"https:\/\/blogopara.com.br\/wp-content\/uploads\/2025\/10\/Instagram-post-parabens-Salvador-colorido-azul-e-amarelo-6.jpg","uagb_featured_image_src":{"full":["https:\/\/blogopara.com.br\/wp-content\/uploads\/2025\/10\/Instagram-post-parabens-Salvador-colorido-azul-e-amarelo-6.jpg",500,500,false],"thumbnail":["https:\/\/blogopara.com.br\/wp-content\/uploads\/2025\/10\/Instagram-post-parabens-Salvador-colorido-azul-e-amarelo-6-150x150.jpg",150,150,true],"medium":["https:\/\/blogopara.com.br\/wp-content\/uploads\/2025\/10\/Instagram-post-parabens-Salvador-colorido-azul-e-amarelo-6-300x300.jpg",300,300,true],"medium_large":["https:\/\/blogopara.com.br\/wp-content\/uploads\/2025\/10\/Instagram-post-parabens-Salvador-colorido-azul-e-amarelo-6.jpg",500,500,false],"large":["https:\/\/blogopara.com.br\/wp-content\/uploads\/2025\/10\/Instagram-post-parabens-Salvador-colorido-azul-e-amarelo-6.jpg",500,500,false],"1536x1536":["https:\/\/blogopara.com.br\/wp-content\/uploads\/2025\/10\/Instagram-post-parabens-Salvador-colorido-azul-e-amarelo-6.jpg",500,500,false],"2048x2048":["https:\/\/blogopara.com.br\/wp-content\/uploads\/2025\/10\/Instagram-post-parabens-Salvador-colorido-azul-e-amarelo-6.jpg",500,500,false],"mantranews-slider-large":["https:\/\/blogopara.com.br\/wp-content\/uploads\/2025\/10\/Instagram-post-parabens-Salvador-colorido-azul-e-amarelo-6.jpg",500,500,false],"mantranews-featured-medium":["https:\/\/blogopara.com.br\/wp-content\/uploads\/2025\/10\/Instagram-post-parabens-Salvador-colorido-azul-e-amarelo-6-420x307.jpg",420,307,true],"mantranews-featured-long":["https:\/\/blogopara.com.br\/wp-content\/uploads\/2025\/10\/Instagram-post-parabens-Salvador-colorido-azul-e-amarelo-6-300x443.jpg",300,443,true],"mantranews-block-medium":["https:\/\/blogopara.com.br\/wp-content\/uploads\/2025\/10\/Instagram-post-parabens-Salvador-colorido-azul-e-amarelo-6-464x290.jpg",464,290,true],"mantranews-carousel-image":["https:\/\/blogopara.com.br\/wp-content\/uploads\/2025\/10\/Instagram-post-parabens-Salvador-colorido-azul-e-amarelo-6.jpg",500,500,false],"mantranews-block-thumb":["https:\/\/blogopara.com.br\/wp-content\/uploads\/2025\/10\/Instagram-post-parabens-Salvador-colorido-azul-e-amarelo-6-322x230.jpg",322,230,true],"mantranews-single-large":["https:\/\/blogopara.com.br\/wp-content\/uploads\/2025\/10\/Instagram-post-parabens-Salvador-colorido-azul-e-amarelo-6.jpg",500,500,false]},"uagb_author_info":{"display_name":"Reda\u00e7\u00e3o geral","author_link":"https:\/\/blogopara.com.br\/index.php\/author\/blogopara"},"uagb_comment_info":0,"uagb_excerpt":"No inicio da noite desta quinta-feira (09), um homem identificado como Daniel foi baleado na avenida principal da CODEVASF, nas proximidades da Pra\u00e7a, em Juazeiro (BA). De acordo com informa\u00e7\u00f5es iniciais, populares ouviram diversos disparos de arma de fogo e acionaram o SAMU, que esteve no local, mas apenas constatou o \u00f3bito da v\u00edtima. Cerca&hellip;","jetpack_sharing_enabled":true,"jetpack_likes_enabled":true,"_links":{"self":[{"href":"https:\/\/blogopara.com.br\/index.php\/wp-json\/wp\/v2\/posts\/80423","targetHints":{"allow":["GET"]}}],"collection":[{"href":"https:\/\/blogopara.com.br\/index.php\/wp-json\/wp\/v2\/posts"}],"about":[{"href":"https:\/\/blogopara.com.br\/index.php\/wp-json\/wp\/v2\/types\/post"}],"author":[{"embeddable":true,"href":"https:\/\/blogopara.com.br\/index.php\/wp-json\/wp\/v2\/users\/1"}],"replies":[{"embeddable":true,"href":"https:\/\/blogopara.com.br\/index.php\/wp-json\/wp\/v2\/comments?post=80423"}],"version-history":[{"count":2,"href":"https:\/\/blogopara.com.br\/index.php\/wp-json\/wp\/v2\/posts\/80423\/revisions"}],"predecessor-version":[{"id":80426,"href":"https:\/\/blogopara.com.br\/index.php\/wp-json\/wp\/v2\/posts\/80423\/revisions\/80426"}],"wp:featuredmedia":[{"embeddable":true,"href":"https:\/\/blogopara.com.br\/index.php\/wp-json\/wp\/v2\/media\/80424"}],"wp:attachment":[{"href":"https:\/\/blogopara.com.br\/index.php\/wp-json\/wp\/v2\/media?parent=80423"}],"wp:term":[{"taxonomy":"category","embeddable":true,"href":"https:\/\/blogopara.com.br\/index.php\/wp-json\/wp\/v2\/categories?post=80423"},{"taxonomy":"post_tag","embeddable":true,"href":"https:\/\/blogopara.com.br\/index.php\/wp-json\/wp\/v2\/tags?post=80423"}],"curies":[{"name":"wp","href":"https:\/\/api.w.org\/{rel}","templated":true}]}}