{"id":80472,"date":"2025-10-11T21:13:53","date_gmt":"2025-10-12T00:13:53","guid":{"rendered":"https:\/\/blogopara.com.br\/?p=80472"},"modified":"2025-10-11T21:13:53","modified_gmt":"2025-10-12T00:13:53","slug":"prefeitura-de-senhor-do-bonfim-lanca-o-programa-saber-avancar-e-reforca-compromisso-com-a-valorizacao-dos-profissionais-da-educacao","status":"publish","type":"post","link":"https:\/\/blogopara.com.br\/index.php\/2025\/10\/11\/prefeitura-de-senhor-do-bonfim-lanca-o-programa-saber-avancar-e-reforca-compromisso-com-a-valorizacao-dos-profissionais-da-educacao","title":{"rendered":"Prefeitura de Senhor do Bonfim lan\u00e7a o Programa Saber Avan\u00e7ar e refor\u00e7a compromisso com a valoriza\u00e7\u00e3o dos profissionais da educa\u00e7\u00e3o\u00a0"},"content":{"rendered":"<div class=\"x_gmail-OutlineElement x_gmail-Ltr x_gmail-SCXW140341345 x_gmail-BCX0\">\n<p class=\"x_gmail-Paragraph x_gmail-SCXW140341345 x_gmail-BCX0\" lang=\"PT-BR\"><span class=\"x_gmail-TextRun x_gmail-SCXW140341345 x_gmail-BCX0\" lang=\"PT-BR\" style=\"font-size: 1rem;\"><span class=\"x_gmail-NormalTextRun x_gmail-SCXW140341345 x_gmail-BCX0\">A Prefeitura de Senhor do Bonfim, por meio da Secretaria Municipal de Educa\u00e7\u00e3o e Esportes, realizou nesta quinta-feira (9), no Arena Hall, o lan\u00e7amento do <\/span><span class=\"x_gmail-NormalTextRun x_gmail-SCXW140341345 x_gmail-BCX0\">Programa Saber Avan\u00e7ar<\/span><span class=\"x_gmail-NormalTextRun x_gmail-SCXW140341345 x_gmail-BCX0\">, uma iniciativa que marca uma nova jornada pela valoriza\u00e7\u00e3o dos profissionais da educa\u00e7\u00e3o, o fortalecimento da aprendizagem e o investimento nas escolas da Rede Municipal de Ensino.<\/span><\/span> <span style=\"font-size: 1rem;\">\u00a0<\/span><\/p>\n<\/div>\n<div class=\"x_gmail-OutlineElement x_gmail-Ltr x_gmail-SCXW140341345 x_gmail-BCX0\">\n<p class=\"x_gmail-Paragraph x_gmail-SCXW140341345 x_gmail-BCX0\" lang=\"PT-BR\"><span class=\"x_gmail-TextRun x_gmail-SCXW140341345 x_gmail-BCX0\" lang=\"PT-BR\"><span class=\"x_gmail-NormalTextRun x_gmail-SCXW140341345 x_gmail-BCX0\">O evento, voltado para professores efetivos da rede, foi um momento de\u00a0<\/span><span class=\"x_gmail-NormalTextRun x_gmail-SCXW140341345 x_gmail-BCX0\">inspira\u00e7\u00e3o, emo\u00e7\u00e3o e reconhecimento<\/span><span class=\"x_gmail-NormalTextRun x_gmail-SCXW140341345 x_gmail-BCX0\">. Durante a noite, os participantes acompanharam apresenta\u00e7\u00f5es sobre os investimentos realizados pela gest\u00e3o na \u00e1rea da educa\u00e7\u00e3o e assistiram \u00e0 palestra\u00a0<\/span><span class=\"x_gmail-NormalTextRun x_gmail-SCXW140341345 x_gmail-BCX0\">\u201cDeixe que o afeto te afeta\u201d<\/span><span class=\"x_gmail-NormalTextRun x_gmail-SCXW140341345 x_gmail-BCX0\">, ministrada pelo escritor\u00a0<\/span><span class=\"x_gmail-NormalTextRun x_gmail-SCXW140341345 x_gmail-BCX0\">Edgard\u00a0<\/span><span class=\"x_gmail-NormalTextRun x_gmail-SpellingErrorV2Themed x_gmail-SCXW140341345 x_gmail-BCX0\">Abbehusen<\/span><span class=\"x_gmail-NormalTextRun x_gmail-SCXW140341345 x_gmail-BCX0\">, que trouxe uma profunda reflex\u00e3o sobre o poder do afeto na educa\u00e7\u00e3o e na vida.<\/span><\/span><span class=\"x_gmail-EOP x_gmail-SCXW140341345 x_gmail-BCX0\">\u00a0<\/span><\/p>\n<\/div>\n<div class=\"x_gmail-OutlineElement x_gmail-Ltr x_gmail-SCXW140341345 x_gmail-BCX0\">\n<p class=\"x_gmail-Paragraph x_gmail-SCXW140341345 x_gmail-BCX0\" lang=\"PT-BR\"><span class=\"x_gmail-EOP x_gmail-SCXW140341345 x_gmail-BCX0\">\u00a0<\/span><span class=\"x_gmail-TextRun x_gmail-SCXW140341345 x_gmail-BCX0\" lang=\"PT-BR\" style=\"font-size: 1rem;\"><span class=\"x_gmail-NormalTextRun x_gmail-SCXW140341345 x_gmail-BCX0\">O prefeito La\u00e9rcio J\u00fanior prestigiou o evento e destacou que, com o Saber Avan\u00e7ar, a Prefeitura de Senhor do Bonfim reafirma seu compromisso em investir na forma\u00e7\u00e3o cont\u00ednua dos educadores, na melhoria da qualidade do ensino e no fortalecimento do v\u00ednculo entre gest\u00e3o, escola e comunidade. \u201cFoi uma noite memor\u00e1vel aqui em Senhor do Bonfim. Demos um passo gigante com o programa Saber Avan\u00e7ar, reunindo nossos professores efetivos. Mostramos o quanto j\u00e1 avan\u00e7amos e tudo o que ainda temos a conquistar. Tamb\u00e9m apresentamos o projeto de lei encaminhado \u00e0 C\u00e2mara Municipal para valorizar ainda mais nossos servidores efetivos. Em breve, teremos boas novas para todos os profissionais da educa\u00e7\u00e3o, porque nossa preocupa\u00e7\u00e3o \u00e9 com as nossas crian\u00e7as e com o futuro de Senhor do Bonfim. Agrade\u00e7o o carinho, o abra\u00e7o e o apoio de cada professor. Vamos com f\u00e9, porque a f\u00e9 n\u00e3o costuma falhar\u201d, destacou o prefeito.<\/span><\/span> <span style=\"font-size: 1rem;\">\u00a0<\/span><\/p>\n<\/div>\n<div class=\"x_gmail-OutlineElement x_gmail-Ltr x_gmail-SCXW140341345 x_gmail-BCX0\">\n<p class=\"x_gmail-Paragraph x_gmail-SCXW140341345 x_gmail-BCX0\" lang=\"PT-BR\"><span class=\"x_gmail-TextRun x_gmail-SCXW140341345 x_gmail-BCX0\" lang=\"PT-BR\"><span class=\"x_gmail-NormalTextRun x_gmail-SCXW140341345 x_gmail-BCX0\">O evento tamb\u00e9m foi avaliado de forma positiva pelo p\u00fablico participante. \u201cO evento est\u00e1 lind\u00edssimo. Podemos perceber, enquanto professores, a preocupa\u00e7\u00e3o e o compromisso do prefeito La\u00e9rcio J\u00fanior em fazer uma educa\u00e7\u00e3o com responsabilidade e valoriza\u00e7\u00e3o. \u00c9 muito bom sentir o respeito e o reconhecimento do nosso trabalho. Quando a classe \u00e9 valorizada, a educa\u00e7\u00e3o avan\u00e7a\u201d, avaliou a professora Ana Cristina, coordenadora pedag\u00f3gica da EPJAI Combinada.<\/span><\/span> <span style=\"font-size: 1rem;\">\u00a0<\/span><\/p>\n<\/div>\n<div class=\"x_gmail-OutlineElement x_gmail-Ltr x_gmail-SCXW140341345 x_gmail-BCX0\">\n<p class=\"x_gmail-Paragraph x_gmail-SCXW140341345 x_gmail-BCX0\" lang=\"PT-BR\"><span class=\"x_gmail-TextRun x_gmail-SCXW140341345 x_gmail-BCX0\" lang=\"PT-BR\"><span class=\"x_gmail-NormalTextRun x_gmail-SCXW140341345 x_gmail-BCX0\">A secret\u00e1ria municipal de Educa\u00e7\u00e3o,\u00a0<\/span><span class=\"x_gmail-NormalTextRun x_gmail-SpellingErrorV2Themed x_gmail-SCXW140341345 x_gmail-BCX0\">Eline<\/span><span class=\"x_gmail-NormalTextRun x_gmail-SCXW140341345 x_gmail-BCX0\">\u00a0Sobreira, explicou o conceito e os objetivos do novo programa. \u201cO Saber Avan\u00e7ar \u00e9 um programa inovador que chega para fortalecer a rede de ensino municipal. Estamos falando de avan\u00e7ar por um caminho repleto de possibilidades eficazes e de um olhar voltado para o aprendizado de cada aluno. Esse \u00e9 um marco importante que j\u00e1 come\u00e7a a apontar avan\u00e7os na nossa educa\u00e7\u00e3o. Neste m\u00eas t\u00e3o especial, que celebra o professor e a crian\u00e7a, foi um momento de fortalecimento, de afeto e de reconhecimento por todo o trabalho que nossos educadores realizam com tanta dedica\u00e7\u00e3o.\u201d<\/span><\/span><span class=\"x_gmail-EOP x_gmail-SCXW140341345 x_gmail-BCX0\">\u00a0<\/span><\/p>\n<\/div>\n<div class=\"x_gmail-OutlineElement x_gmail-Ltr x_gmail-SCXW140341345 x_gmail-BCX0\">\n<p class=\"x_gmail-Paragraph x_gmail-SCXW140341345 x_gmail-BCX0\" lang=\"PT-BR\"><span class=\"x_gmail-EOP x_gmail-SCXW140341345 x_gmail-BCX0\">\u00a0<\/span><\/p>\n<\/div>\n<div class=\"x_gmail-OutlineElement x_gmail-Ltr x_gmail-SCXW140341345 x_gmail-BCX0\">\n<p class=\"x_gmail-Paragraph x_gmail-SCXW140341345 x_gmail-BCX0\" lang=\"PT-BR\"><span class=\"x_gmail-TextRun x_gmail-SCXW140341345 x_gmail-BCX0\" lang=\"PT-BR\"><span class=\"x_gmail-NormalTextRun x_gmail-SCXW140341345 x_gmail-BCX0\">Texto: Ascom PMSB<\/span><\/span><span class=\"x_gmail-EOP x_gmail-SCXW140341345 x_gmail-BCX0\">\u00a0<\/span><\/p>\n<\/div>\n","protected":false},"excerpt":{"rendered":"<p>A Prefeitura de Senhor do Bonfim, por meio da Secretaria Municipal de Educa\u00e7\u00e3o e Esportes, realizou nesta quinta-feira (9), no Arena Hall, o lan\u00e7amento do Programa Saber Avan\u00e7ar, uma iniciativa que marca uma nova jornada pela valoriza\u00e7\u00e3o dos profissionais da educa\u00e7\u00e3o, o fortalecimento da aprendizagem e o investimento nas escolas da Rede Municipal de Ensino. [&hellip;]<\/p>\n","protected":false},"author":1,"featured_media":80473,"comment_status":"open","ping_status":"open","sticky":false,"template":"","format":"standard","meta":{"_uag_custom_page_level_css":"","_monsterinsights_skip_tracking":false,"_monsterinsights_sitenote_active":false,"_monsterinsights_sitenote_note":"","_monsterinsights_sitenote_category":0,"jetpack_post_was_ever_published":false,"_jetpack_newsletter_access":"","_jetpack_dont_email_post_to_subs":false,"_jetpack_newsletter_tier_id":0,"_jetpack_memberships_contains_paywalled_content":false,"_jetpack_memberships_contains_paid_content":false,"footnotes":"","jetpack_publicize_message":"","jetpack_publicize_feature_enabled":true,"jetpack_social_post_already_shared":true,"jetpack_social_options":{"image_generator_settings":{"template":"highway","default_image_id":0,"font":"","enabled":false},"version":2}},"categories":[199],"tags":[],"class_list":["post-80472","post","type-post","status-publish","format-standard","has-post-thumbnail","hentry","category-bahia"],"jetpack_publicize_connections":[],"jetpack_featured_media_url":"https:\/\/blogopara.com.br\/wp-content\/uploads\/2025\/10\/thumbnail_WhatsApp-Image-2025-10-10-at-12.46.37.jpg","uagb_featured_image_src":{"full":["https:\/\/blogopara.com.br\/wp-content\/uploads\/2025\/10\/thumbnail_WhatsApp-Image-2025-10-10-at-12.46.37.jpg",500,333,false],"thumbnail":["https:\/\/blogopara.com.br\/wp-content\/uploads\/2025\/10\/thumbnail_WhatsApp-Image-2025-10-10-at-12.46.37-150x150.jpg",150,150,true],"medium":["https:\/\/blogopara.com.br\/wp-content\/uploads\/2025\/10\/thumbnail_WhatsApp-Image-2025-10-10-at-12.46.37-300x200.jpg",300,200,true],"medium_large":["https:\/\/blogopara.com.br\/wp-content\/uploads\/2025\/10\/thumbnail_WhatsApp-Image-2025-10-10-at-12.46.37.jpg",500,333,false],"large":["https:\/\/blogopara.com.br\/wp-content\/uploads\/2025\/10\/thumbnail_WhatsApp-Image-2025-10-10-at-12.46.37.jpg",500,333,false],"1536x1536":["https:\/\/blogopara.com.br\/wp-content\/uploads\/2025\/10\/thumbnail_WhatsApp-Image-2025-10-10-at-12.46.37.jpg",500,333,false],"2048x2048":["https:\/\/blogopara.com.br\/wp-content\/uploads\/2025\/10\/thumbnail_WhatsApp-Image-2025-10-10-at-12.46.37.jpg",500,333,false],"mantranews-slider-large":["https:\/\/blogopara.com.br\/wp-content\/uploads\/2025\/10\/thumbnail_WhatsApp-Image-2025-10-10-at-12.46.37.jpg",500,333,false],"mantranews-featured-medium":["https:\/\/blogopara.com.br\/wp-content\/uploads\/2025\/10\/thumbnail_WhatsApp-Image-2025-10-10-at-12.46.37-420x307.jpg",420,307,true],"mantranews-featured-long":["https:\/\/blogopara.com.br\/wp-content\/uploads\/2025\/10\/thumbnail_WhatsApp-Image-2025-10-10-at-12.46.37-300x333.jpg",300,333,true],"mantranews-block-medium":["https:\/\/blogopara.com.br\/wp-content\/uploads\/2025\/10\/thumbnail_WhatsApp-Image-2025-10-10-at-12.46.37-464x290.jpg",464,290,true],"mantranews-carousel-image":["https:\/\/blogopara.com.br\/wp-content\/uploads\/2025\/10\/thumbnail_WhatsApp-Image-2025-10-10-at-12.46.37.jpg",500,333,false],"mantranews-block-thumb":["https:\/\/blogopara.com.br\/wp-content\/uploads\/2025\/10\/thumbnail_WhatsApp-Image-2025-10-10-at-12.46.37-322x230.jpg",322,230,true],"mantranews-single-large":["https:\/\/blogopara.com.br\/wp-content\/uploads\/2025\/10\/thumbnail_WhatsApp-Image-2025-10-10-at-12.46.37.jpg",500,333,false]},"uagb_author_info":{"display_name":"Reda\u00e7\u00e3o geral","author_link":"https:\/\/blogopara.com.br\/index.php\/author\/blogopara"},"uagb_comment_info":0,"uagb_excerpt":"A Prefeitura de Senhor do Bonfim, por meio da Secretaria Municipal de Educa\u00e7\u00e3o e Esportes, realizou nesta quinta-feira (9), no Arena Hall, o lan\u00e7amento do Programa Saber Avan\u00e7ar, uma iniciativa que marca uma nova jornada pela valoriza\u00e7\u00e3o dos profissionais da educa\u00e7\u00e3o, o fortalecimento da aprendizagem e o investimento nas escolas da Rede Municipal de Ensino.&hellip;","jetpack_sharing_enabled":true,"jetpack_likes_enabled":true,"_links":{"self":[{"href":"https:\/\/blogopara.com.br\/index.php\/wp-json\/wp\/v2\/posts\/80472","targetHints":{"allow":["GET"]}}],"collection":[{"href":"https:\/\/blogopara.com.br\/index.php\/wp-json\/wp\/v2\/posts"}],"about":[{"href":"https:\/\/blogopara.com.br\/index.php\/wp-json\/wp\/v2\/types\/post"}],"author":[{"embeddable":true,"href":"https:\/\/blogopara.com.br\/index.php\/wp-json\/wp\/v2\/users\/1"}],"replies":[{"embeddable":true,"href":"https:\/\/blogopara.com.br\/index.php\/wp-json\/wp\/v2\/comments?post=80472"}],"version-history":[{"count":1,"href":"https:\/\/blogopara.com.br\/index.php\/wp-json\/wp\/v2\/posts\/80472\/revisions"}],"predecessor-version":[{"id":80474,"href":"https:\/\/blogopara.com.br\/index.php\/wp-json\/wp\/v2\/posts\/80472\/revisions\/80474"}],"wp:featuredmedia":[{"embeddable":true,"href":"https:\/\/blogopara.com.br\/index.php\/wp-json\/wp\/v2\/media\/80473"}],"wp:attachment":[{"href":"https:\/\/blogopara.com.br\/index.php\/wp-json\/wp\/v2\/media?parent=80472"}],"wp:term":[{"taxonomy":"category","embeddable":true,"href":"https:\/\/blogopara.com.br\/index.php\/wp-json\/wp\/v2\/categories?post=80472"},{"taxonomy":"post_tag","embeddable":true,"href":"https:\/\/blogopara.com.br\/index.php\/wp-json\/wp\/v2\/tags?post=80472"}],"curies":[{"name":"wp","href":"https:\/\/api.w.org\/{rel}","templated":true}]}}