{"id":80552,"date":"2025-10-16T21:37:26","date_gmt":"2025-10-17T00:37:26","guid":{"rendered":"https:\/\/blogopara.com.br\/?p=80552"},"modified":"2025-10-16T21:37:26","modified_gmt":"2025-10-17T00:37:26","slug":"bruno-reis-diz-que-pt-esta-desesperado-e-aponta-motivo","status":"publish","type":"post","link":"https:\/\/blogopara.com.br\/index.php\/2025\/10\/16\/bruno-reis-diz-que-pt-esta-desesperado-e-aponta-motivo","title":{"rendered":"Bruno Reis diz que PT \u201cest\u00e1 desesperado\u201d e aponta motivo"},"content":{"rendered":"<p>O prefeito de Salvador, Bruno Reis (Uni\u00e3o Brasil), negou os rumores de que o vice-presidente nacional do partido, ACM Neto, poderia desistir de disputar o governo da Bahia em 2026. A declara\u00e7\u00e3o, nesta quarta-feira (16\/10), foi feita durante a apresenta\u00e7\u00e3o do novo Plano Estrat\u00e9gico 2025\/2028 da Prefeitura de Salvador.<\/p>\n<p>\u201cEles (petistas) est\u00e3o desesperados. Eu n\u00e3o sei se voc\u00eas repararam, a gente vai fazer um debate sobre sa\u00fade, trazendo especialistas do Brasil, e a\u00ed eles [membros do governo do Estado] v\u00e3o e botam dez deputados do PT para, cada um, soltar uma nota diferente, falando de sa\u00fade\u201d, ironizou o prefeito.<\/p>\n<p>Bruno reafirmou que Neto est\u00e1 firme no projeto eleitoral e criticou o grupo pol\u00edtico que comanda o Estado h\u00e1 duas d\u00e9cadas, atualmente sob gest\u00e3o do governador Jer\u00f4nimo Rodrigues (PT).<\/p>\n<p>O prefeito destacou ainda que as pesquisas de inten\u00e7\u00e3o de voto apontam um cen\u00e1rio de desgaste da base petista e um forte desejo de mudan\u00e7a entre os baianos.<br \/>\n\u201cA gente tem pesquisa e eles tamb\u00e9m t\u00eam pesquisa. Eles sabem qual \u00e9 o sentimento da popula\u00e7\u00e3o hoje, o grande desejo de mudan\u00e7a. E, sem sombra de d\u00favidas, ACM Neto representa esse sentimento do povo da Bahia, que n\u00e3o aguenta mais 20 anos de PT\u201d, completou.<\/p>\n","protected":false},"excerpt":{"rendered":"<p>O prefeito de Salvador, Bruno Reis (Uni\u00e3o Brasil), negou os rumores de que o vice-presidente nacional do partido, ACM Neto, poderia desistir de disputar o governo da Bahia em 2026. A declara\u00e7\u00e3o, nesta quarta-feira (16\/10), foi feita durante a apresenta\u00e7\u00e3o do novo Plano Estrat\u00e9gico 2025\/2028 da Prefeitura de Salvador. \u201cEles (petistas) est\u00e3o desesperados. Eu n\u00e3o [&hellip;]<\/p>\n","protected":false},"author":1,"featured_media":67198,"comment_status":"open","ping_status":"open","sticky":false,"template":"","format":"standard","meta":{"_uag_custom_page_level_css":"","_monsterinsights_skip_tracking":false,"_monsterinsights_sitenote_active":false,"_monsterinsights_sitenote_note":"","_monsterinsights_sitenote_category":0,"jetpack_post_was_ever_published":false,"_jetpack_newsletter_access":"","_jetpack_dont_email_post_to_subs":false,"_jetpack_newsletter_tier_id":0,"_jetpack_memberships_contains_paywalled_content":false,"_jetpack_memberships_contains_paid_content":false,"footnotes":"","jetpack_publicize_message":"","jetpack_publicize_feature_enabled":true,"jetpack_social_post_already_shared":true,"jetpack_social_options":{"image_generator_settings":{"template":"highway","default_image_id":0,"font":"","enabled":false},"version":2}},"categories":[197],"tags":[10592],"class_list":["post-80552","post","type-post","status-publish","format-standard","has-post-thumbnail","hentry","category-politica","tag-eleicoes-2026"],"jetpack_publicize_connections":[],"jetpack_featured_media_url":"https:\/\/blogopara.com.br\/wp-content\/uploads\/2024\/08\/BRUNO-REIS-5-1.jpeg","uagb_featured_image_src":{"full":["https:\/\/blogopara.com.br\/wp-content\/uploads\/2024\/08\/BRUNO-REIS-5-1.jpeg",500,350,false],"thumbnail":["https:\/\/blogopara.com.br\/wp-content\/uploads\/2024\/08\/BRUNO-REIS-5-1-150x150.jpeg",150,150,true],"medium":["https:\/\/blogopara.com.br\/wp-content\/uploads\/2024\/08\/BRUNO-REIS-5-1-300x210.jpeg",300,210,true],"medium_large":["https:\/\/blogopara.com.br\/wp-content\/uploads\/2024\/08\/BRUNO-REIS-5-1.jpeg",500,350,false],"large":["https:\/\/blogopara.com.br\/wp-content\/uploads\/2024\/08\/BRUNO-REIS-5-1.jpeg",500,350,false],"1536x1536":["https:\/\/blogopara.com.br\/wp-content\/uploads\/2024\/08\/BRUNO-REIS-5-1.jpeg",500,350,false],"2048x2048":["https:\/\/blogopara.com.br\/wp-content\/uploads\/2024\/08\/BRUNO-REIS-5-1.jpeg",500,350,false],"mantranews-slider-large":["https:\/\/blogopara.com.br\/wp-content\/uploads\/2024\/08\/BRUNO-REIS-5-1.jpeg",500,350,false],"mantranews-featured-medium":["https:\/\/blogopara.com.br\/wp-content\/uploads\/2024\/08\/BRUNO-REIS-5-1-420x307.jpeg",420,307,true],"mantranews-featured-long":["https:\/\/blogopara.com.br\/wp-content\/uploads\/2024\/08\/BRUNO-REIS-5-1-300x350.jpeg",300,350,true],"mantranews-block-medium":["https:\/\/blogopara.com.br\/wp-content\/uploads\/2024\/08\/BRUNO-REIS-5-1-464x290.jpeg",464,290,true],"mantranews-carousel-image":["https:\/\/blogopara.com.br\/wp-content\/uploads\/2024\/08\/BRUNO-REIS-5-1.jpeg",500,350,false],"mantranews-block-thumb":["https:\/\/blogopara.com.br\/wp-content\/uploads\/2024\/08\/BRUNO-REIS-5-1-322x230.jpeg",322,230,true],"mantranews-single-large":["https:\/\/blogopara.com.br\/wp-content\/uploads\/2024\/08\/BRUNO-REIS-5-1.jpeg",500,350,false]},"uagb_author_info":{"display_name":"Reda\u00e7\u00e3o geral","author_link":"https:\/\/blogopara.com.br\/index.php\/author\/blogopara"},"uagb_comment_info":0,"uagb_excerpt":"O prefeito de Salvador, Bruno Reis (Uni\u00e3o Brasil), negou os rumores de que o vice-presidente nacional do partido, ACM Neto, poderia desistir de disputar o governo da Bahia em 2026. A declara\u00e7\u00e3o, nesta quarta-feira (16\/10), foi feita durante a apresenta\u00e7\u00e3o do novo Plano Estrat\u00e9gico 2025\/2028 da Prefeitura de Salvador. \u201cEles (petistas) est\u00e3o desesperados. Eu n\u00e3o&hellip;","jetpack_sharing_enabled":true,"jetpack_likes_enabled":true,"_links":{"self":[{"href":"https:\/\/blogopara.com.br\/index.php\/wp-json\/wp\/v2\/posts\/80552","targetHints":{"allow":["GET"]}}],"collection":[{"href":"https:\/\/blogopara.com.br\/index.php\/wp-json\/wp\/v2\/posts"}],"about":[{"href":"https:\/\/blogopara.com.br\/index.php\/wp-json\/wp\/v2\/types\/post"}],"author":[{"embeddable":true,"href":"https:\/\/blogopara.com.br\/index.php\/wp-json\/wp\/v2\/users\/1"}],"replies":[{"embeddable":true,"href":"https:\/\/blogopara.com.br\/index.php\/wp-json\/wp\/v2\/comments?post=80552"}],"version-history":[{"count":1,"href":"https:\/\/blogopara.com.br\/index.php\/wp-json\/wp\/v2\/posts\/80552\/revisions"}],"predecessor-version":[{"id":80553,"href":"https:\/\/blogopara.com.br\/index.php\/wp-json\/wp\/v2\/posts\/80552\/revisions\/80553"}],"wp:featuredmedia":[{"embeddable":true,"href":"https:\/\/blogopara.com.br\/index.php\/wp-json\/wp\/v2\/media\/67198"}],"wp:attachment":[{"href":"https:\/\/blogopara.com.br\/index.php\/wp-json\/wp\/v2\/media?parent=80552"}],"wp:term":[{"taxonomy":"category","embeddable":true,"href":"https:\/\/blogopara.com.br\/index.php\/wp-json\/wp\/v2\/categories?post=80552"},{"taxonomy":"post_tag","embeddable":true,"href":"https:\/\/blogopara.com.br\/index.php\/wp-json\/wp\/v2\/tags?post=80552"}],"curies":[{"name":"wp","href":"https:\/\/api.w.org\/{rel}","templated":true}]}}