{"id":80554,"date":"2025-10-16T21:39:12","date_gmt":"2025-10-17T00:39:12","guid":{"rendered":"https:\/\/blogopara.com.br\/?p=80554"},"modified":"2025-10-16T21:39:12","modified_gmt":"2025-10-17T00:39:12","slug":"wagner-diz-ser-candidatissimo-a-reeleicao-ao-senado-temos-um-bom-problema","status":"publish","type":"post","link":"https:\/\/blogopara.com.br\/index.php\/2025\/10\/16\/wagner-diz-ser-candidatissimo-a-reeleicao-ao-senado-temos-um-bom-problema","title":{"rendered":"Wagner diz ser \u201ccandidat\u00edssimo\u201d \u00e0 reelei\u00e7\u00e3o ao Senado: \u201ctemos um bom problema\u201d"},"content":{"rendered":"<p>O senador Jaques Wagner (PT) reafirmou, nesta quinta-feira (16\/10), que ser\u00e1 candidato \u00e0 reelei\u00e7\u00e3o em 2026. A declara\u00e7\u00e3o foi feita em suas redes sociais.<\/p>\n<div class=\"td-a-ad id_inline_ad0 id_ad_content-horiz-left\">\n<div class=\"g g-13\">\n<div class=\"g-single a-10\"><\/div>\n<\/div>\n<\/div>\n<p>\u201cEu sou candidat\u00edssimo \u00e0 reelei\u00e7\u00e3o no @SenadoFederal para continuar servindo \u00e0 Bahia e ao Brasil. Temos um bom problema, que s\u00e3o tr\u00eas candidatos para duas vagas, mas eu posso garantir que o grupo n\u00e3o vai rachar. Temos muita hist\u00f3ria e somos uma fam\u00edlia pol\u00edtica. Esse grupo tem feito muito bem \u00e0 Bahia e tem muito curr\u00edculo para apresentar. N\u00f3s vamos chegar a um denominador comum\u201d, escreveu o petista.<\/p>\n<p>A fala de Wagner ocorre em meio \u00e0s discuss\u00f5es dentro da base do governador Jer\u00f4nimo Rodrigues (PT) sobre as duas vagas que estar\u00e3o em disputa para o Senado no pr\u00f3ximo pleito. Al\u00e9m de Wagner, s\u00e3o cotados o senador Angelo Coronel (PSD) e o ministro Rui Costa (Casa Civil).<\/p>\n<p>Wagner, que j\u00e1 foi governador da Bahia por dois mandatos (2007-2014), \u00e9 um dos principais articuladores pol\u00edticos do grupo liderado pelo PT no estado e figura de confian\u00e7a do presidente Luiz In\u00e1cio Lula da Silva.<\/p>\n","protected":false},"excerpt":{"rendered":"<p>O senador Jaques Wagner (PT) reafirmou, nesta quinta-feira (16\/10), que ser\u00e1 candidato \u00e0 reelei\u00e7\u00e3o em 2026. A declara\u00e7\u00e3o foi feita em suas redes sociais. \u201cEu sou candidat\u00edssimo \u00e0 reelei\u00e7\u00e3o no @SenadoFederal para continuar servindo \u00e0 Bahia e ao Brasil. Temos um bom problema, que s\u00e3o tr\u00eas candidatos para duas vagas, mas eu posso garantir que [&hellip;]<\/p>\n","protected":false},"author":1,"featured_media":21775,"comment_status":"open","ping_status":"open","sticky":false,"template":"","format":"standard","meta":{"_uag_custom_page_level_css":"","_monsterinsights_skip_tracking":false,"_monsterinsights_sitenote_active":false,"_monsterinsights_sitenote_note":"","_monsterinsights_sitenote_category":0,"jetpack_post_was_ever_published":false,"_jetpack_newsletter_access":"","_jetpack_dont_email_post_to_subs":false,"_jetpack_newsletter_tier_id":0,"_jetpack_memberships_contains_paywalled_content":false,"_jetpack_memberships_contains_paid_content":false,"footnotes":"","jetpack_publicize_message":"","jetpack_publicize_feature_enabled":true,"jetpack_social_post_already_shared":true,"jetpack_social_options":{"image_generator_settings":{"template":"highway","default_image_id":0,"font":"","enabled":false},"version":2}},"categories":[197],"tags":[270],"class_list":["post-80554","post","type-post","status-publish","format-standard","has-post-thumbnail","hentry","category-politica","tag-senado"],"jetpack_publicize_connections":[],"jetpack_featured_media_url":"https:\/\/blogopara.com.br\/wp-content\/uploads\/2021\/04\/ruicostajaqueswagner2.jpg","uagb_featured_image_src":{"full":["https:\/\/blogopara.com.br\/wp-content\/uploads\/2021\/04\/ruicostajaqueswagner2.jpg",500,333,false],"thumbnail":["https:\/\/blogopara.com.br\/wp-content\/uploads\/2021\/04\/ruicostajaqueswagner2-150x150.jpg",150,150,true],"medium":["https:\/\/blogopara.com.br\/wp-content\/uploads\/2021\/04\/ruicostajaqueswagner2-300x200.jpg",300,200,true],"medium_large":["https:\/\/blogopara.com.br\/wp-content\/uploads\/2021\/04\/ruicostajaqueswagner2.jpg",500,333,false],"large":["https:\/\/blogopara.com.br\/wp-content\/uploads\/2021\/04\/ruicostajaqueswagner2.jpg",500,333,false],"1536x1536":["https:\/\/blogopara.com.br\/wp-content\/uploads\/2021\/04\/ruicostajaqueswagner2.jpg",500,333,false],"2048x2048":["https:\/\/blogopara.com.br\/wp-content\/uploads\/2021\/04\/ruicostajaqueswagner2.jpg",500,333,false],"mantranews-slider-large":["https:\/\/blogopara.com.br\/wp-content\/uploads\/2021\/04\/ruicostajaqueswagner2.jpg",500,333,false],"mantranews-featured-medium":["https:\/\/blogopara.com.br\/wp-content\/uploads\/2021\/04\/ruicostajaqueswagner2-420x307.jpg",420,307,true],"mantranews-featured-long":["https:\/\/blogopara.com.br\/wp-content\/uploads\/2021\/04\/ruicostajaqueswagner2-300x333.jpg",300,333,true],"mantranews-block-medium":["https:\/\/blogopara.com.br\/wp-content\/uploads\/2021\/04\/ruicostajaqueswagner2-464x290.jpg",464,290,true],"mantranews-carousel-image":["https:\/\/blogopara.com.br\/wp-content\/uploads\/2021\/04\/ruicostajaqueswagner2.jpg",500,333,false],"mantranews-block-thumb":["https:\/\/blogopara.com.br\/wp-content\/uploads\/2021\/04\/ruicostajaqueswagner2-322x230.jpg",322,230,true],"mantranews-single-large":["https:\/\/blogopara.com.br\/wp-content\/uploads\/2021\/04\/ruicostajaqueswagner2.jpg",500,333,false]},"uagb_author_info":{"display_name":"Reda\u00e7\u00e3o geral","author_link":"https:\/\/blogopara.com.br\/index.php\/author\/blogopara"},"uagb_comment_info":0,"uagb_excerpt":"O senador Jaques Wagner (PT) reafirmou, nesta quinta-feira (16\/10), que ser\u00e1 candidato \u00e0 reelei\u00e7\u00e3o em 2026. A declara\u00e7\u00e3o foi feita em suas redes sociais. \u201cEu sou candidat\u00edssimo \u00e0 reelei\u00e7\u00e3o no @SenadoFederal para continuar servindo \u00e0 Bahia e ao Brasil. Temos um bom problema, que s\u00e3o tr\u00eas candidatos para duas vagas, mas eu posso garantir que&hellip;","jetpack_sharing_enabled":true,"jetpack_likes_enabled":true,"_links":{"self":[{"href":"https:\/\/blogopara.com.br\/index.php\/wp-json\/wp\/v2\/posts\/80554","targetHints":{"allow":["GET"]}}],"collection":[{"href":"https:\/\/blogopara.com.br\/index.php\/wp-json\/wp\/v2\/posts"}],"about":[{"href":"https:\/\/blogopara.com.br\/index.php\/wp-json\/wp\/v2\/types\/post"}],"author":[{"embeddable":true,"href":"https:\/\/blogopara.com.br\/index.php\/wp-json\/wp\/v2\/users\/1"}],"replies":[{"embeddable":true,"href":"https:\/\/blogopara.com.br\/index.php\/wp-json\/wp\/v2\/comments?post=80554"}],"version-history":[{"count":1,"href":"https:\/\/blogopara.com.br\/index.php\/wp-json\/wp\/v2\/posts\/80554\/revisions"}],"predecessor-version":[{"id":80555,"href":"https:\/\/blogopara.com.br\/index.php\/wp-json\/wp\/v2\/posts\/80554\/revisions\/80555"}],"wp:featuredmedia":[{"embeddable":true,"href":"https:\/\/blogopara.com.br\/index.php\/wp-json\/wp\/v2\/media\/21775"}],"wp:attachment":[{"href":"https:\/\/blogopara.com.br\/index.php\/wp-json\/wp\/v2\/media?parent=80554"}],"wp:term":[{"taxonomy":"category","embeddable":true,"href":"https:\/\/blogopara.com.br\/index.php\/wp-json\/wp\/v2\/categories?post=80554"},{"taxonomy":"post_tag","embeddable":true,"href":"https:\/\/blogopara.com.br\/index.php\/wp-json\/wp\/v2\/tags?post=80554"}],"curies":[{"name":"wp","href":"https:\/\/api.w.org\/{rel}","templated":true}]}}