{"id":80556,"date":"2025-10-16T21:43:55","date_gmt":"2025-10-17T00:43:55","guid":{"rendered":"https:\/\/blogopara.com.br\/?p=80556"},"modified":"2025-10-16T21:43:55","modified_gmt":"2025-10-17T00:43:55","slug":"triplo-homicidio-policia-prende-ex-namorado-de-vitima-em-operacao-em-feira-de-santana","status":"publish","type":"post","link":"https:\/\/blogopara.com.br\/index.php\/2025\/10\/16\/triplo-homicidio-policia-prende-ex-namorado-de-vitima-em-operacao-em-feira-de-santana","title":{"rendered":"triplo homic\u00eddio: Pol\u00edcia prende ex-namorado de v\u00edtima em opera\u00e7\u00e3o em Feira de Santana"},"content":{"rendered":"<p class=\"pf0\"><span class=\"cf0\">A Pol\u00edcia Civil cumpriu, na tarde desta quinta-feira (16\/10), o mandado de pris\u00e3o tempor\u00e1ria de um jovem de 18 anos, ex-namorado de Carol Ferreira Rodrigues, uma das tr\u00eas jovens assassinadas em\u00a0<\/span><span class=\"cf0\">Anguera<\/span><span class=\"cf0\">\u00a0na ter\u00e7a-feira (14).<\/span><\/p>\n<p class=\"pf0\"><span class=\"cf0\">O suspeito se apresentou espontaneamente \u00e0 sede do Deic em Feira de Santana, acompanhado de advogado, mas j\u00e1 havia mandado de pris\u00e3o expedido pela 2\u00aa Vara Criminal de\u00a0<\/span><span class=\"cf0\">Anguera<\/span><span class=\"cf0\">. Com essa pris\u00e3o, sobe para seis o n\u00famero de envolvidos capturados na Opera\u00e7\u00e3o Vale das Sombras, que apura o triplo homic\u00eddio de Let\u00edcia Ara\u00fajo Rodrigues, 22 anos, Carol Ferreira Rodrigues, 21, e Rafaela Carvalho Silva, 15.<\/span><\/p>\n<p class=\"pf0\"><span class=\"cf0\">Laudos periciais do DPT ainda s\u00e3o aguardados para esclarecer as causas das mortes e detalhar a investiga\u00e7\u00e3o.<\/span><\/p>\n<div class=\"td-a-ad id_inline_ad1 id_ad_content-horiz-left\"><\/div>\n<div class=\"td-a-ad id_bottom_ad \">\n<div class=\"g g-16\">\n<div class=\"g-single a-10\"><\/div>\n<\/div>\n<\/div>\n","protected":false},"excerpt":{"rendered":"<p>A Pol\u00edcia Civil cumpriu, na tarde desta quinta-feira (16\/10), o mandado de pris\u00e3o tempor\u00e1ria de um jovem de 18 anos, ex-namorado de Carol Ferreira Rodrigues, uma das tr\u00eas jovens assassinadas em\u00a0Anguera\u00a0na ter\u00e7a-feira (14). O suspeito se apresentou espontaneamente \u00e0 sede do Deic em Feira de Santana, acompanhado de advogado, mas j\u00e1 havia mandado de pris\u00e3o [&hellip;]<\/p>\n","protected":false},"author":1,"featured_media":80557,"comment_status":"open","ping_status":"open","sticky":false,"template":"","format":"standard","meta":{"_uag_custom_page_level_css":"","_monsterinsights_skip_tracking":false,"_monsterinsights_sitenote_active":false,"_monsterinsights_sitenote_note":"","_monsterinsights_sitenote_category":0,"jetpack_post_was_ever_published":false,"_jetpack_newsletter_access":"","_jetpack_dont_email_post_to_subs":false,"_jetpack_newsletter_tier_id":0,"_jetpack_memberships_contains_paywalled_content":false,"_jetpack_memberships_contains_paid_content":false,"footnotes":"","jetpack_publicize_message":"","jetpack_publicize_feature_enabled":true,"jetpack_social_post_already_shared":true,"jetpack_social_options":{"image_generator_settings":{"template":"highway","default_image_id":0,"font":"","enabled":false},"version":2}},"categories":[202],"tags":[8104,4889,1840],"class_list":["post-80556","post","type-post","status-publish","format-standard","has-post-thumbnail","hentry","category-policia","tag-combate-a-violencia","tag-ssp-ba","tag-violencia-2"],"jetpack_publicize_connections":[],"jetpack_featured_media_url":"https:\/\/blogopara.com.br\/wp-content\/uploads\/2025\/10\/Capturar-38.jpg","uagb_featured_image_src":{"full":["https:\/\/blogopara.com.br\/wp-content\/uploads\/2025\/10\/Capturar-38.jpg",500,330,false],"thumbnail":["https:\/\/blogopara.com.br\/wp-content\/uploads\/2025\/10\/Capturar-38-150x150.jpg",150,150,true],"medium":["https:\/\/blogopara.com.br\/wp-content\/uploads\/2025\/10\/Capturar-38-300x198.jpg",300,198,true],"medium_large":["https:\/\/blogopara.com.br\/wp-content\/uploads\/2025\/10\/Capturar-38.jpg",500,330,false],"large":["https:\/\/blogopara.com.br\/wp-content\/uploads\/2025\/10\/Capturar-38.jpg",500,330,false],"1536x1536":["https:\/\/blogopara.com.br\/wp-content\/uploads\/2025\/10\/Capturar-38.jpg",500,330,false],"2048x2048":["https:\/\/blogopara.com.br\/wp-content\/uploads\/2025\/10\/Capturar-38.jpg",500,330,false],"mantranews-slider-large":["https:\/\/blogopara.com.br\/wp-content\/uploads\/2025\/10\/Capturar-38.jpg",500,330,false],"mantranews-featured-medium":["https:\/\/blogopara.com.br\/wp-content\/uploads\/2025\/10\/Capturar-38-420x307.jpg",420,307,true],"mantranews-featured-long":["https:\/\/blogopara.com.br\/wp-content\/uploads\/2025\/10\/Capturar-38-300x330.jpg",300,330,true],"mantranews-block-medium":["https:\/\/blogopara.com.br\/wp-content\/uploads\/2025\/10\/Capturar-38-464x290.jpg",464,290,true],"mantranews-carousel-image":["https:\/\/blogopara.com.br\/wp-content\/uploads\/2025\/10\/Capturar-38.jpg",500,330,false],"mantranews-block-thumb":["https:\/\/blogopara.com.br\/wp-content\/uploads\/2025\/10\/Capturar-38-322x230.jpg",322,230,true],"mantranews-single-large":["https:\/\/blogopara.com.br\/wp-content\/uploads\/2025\/10\/Capturar-38.jpg",500,330,false]},"uagb_author_info":{"display_name":"Reda\u00e7\u00e3o geral","author_link":"https:\/\/blogopara.com.br\/index.php\/author\/blogopara"},"uagb_comment_info":0,"uagb_excerpt":"A Pol\u00edcia Civil cumpriu, na tarde desta quinta-feira (16\/10), o mandado de pris\u00e3o tempor\u00e1ria de um jovem de 18 anos, ex-namorado de Carol Ferreira Rodrigues, uma das tr\u00eas jovens assassinadas em\u00a0Anguera\u00a0na ter\u00e7a-feira (14). O suspeito se apresentou espontaneamente \u00e0 sede do Deic em Feira de Santana, acompanhado de advogado, mas j\u00e1 havia mandado de pris\u00e3o&hellip;","jetpack_sharing_enabled":true,"jetpack_likes_enabled":true,"_links":{"self":[{"href":"https:\/\/blogopara.com.br\/index.php\/wp-json\/wp\/v2\/posts\/80556","targetHints":{"allow":["GET"]}}],"collection":[{"href":"https:\/\/blogopara.com.br\/index.php\/wp-json\/wp\/v2\/posts"}],"about":[{"href":"https:\/\/blogopara.com.br\/index.php\/wp-json\/wp\/v2\/types\/post"}],"author":[{"embeddable":true,"href":"https:\/\/blogopara.com.br\/index.php\/wp-json\/wp\/v2\/users\/1"}],"replies":[{"embeddable":true,"href":"https:\/\/blogopara.com.br\/index.php\/wp-json\/wp\/v2\/comments?post=80556"}],"version-history":[{"count":1,"href":"https:\/\/blogopara.com.br\/index.php\/wp-json\/wp\/v2\/posts\/80556\/revisions"}],"predecessor-version":[{"id":80558,"href":"https:\/\/blogopara.com.br\/index.php\/wp-json\/wp\/v2\/posts\/80556\/revisions\/80558"}],"wp:featuredmedia":[{"embeddable":true,"href":"https:\/\/blogopara.com.br\/index.php\/wp-json\/wp\/v2\/media\/80557"}],"wp:attachment":[{"href":"https:\/\/blogopara.com.br\/index.php\/wp-json\/wp\/v2\/media?parent=80556"}],"wp:term":[{"taxonomy":"category","embeddable":true,"href":"https:\/\/blogopara.com.br\/index.php\/wp-json\/wp\/v2\/categories?post=80556"},{"taxonomy":"post_tag","embeddable":true,"href":"https:\/\/blogopara.com.br\/index.php\/wp-json\/wp\/v2\/tags?post=80556"}],"curies":[{"name":"wp","href":"https:\/\/api.w.org\/{rel}","templated":true}]}}