{"id":80595,"date":"2025-10-18T07:26:25","date_gmt":"2025-10-18T10:26:25","guid":{"rendered":"https:\/\/blogopara.com.br\/?p=80595"},"modified":"2025-10-17T18:31:53","modified_gmt":"2025-10-17T21:31:53","slug":"juazeiro-comunidade-denuncia-abandono-odontologico-e-pede-investigacao-do-ministerio-publico-e-do-conselho-municipal-de-saude-sesau-responde","status":"publish","type":"post","link":"https:\/\/blogopara.com.br\/index.php\/2025\/10\/18\/juazeiro-comunidade-denuncia-abandono-odontologico-e-pede-investigacao-do-ministerio-publico-e-do-conselho-municipal-de-saude-sesau-responde","title":{"rendered":"Juazeiro: Comunidade denuncia abandono odontol\u00f3gico e pede investiga\u00e7\u00e3o do Minist\u00e9rio P\u00fablico e do Conselho municipal de sa\u00fade. Sesau responde"},"content":{"rendered":"<p>Moradores da regi\u00e3o da \u00a0Jazida 7, zona rural de Juazeiro \u2013 BA, denunciam\u00a0 a precariza\u00e7\u00e3o do atendimento odontol\u00f3gico na Unidade B\u00e1sica de Sa\u00fade local. Usu\u00e1rios que pedem para o nome n\u00e3o ser identificado relatam que a dentista lotada na UBS se ausenta com frequ\u00eancia, chegando a falta uma semana inteira sem atender, sem qualquer reposi\u00e7\u00e3o de carga hor\u00e1ria ou compensa\u00e7\u00e3o \u00e0 popula\u00e7\u00e3o.<\/p>\n<p>Segundo relatos, uma den\u00fancia j\u00e1 havia sido formalizada junto \u00e0 Ouvidoria da Secretaria de Sa\u00fade, mas nenhuma provid\u00eancia foi adotada pela gest\u00e3o municipal. Ap\u00f3s a den\u00fancia, a profissional apresentou um atestado m\u00e9dico de 30 dias e, posteriormente, outro de 60 dias de afastamento exclusivo do SUS.<\/p>\n<p>O fato mais grave relatado pela comunidade \u00e9 que, mesmo estando oficialmente afastada do servi\u00e7o p\u00fablico, a dentista estaria atendendo normalmente em seu consult\u00f3rio particular.<\/p>\n<p>&#8220;Essa situa\u00e7\u00e3o gerou forte revolta entre os moradores, que agora pedem que o Minist\u00e9rio P\u00fablico e o Conselho Municipal de sa\u00fade apurem o caso, uma vez que o atestado deveria abranger toda e qualquer atividade profissional, e n\u00e3o apenas o servi\u00e7o p\u00fablico. Se ela est\u00e1 doente para atender o povo na UBS, como \u00e9 que continua atendendo normalmente no consult\u00f3rio particular? A quem interessa esse sil\u00eancio da gest\u00e3o?&#8221;, questiona uma moradora.<\/p>\n<p>Al\u00e9m da falta da dentista, moradores relatam que o &#8220;m\u00e9dico, dentista e enfermeiro recebem para trabalhar 40h semanais, mas na pr\u00e1tica n\u00e3o cumprem sequer 30h, reduzindo expediente, chegando tarde ou saindo antes do hor\u00e1rio&#8221;.<\/p>\n<p>Outro ponto citado \u00e9 o desrespeito no acolhimento, inclusive com relatos de deboche e mau atendimento por parte da assistente da dentista, o que dificulta ainda mais o acesso aos servi\u00e7os b\u00e1sicos de sa\u00fade.<\/p>\n<p>DEN\u00daNCIA GRAVE: De acordo com os moradores, a dor da comunidade ficou ainda mais forte ap\u00f3s a morte recente de um jovem morador da Jazida 7, identificado como Andr\u00e9, que sofria com dores de dente e n\u00e3o conseguiu atendimento oportuno. Para muitos, esse triste epis\u00f3dio representa uma vida que poderia ter sido salva se o servi\u00e7o odontol\u00f3gico estivesse funcionando regularmente.<\/p>\n<p>Apelo \u00e0 gest\u00e3o p\u00fablica-<\/p>\n<p>Os moradores enviam um apelo direto ao Prefeito, ao Secret\u00e1rio de Sa\u00fade e aos cargos comissionados respons\u00e1veis pela zona rural, pedindo:<\/p>\n<p>Audi\u00eancia p\u00fablica ou reuni\u00e3o com a comunidade rural para ouvir as demandas;<\/p>\n<p>Transpar\u00eancia na carga hor\u00e1ria e presen\u00e7a dos profissionais lotados na zona rural;<\/p>\n<p>Investiga\u00e7\u00e3o sobre o uso de atestado para afastamento do SUS com manuten\u00e7\u00e3o de atendimento particular;<\/p>\n<p>Atua\u00e7\u00e3o do Conselho Municipal de Sa\u00fade e do Minist\u00e9rio P\u00fablico para garantir o direito constitucional ao acesso \u00e0 sa\u00fade.<\/p>\n<p>&#8220;N\u00e3o queremos favor. Queremos direito. O direito de n\u00e3o morrer esperando atendimento de uma dor que pode ser sanada&#8221;, finaliza email.<\/p>\n<p>Fonte de informa\u00e7\u00f5es: RedeGN<\/p>\n","protected":false},"excerpt":{"rendered":"<p>Moradores da regi\u00e3o da \u00a0Jazida 7, zona rural de Juazeiro \u2013 BA, denunciam\u00a0 a precariza\u00e7\u00e3o do atendimento odontol\u00f3gico na Unidade B\u00e1sica de Sa\u00fade local. Usu\u00e1rios que pedem para o nome n\u00e3o ser identificado relatam que a dentista lotada na UBS se ausenta com frequ\u00eancia, chegando a falta uma semana inteira sem atender, sem qualquer reposi\u00e7\u00e3o [&hellip;]<\/p>\n","protected":false},"author":1,"featured_media":61844,"comment_status":"open","ping_status":"open","sticky":false,"template":"","format":"standard","meta":{"_uag_custom_page_level_css":"","_monsterinsights_skip_tracking":false,"_monsterinsights_sitenote_active":false,"_monsterinsights_sitenote_note":"","_monsterinsights_sitenote_category":0,"jetpack_post_was_ever_published":false,"_jetpack_newsletter_access":"","_jetpack_dont_email_post_to_subs":false,"_jetpack_newsletter_tier_id":0,"_jetpack_memberships_contains_paywalled_content":false,"_jetpack_memberships_contains_paid_content":false,"footnotes":"","jetpack_publicize_message":"","jetpack_publicize_feature_enabled":true,"jetpack_social_post_already_shared":true,"jetpack_social_options":{"image_generator_settings":{"template":"highway","default_image_id":0,"font":"","enabled":false},"version":2}},"categories":[203,205],"tags":[11830,11827],"class_list":["post-80595","post","type-post","status-publish","format-standard","has-post-thumbnail","hentry","category-juazeiro","category-saude","tag-helder-silveira-coutinho","tag-roberta-santana"],"jetpack_publicize_connections":[],"jetpack_featured_media_url":"https:\/\/blogopara.com.br\/wp-content\/uploads\/2024\/02\/RH-Sesau.jpeg","uagb_featured_image_src":{"full":["https:\/\/blogopara.com.br\/wp-content\/uploads\/2024\/02\/RH-Sesau.jpeg",500,281,false],"thumbnail":["https:\/\/blogopara.com.br\/wp-content\/uploads\/2024\/02\/RH-Sesau-150x150.jpeg",150,150,true],"medium":["https:\/\/blogopara.com.br\/wp-content\/uploads\/2024\/02\/RH-Sesau-300x169.jpeg",300,169,true],"medium_large":["https:\/\/blogopara.com.br\/wp-content\/uploads\/2024\/02\/RH-Sesau.jpeg",500,281,false],"large":["https:\/\/blogopara.com.br\/wp-content\/uploads\/2024\/02\/RH-Sesau.jpeg",500,281,false],"1536x1536":["https:\/\/blogopara.com.br\/wp-content\/uploads\/2024\/02\/RH-Sesau.jpeg",500,281,false],"2048x2048":["https:\/\/blogopara.com.br\/wp-content\/uploads\/2024\/02\/RH-Sesau.jpeg",500,281,false],"mantranews-slider-large":["https:\/\/blogopara.com.br\/wp-content\/uploads\/2024\/02\/RH-Sesau.jpeg",500,281,false],"mantranews-featured-medium":["https:\/\/blogopara.com.br\/wp-content\/uploads\/2024\/02\/RH-Sesau-420x281.jpeg",420,281,true],"mantranews-featured-long":["https:\/\/blogopara.com.br\/wp-content\/uploads\/2024\/02\/RH-Sesau-300x281.jpeg",300,281,true],"mantranews-block-medium":["https:\/\/blogopara.com.br\/wp-content\/uploads\/2024\/02\/RH-Sesau-464x281.jpeg",464,281,true],"mantranews-carousel-image":["https:\/\/blogopara.com.br\/wp-content\/uploads\/2024\/02\/RH-Sesau.jpeg",500,281,false],"mantranews-block-thumb":["https:\/\/blogopara.com.br\/wp-content\/uploads\/2024\/02\/RH-Sesau-322x230.jpeg",322,230,true],"mantranews-single-large":["https:\/\/blogopara.com.br\/wp-content\/uploads\/2024\/02\/RH-Sesau.jpeg",500,281,false]},"uagb_author_info":{"display_name":"Reda\u00e7\u00e3o geral","author_link":"https:\/\/blogopara.com.br\/index.php\/author\/blogopara"},"uagb_comment_info":0,"uagb_excerpt":"Moradores da regi\u00e3o da \u00a0Jazida 7, zona rural de Juazeiro \u2013 BA, denunciam\u00a0 a precariza\u00e7\u00e3o do atendimento odontol\u00f3gico na Unidade B\u00e1sica de Sa\u00fade local. Usu\u00e1rios que pedem para o nome n\u00e3o ser identificado relatam que a dentista lotada na UBS se ausenta com frequ\u00eancia, chegando a falta uma semana inteira sem atender, sem qualquer reposi\u00e7\u00e3o&hellip;","jetpack_sharing_enabled":true,"jetpack_likes_enabled":true,"_links":{"self":[{"href":"https:\/\/blogopara.com.br\/index.php\/wp-json\/wp\/v2\/posts\/80595","targetHints":{"allow":["GET"]}}],"collection":[{"href":"https:\/\/blogopara.com.br\/index.php\/wp-json\/wp\/v2\/posts"}],"about":[{"href":"https:\/\/blogopara.com.br\/index.php\/wp-json\/wp\/v2\/types\/post"}],"author":[{"embeddable":true,"href":"https:\/\/blogopara.com.br\/index.php\/wp-json\/wp\/v2\/users\/1"}],"replies":[{"embeddable":true,"href":"https:\/\/blogopara.com.br\/index.php\/wp-json\/wp\/v2\/comments?post=80595"}],"version-history":[{"count":2,"href":"https:\/\/blogopara.com.br\/index.php\/wp-json\/wp\/v2\/posts\/80595\/revisions"}],"predecessor-version":[{"id":80597,"href":"https:\/\/blogopara.com.br\/index.php\/wp-json\/wp\/v2\/posts\/80595\/revisions\/80597"}],"wp:featuredmedia":[{"embeddable":true,"href":"https:\/\/blogopara.com.br\/index.php\/wp-json\/wp\/v2\/media\/61844"}],"wp:attachment":[{"href":"https:\/\/blogopara.com.br\/index.php\/wp-json\/wp\/v2\/media?parent=80595"}],"wp:term":[{"taxonomy":"category","embeddable":true,"href":"https:\/\/blogopara.com.br\/index.php\/wp-json\/wp\/v2\/categories?post=80595"},{"taxonomy":"post_tag","embeddable":true,"href":"https:\/\/blogopara.com.br\/index.php\/wp-json\/wp\/v2\/tags?post=80595"}],"curies":[{"name":"wp","href":"https:\/\/api.w.org\/{rel}","templated":true}]}}