{"id":80660,"date":"2025-10-21T11:15:01","date_gmt":"2025-10-21T14:15:01","guid":{"rendered":"https:\/\/blogopara.com.br\/?p=80660"},"modified":"2025-10-21T11:15:01","modified_gmt":"2025-10-21T14:15:01","slug":"lula-me-deu-missao-de-ajudar-a-colocar-o-governo-na-rua-diz-boulos-que-assume-ministerio","status":"publish","type":"post","link":"https:\/\/blogopara.com.br\/index.php\/2025\/10\/21\/lula-me-deu-missao-de-ajudar-a-colocar-o-governo-na-rua-diz-boulos-que-assume-ministerio","title":{"rendered":"\u2018Lula me deu miss\u00e3o de ajudar a colocar o governo na rua\u2019, diz Boulos, que assume minist\u00e9rio"},"content":{"rendered":"<p>Guilherme Boulos (PSOL-SP) afirmou ao jornal Folha de S.Paulo que Lula (PT) deu a ele \u201ca miss\u00e3o de ajudar a colocar o governo na rua\u201d.<\/p>\n<p>O presidente anunciou nesta segunda (20) que o deputado federal ser\u00e1 o novo Secret\u00e1rio Geral do Governo. Ele ter\u00e1 um gabinete no Pal\u00e1cio do Planalto.<\/p>\n<p>\u201cVou viajar para todos os estados, vou rodar o pa\u00eds e conversar com os movimentos sociais, com o povo\u201d, afirma Boulos.<\/p>\n<p>\u201cVou a cada lugar do Brasil com a miss\u00e3o de dialogar e de levar as realiza\u00e7\u00f5es do governo para todos os cantos, e tamb\u00e9m com a miss\u00e3o de aproximar o governo daqueles que ainda est\u00e3o distantes\u201d, afirma.<\/p>\n<p>\u201cLula me chamou para trabalhar pelas demandas populares, e \u00e9 isso o que eu vou fazer\u201d, segue.<\/p>\n<p>O presidente sacramentou a decis\u00e3o nesta segunda (20), depois de se reunir com ele no Pal\u00e1cio do Planalto, e fez o an\u00fancio em seguida.<\/p>\n<p>Da reuni\u00e3o participou tamb\u00e9m M\u00e1rcio Mac\u00eado, que ocupava at\u00e9 ent\u00e3o o cargo e j\u00e1 tinha sido avisado, na sexta-feira (17) que seria exonerado, em reuni\u00e3o da qual participou tamb\u00e9m a ministra das Rela\u00e7\u00f5es Institucionais, Gleisi Hoffmann.<\/p>\n<p>Em nota, a Presid\u00eancia da Rep\u00fablica afirmou que \u201co presidente Luiz In\u00e1cio Lula da Silva se reuniu com o deputado federal Guilherme Boulos nesta segunda-feira (20) e o convidou para ocupar o cargo de ministro-chefe da Secretaria-Geral da Presid\u00eancia da Rep\u00fablica. Boulos ir\u00e1 substituir o ministro M\u00e1rcio Mac\u00eado na fun\u00e7\u00e3o. M\u00e1rcio, a ministra Gleisi Hoffmann (Secretaria de Rela\u00e7\u00f5es Institucionais) e os ministro Rui Costa (Casa Civil) e Sid\u00f4nio Palmeira (Secretaria de Comunica\u00e7\u00e3o Social) participaram do encontro com o presidente. A nomea\u00e7\u00e3o de Boulos sair\u00e1 publicada no Di\u00e1rio Oficial de amanh\u00e3\u201d.<\/p>\n<p>Nas conversas que teve com Lula, o deputado federal combinou que n\u00e3o ser\u00e1 candidato \u00e0 reelei\u00e7\u00e3o no pr\u00f3ximo ano, dedicando-se integralmente ao governo. Ele deve percorrer o pa\u00eds para dialogar com movimentos sociais.<\/p>\n<p>Lula j\u00e1 vinha se queixando de Mac\u00eado desde o ano passado, mas tinha dificuldade de demiti-lo j\u00e1 que ambos s\u00e3o amigos pessoais.<\/p>\n<p>Macedo, que resistiu a sair do governo, vai ser candidato a deputado federal por Sergipe no pr\u00f3ximo ano.<\/p>\n<p>O jornal Folha de S.Paulo revelou, em setembro, que Lula informou a seus auxiliares que anunciaria Boulos no lugar de Mac\u00eado. H\u00e1 alguns meses o presidente perguntou ao deputado se ele abriria m\u00e3o de concorrer \u00e0 C\u00e2mara para integrar o governo at\u00e9 o fim de 2026. O deputado respondeu que sim, acrescentando que sua prioridade \u00e9 a reelei\u00e7\u00e3o do petista.<\/p>\n<p>Guilherme Boulos, 43, surgiu no debate p\u00fablico como l\u00edder do MTST (Movimento dos Trabalhadores Sem Teto), grupo que reivindica moradias em \u00e1reas urbanas, no qual militou durante mais de 20 anos. Foi coordenador nacional do grupo e atualmente est\u00e1 afastado da fun\u00e7\u00e3o.<\/p>\n<p>Ele se aproximou de Lula ao longo dos anos e ganhou a confian\u00e7a do petista especialmente ao mobilizar manifestantes para protestar contra a sua pris\u00e3o, em 2018.<\/p>\n<p>No ano passado, tentou pela segunda vez ser eleito prefeito de S\u00e3o Paulo. Deputado federal em primeiro mandato, o representante do PSOL buscava um resultado diferente do de 2020, quando chegou ao segundo turno, mas foi derrotado por Bruno Covas (PSDB).<\/p>\n<p>A candidatura de Boulos em 2024 come\u00e7ou a ser preparada ainda em 2020, quando ele alcan\u00e7ou 40,6% dos votos v\u00e1lidos contra o ent\u00e3o candidato \u00e0 reelei\u00e7\u00e3o, Bruno Covas, no que foi interpretado \u00e0 \u00e9poca como uma vit\u00f3ria pol\u00edtica para ele, o PSOL e a esquerda como um todo, apesar da derrota objetiva.<\/p>\n<p>Visto desde ent\u00e3o como pr\u00e9-candidato, ele confirmou a inten\u00e7\u00e3o ao aceitar um acordo com Lula em 2022 pelo qual abria m\u00e3o de concorrer ao Governo de S\u00e3o Paulo para favorecer a unidade em torno do nome de Fernando Haddad, em troca do apoio do partido \u00e0 candidatura a prefeito dois anos mais tarde.<\/p>\n<p>O membro do PSOL acabou concorrendo \u00e0 C\u00e2mara dos Deputados e, com mais de 1 milh\u00e3o de votos, foi o deputado federal mais votado no estado de S\u00e3o Paulo. Ele passou a usar o ep\u00edteto de \u201cdeputado de esquerda mais votado da hist\u00f3ria do Brasil\u201d e usou o mandato para ganhar experi\u00eancia na pol\u00edtica institucional e tentar demonstrar que dialoga com advers\u00e1rios e adere a negocia\u00e7\u00f5es.<\/p>\n","protected":false},"excerpt":{"rendered":"<p>Guilherme Boulos (PSOL-SP) afirmou ao jornal Folha de S.Paulo que Lula (PT) deu a ele \u201ca miss\u00e3o de ajudar a colocar o governo na rua\u201d. O presidente anunciou nesta segunda (20) que o deputado federal ser\u00e1 o novo Secret\u00e1rio Geral do Governo. Ele ter\u00e1 um gabinete no Pal\u00e1cio do Planalto. \u201cVou viajar para todos os [&hellip;]<\/p>\n","protected":false},"author":1,"featured_media":46848,"comment_status":"open","ping_status":"open","sticky":false,"template":"","format":"standard","meta":{"_uag_custom_page_level_css":"","_monsterinsights_skip_tracking":false,"_monsterinsights_sitenote_active":false,"_monsterinsights_sitenote_note":"","_monsterinsights_sitenote_category":0,"jetpack_post_was_ever_published":false,"_jetpack_newsletter_access":"","_jetpack_dont_email_post_to_subs":false,"_jetpack_newsletter_tier_id":0,"_jetpack_memberships_contains_paywalled_content":false,"_jetpack_memberships_contains_paid_content":false,"footnotes":"","jetpack_publicize_message":"","jetpack_publicize_feature_enabled":true,"jetpack_social_post_already_shared":true,"jetpack_social_options":{"image_generator_settings":{"template":"highway","default_image_id":0,"font":"","enabled":false},"version":2}},"categories":[197],"tags":[],"class_list":["post-80660","post","type-post","status-publish","format-standard","has-post-thumbnail","hentry","category-politica"],"jetpack_publicize_connections":[],"jetpack_featured_media_url":"https:\/\/blogopara.com.br\/wp-content\/uploads\/2022\/12\/lula-boulos.jpg","uagb_featured_image_src":{"full":["https:\/\/blogopara.com.br\/wp-content\/uploads\/2022\/12\/lula-boulos.jpg",500,281,false],"thumbnail":["https:\/\/blogopara.com.br\/wp-content\/uploads\/2022\/12\/lula-boulos-150x150.jpg",150,150,true],"medium":["https:\/\/blogopara.com.br\/wp-content\/uploads\/2022\/12\/lula-boulos-300x169.jpg",300,169,true],"medium_large":["https:\/\/blogopara.com.br\/wp-content\/uploads\/2022\/12\/lula-boulos.jpg",500,281,false],"large":["https:\/\/blogopara.com.br\/wp-content\/uploads\/2022\/12\/lula-boulos.jpg",500,281,false],"1536x1536":["https:\/\/blogopara.com.br\/wp-content\/uploads\/2022\/12\/lula-boulos.jpg",500,281,false],"2048x2048":["https:\/\/blogopara.com.br\/wp-content\/uploads\/2022\/12\/lula-boulos.jpg",500,281,false],"mantranews-slider-large":["https:\/\/blogopara.com.br\/wp-content\/uploads\/2022\/12\/lula-boulos.jpg",500,281,false],"mantranews-featured-medium":["https:\/\/blogopara.com.br\/wp-content\/uploads\/2022\/12\/lula-boulos-420x281.jpg",420,281,true],"mantranews-featured-long":["https:\/\/blogopara.com.br\/wp-content\/uploads\/2022\/12\/lula-boulos-300x281.jpg",300,281,true],"mantranews-block-medium":["https:\/\/blogopara.com.br\/wp-content\/uploads\/2022\/12\/lula-boulos-464x281.jpg",464,281,true],"mantranews-carousel-image":["https:\/\/blogopara.com.br\/wp-content\/uploads\/2022\/12\/lula-boulos.jpg",500,281,false],"mantranews-block-thumb":["https:\/\/blogopara.com.br\/wp-content\/uploads\/2022\/12\/lula-boulos-322x230.jpg",322,230,true],"mantranews-single-large":["https:\/\/blogopara.com.br\/wp-content\/uploads\/2022\/12\/lula-boulos.jpg",500,281,false]},"uagb_author_info":{"display_name":"Reda\u00e7\u00e3o geral","author_link":"https:\/\/blogopara.com.br\/index.php\/author\/blogopara"},"uagb_comment_info":0,"uagb_excerpt":"Guilherme Boulos (PSOL-SP) afirmou ao jornal Folha de S.Paulo que Lula (PT) deu a ele \u201ca miss\u00e3o de ajudar a colocar o governo na rua\u201d. O presidente anunciou nesta segunda (20) que o deputado federal ser\u00e1 o novo Secret\u00e1rio Geral do Governo. Ele ter\u00e1 um gabinete no Pal\u00e1cio do Planalto. \u201cVou viajar para todos os&hellip;","jetpack_sharing_enabled":true,"jetpack_likes_enabled":true,"_links":{"self":[{"href":"https:\/\/blogopara.com.br\/index.php\/wp-json\/wp\/v2\/posts\/80660","targetHints":{"allow":["GET"]}}],"collection":[{"href":"https:\/\/blogopara.com.br\/index.php\/wp-json\/wp\/v2\/posts"}],"about":[{"href":"https:\/\/blogopara.com.br\/index.php\/wp-json\/wp\/v2\/types\/post"}],"author":[{"embeddable":true,"href":"https:\/\/blogopara.com.br\/index.php\/wp-json\/wp\/v2\/users\/1"}],"replies":[{"embeddable":true,"href":"https:\/\/blogopara.com.br\/index.php\/wp-json\/wp\/v2\/comments?post=80660"}],"version-history":[{"count":1,"href":"https:\/\/blogopara.com.br\/index.php\/wp-json\/wp\/v2\/posts\/80660\/revisions"}],"predecessor-version":[{"id":80661,"href":"https:\/\/blogopara.com.br\/index.php\/wp-json\/wp\/v2\/posts\/80660\/revisions\/80661"}],"wp:featuredmedia":[{"embeddable":true,"href":"https:\/\/blogopara.com.br\/index.php\/wp-json\/wp\/v2\/media\/46848"}],"wp:attachment":[{"href":"https:\/\/blogopara.com.br\/index.php\/wp-json\/wp\/v2\/media?parent=80660"}],"wp:term":[{"taxonomy":"category","embeddable":true,"href":"https:\/\/blogopara.com.br\/index.php\/wp-json\/wp\/v2\/categories?post=80660"},{"taxonomy":"post_tag","embeddable":true,"href":"https:\/\/blogopara.com.br\/index.php\/wp-json\/wp\/v2\/tags?post=80660"}],"curies":[{"name":"wp","href":"https:\/\/api.w.org\/{rel}","templated":true}]}}