{"id":80901,"date":"2025-10-28T21:38:00","date_gmt":"2025-10-29T00:38:00","guid":{"rendered":"https:\/\/blogopara.com.br\/?p=80901"},"modified":"2025-10-28T21:38:00","modified_gmt":"2025-10-29T00:38:00","slug":"opiniao-quando-a-frieza-ofusca-a-fe","status":"publish","type":"post","link":"https:\/\/blogopara.com.br\/index.php\/2025\/10\/28\/opiniao-quando-a-frieza-ofusca-a-fe","title":{"rendered":"Opini\u00e3o: Quando a frieza ofusca a f\u00e9"},"content":{"rendered":"<p>Muitas vezes, a espiritualidade parece perder o frescor. O culto n\u00e3o desperta mais o cora\u00e7\u00e3o, a ora\u00e7\u00e3o se torna mec\u00e2nica, a leitura da Palavra parece distante, e a presen\u00e7a de Deus parece algo que se toca apenas por obriga\u00e7\u00e3o. Ainda assim, existe um anseio silencioso, profundo e quase universal: a saudade do primeiro amor, aquele que moveu o cora\u00e7\u00e3o a se entregar plenamente. Apocalipse 3 lembra que h\u00e1 comunidades que se afastaram, que mant\u00eam rituais mas perderam a chama da paix\u00e3o espiritual, e o convite \u00e9 claro: \u00e9 tempo de lembrar de onde se partiu e de reacender o desejo de estar verdadeiramente com Deus. \u00c9 uma experi\u00eancia que come\u00e7a no \u00edntimo, no encontro individual, antes de se refletir no coletivo, porque toda rela\u00e7\u00e3o com Deus precisa de ra\u00edzes s\u00f3lidas na intimidade pessoal.<\/p>\n<p>A frieza espiritual n\u00e3o surge do nada. Muitas vezes \u00e9 fruto de desgaste emocional, de decep\u00e7\u00f5es, do ritmo acelerado da vida contempor\u00e2nea e de uma religiosidade que se torna aparente, ritual\u00edstica, sem tocar a ess\u00eancia da alma. H\u00e1 milh\u00f5es de pessoas pelo pa\u00eds, em Igrejas ou fora delas, que mant\u00eam uma pr\u00e1tica vazia ou j\u00e1 abandonaram completamente a f\u00e9 organizada, mas que secretamente anelam se reconectar com Deus, desejar voltar a ser como foram no dia em que conheceram a alegria da salva\u00e7\u00e3o. Esse estado revela que a espiritualidade verdadeira n\u00e3o se mede apenas por frequ\u00eancia, mas pela profundidade da rela\u00e7\u00e3o \u00edntima estabelecida com nosso Deus.<\/p>\n<p>O caminho para reconstruir essa chama come\u00e7a na pessoa. A intimidade di\u00e1ria, silenciosa e honesta com Deus, seja em ora\u00e7\u00e3o, leitura, medita\u00e7\u00e3o ou confiss\u00e3o, cria ra\u00edzes s\u00f3lidas. \u00c9 nesse espa\u00e7o que a f\u00e9 se fortalece e a alma se restabelece. A koinonia, a comunh\u00e3o fraternal, torna-se plena quando os cora\u00e7\u00f5es j\u00e1 est\u00e3o nutridos na intimidade com Deus. O encontro com irm\u00e3os n\u00e3o substitui o relacionamento pessoal, mas o amplia e celebra, oferecendo encorajamento, ensino e cuidado m\u00fatuo. Quando a intimidade individual \u00e9 cultivada, o coletivo floresce de forma saud\u00e1vel e significativa em Cristo.<\/p>\n<p>Portanto, mesmo diante de des\u00e2nimos, frieza e rotina espiritual, h\u00e1 caminhos de renova\u00e7\u00e3o. Lembrar do Salmo 84 \u00e9 lembrar que h\u00e1 mais valor em um \u00fanico momento de genu\u00edna presen\u00e7a com Deus do que em milhares de a\u00e7\u00f5es vazias. Voltar ao primeiro amor exige coragem, honestidade consigo mesmo e paci\u00eancia. Permitir que a alma seja transparente diante do Pai, restaurar o prazer de estar com Ele, buscar a comunh\u00e3o com outros crentes a partir dessa profundidade, e caminhar com const\u00e2ncia e amor s\u00e3o passos concretos para reacender a vida espiritual. A restaura\u00e7\u00e3o \u00e9 poss\u00edvel, porque toda rela\u00e7\u00e3o com Deus \u00e9 pessoal, \u00edntima e relacional, e quando se encontra no individual, naturalmente se expande para tocar o coletivo.<\/p>\n<p>Teobaldo Pedro.<br \/>\nJuazeiro-BA.<\/p>\n","protected":false},"excerpt":{"rendered":"<p>Muitas vezes, a espiritualidade parece perder o frescor. O culto n\u00e3o desperta mais o cora\u00e7\u00e3o, a ora\u00e7\u00e3o se torna mec\u00e2nica, a leitura da Palavra parece distante, e a presen\u00e7a de Deus parece algo que se toca apenas por obriga\u00e7\u00e3o. Ainda assim, existe um anseio silencioso, profundo e quase universal: a saudade do primeiro amor, aquele [&hellip;]<\/p>\n","protected":false},"author":1,"featured_media":11940,"comment_status":"open","ping_status":"open","sticky":false,"template":"","format":"standard","meta":{"_uag_custom_page_level_css":"","_monsterinsights_skip_tracking":false,"_monsterinsights_sitenote_active":false,"_monsterinsights_sitenote_note":"","_monsterinsights_sitenote_category":0,"jetpack_post_was_ever_published":false,"_jetpack_newsletter_access":"","_jetpack_dont_email_post_to_subs":false,"_jetpack_newsletter_tier_id":0,"_jetpack_memberships_contains_paywalled_content":false,"_jetpack_memberships_contains_paid_content":false,"footnotes":"","jetpack_publicize_message":"","jetpack_publicize_feature_enabled":true,"jetpack_social_post_already_shared":true,"jetpack_social_options":{"image_generator_settings":{"template":"highway","default_image_id":0,"font":"","enabled":false},"version":2}},"categories":[203],"tags":[],"class_list":["post-80901","post","type-post","status-publish","format-standard","has-post-thumbnail","hentry","category-juazeiro"],"jetpack_publicize_connections":[],"jetpack_featured_media_url":"https:\/\/blogopara.com.br\/wp-content\/uploads\/2020\/06\/Spy-Entrevista-Pr.-Teobaldo-Pedro-Pre-candidato-a-prefeito-em-Juazeiro-Bahia-Eleicoes-2020.jpg","uagb_featured_image_src":{"full":["https:\/\/blogopara.com.br\/wp-content\/uploads\/2020\/06\/Spy-Entrevista-Pr.-Teobaldo-Pedro-Pre-candidato-a-prefeito-em-Juazeiro-Bahia-Eleicoes-2020.jpg",500,289,false],"thumbnail":["https:\/\/blogopara.com.br\/wp-content\/uploads\/2020\/06\/Spy-Entrevista-Pr.-Teobaldo-Pedro-Pre-candidato-a-prefeito-em-Juazeiro-Bahia-Eleicoes-2020-150x150.jpg",150,150,true],"medium":["https:\/\/blogopara.com.br\/wp-content\/uploads\/2020\/06\/Spy-Entrevista-Pr.-Teobaldo-Pedro-Pre-candidato-a-prefeito-em-Juazeiro-Bahia-Eleicoes-2020-300x173.jpg",300,173,true],"medium_large":["https:\/\/blogopara.com.br\/wp-content\/uploads\/2020\/06\/Spy-Entrevista-Pr.-Teobaldo-Pedro-Pre-candidato-a-prefeito-em-Juazeiro-Bahia-Eleicoes-2020.jpg",500,289,false],"large":["https:\/\/blogopara.com.br\/wp-content\/uploads\/2020\/06\/Spy-Entrevista-Pr.-Teobaldo-Pedro-Pre-candidato-a-prefeito-em-Juazeiro-Bahia-Eleicoes-2020.jpg",500,289,false],"1536x1536":["https:\/\/blogopara.com.br\/wp-content\/uploads\/2020\/06\/Spy-Entrevista-Pr.-Teobaldo-Pedro-Pre-candidato-a-prefeito-em-Juazeiro-Bahia-Eleicoes-2020.jpg",500,289,false],"2048x2048":["https:\/\/blogopara.com.br\/wp-content\/uploads\/2020\/06\/Spy-Entrevista-Pr.-Teobaldo-Pedro-Pre-candidato-a-prefeito-em-Juazeiro-Bahia-Eleicoes-2020.jpg",500,289,false],"mantranews-slider-large":["https:\/\/blogopara.com.br\/wp-content\/uploads\/2020\/06\/Spy-Entrevista-Pr.-Teobaldo-Pedro-Pre-candidato-a-prefeito-em-Juazeiro-Bahia-Eleicoes-2020.jpg",500,289,false],"mantranews-featured-medium":["https:\/\/blogopara.com.br\/wp-content\/uploads\/2020\/06\/Spy-Entrevista-Pr.-Teobaldo-Pedro-Pre-candidato-a-prefeito-em-Juazeiro-Bahia-Eleicoes-2020-420x289.jpg",420,289,true],"mantranews-featured-long":["https:\/\/blogopara.com.br\/wp-content\/uploads\/2020\/06\/Spy-Entrevista-Pr.-Teobaldo-Pedro-Pre-candidato-a-prefeito-em-Juazeiro-Bahia-Eleicoes-2020-300x289.jpg",300,289,true],"mantranews-block-medium":["https:\/\/blogopara.com.br\/wp-content\/uploads\/2020\/06\/Spy-Entrevista-Pr.-Teobaldo-Pedro-Pre-candidato-a-prefeito-em-Juazeiro-Bahia-Eleicoes-2020-464x289.jpg",464,289,true],"mantranews-carousel-image":["https:\/\/blogopara.com.br\/wp-content\/uploads\/2020\/06\/Spy-Entrevista-Pr.-Teobaldo-Pedro-Pre-candidato-a-prefeito-em-Juazeiro-Bahia-Eleicoes-2020.jpg",500,289,false],"mantranews-block-thumb":["https:\/\/blogopara.com.br\/wp-content\/uploads\/2020\/06\/Spy-Entrevista-Pr.-Teobaldo-Pedro-Pre-candidato-a-prefeito-em-Juazeiro-Bahia-Eleicoes-2020.jpg",322,186,false],"mantranews-single-large":["https:\/\/blogopara.com.br\/wp-content\/uploads\/2020\/06\/Spy-Entrevista-Pr.-Teobaldo-Pedro-Pre-candidato-a-prefeito-em-Juazeiro-Bahia-Eleicoes-2020.jpg",500,289,false]},"uagb_author_info":{"display_name":"Reda\u00e7\u00e3o geral","author_link":"https:\/\/blogopara.com.br\/index.php\/author\/blogopara"},"uagb_comment_info":0,"uagb_excerpt":"Muitas vezes, a espiritualidade parece perder o frescor. O culto n\u00e3o desperta mais o cora\u00e7\u00e3o, a ora\u00e7\u00e3o se torna mec\u00e2nica, a leitura da Palavra parece distante, e a presen\u00e7a de Deus parece algo que se toca apenas por obriga\u00e7\u00e3o. Ainda assim, existe um anseio silencioso, profundo e quase universal: a saudade do primeiro amor, aquele&hellip;","jetpack_sharing_enabled":true,"jetpack_likes_enabled":true,"_links":{"self":[{"href":"https:\/\/blogopara.com.br\/index.php\/wp-json\/wp\/v2\/posts\/80901","targetHints":{"allow":["GET"]}}],"collection":[{"href":"https:\/\/blogopara.com.br\/index.php\/wp-json\/wp\/v2\/posts"}],"about":[{"href":"https:\/\/blogopara.com.br\/index.php\/wp-json\/wp\/v2\/types\/post"}],"author":[{"embeddable":true,"href":"https:\/\/blogopara.com.br\/index.php\/wp-json\/wp\/v2\/users\/1"}],"replies":[{"embeddable":true,"href":"https:\/\/blogopara.com.br\/index.php\/wp-json\/wp\/v2\/comments?post=80901"}],"version-history":[{"count":1,"href":"https:\/\/blogopara.com.br\/index.php\/wp-json\/wp\/v2\/posts\/80901\/revisions"}],"predecessor-version":[{"id":80902,"href":"https:\/\/blogopara.com.br\/index.php\/wp-json\/wp\/v2\/posts\/80901\/revisions\/80902"}],"wp:featuredmedia":[{"embeddable":true,"href":"https:\/\/blogopara.com.br\/index.php\/wp-json\/wp\/v2\/media\/11940"}],"wp:attachment":[{"href":"https:\/\/blogopara.com.br\/index.php\/wp-json\/wp\/v2\/media?parent=80901"}],"wp:term":[{"taxonomy":"category","embeddable":true,"href":"https:\/\/blogopara.com.br\/index.php\/wp-json\/wp\/v2\/categories?post=80901"},{"taxonomy":"post_tag","embeddable":true,"href":"https:\/\/blogopara.com.br\/index.php\/wp-json\/wp\/v2\/tags?post=80901"}],"curies":[{"name":"wp","href":"https:\/\/api.w.org\/{rel}","templated":true}]}}