{"id":80940,"date":"2025-10-30T13:22:53","date_gmt":"2025-10-30T16:22:53","guid":{"rendered":"https:\/\/blogopara.com.br\/?p=80940"},"modified":"2025-10-30T13:22:53","modified_gmt":"2025-10-30T16:22:53","slug":"procon-juazeiro-participa-de-capacitacao-sobre-telefonia-e-ferramentas-para-proteger-os-consumidores","status":"publish","type":"post","link":"https:\/\/blogopara.com.br\/index.php\/2025\/10\/30\/procon-juazeiro-participa-de-capacitacao-sobre-telefonia-e-ferramentas-para-proteger-os-consumidores","title":{"rendered":"Procon Juazeiro participa de capacita\u00e7\u00e3o sobre telefonia e ferramentas para proteger os consumidores"},"content":{"rendered":"<p>A equipe t\u00e9cnica do Procon Juazeiro participou de uma importante capacita\u00e7\u00e3o oferecida pela Associa\u00e7\u00e3o Brasileira de Procons (PROCONSBRASIL) e pela ANATEL (Ag\u00eancia Nacional de Telecomunica\u00e7\u00e3o), com o tema: \u201cOs Direitos dos Consumidores de Servi\u00e7os de Tecnologia da Informa\u00e7\u00e3o e Comunica\u00e7\u00e3o (TIC) e a Cidadania Digital\u201d.<\/p>\n<p>Realizado de maneira digital entre os dias 28, 29 e 30, o curso possibilitou a troca de experi\u00eancias entre os integrantes do Sistema Nacional de Defesa do Consumidor (SNDC) e demais entidades parceiras, fortalecendo a prote\u00e7\u00e3o dos direitos dos consumidores nos servi\u00e7os de tecnologia e telecomunica\u00e7\u00f5es.<\/p>\n<p>Entre os assuntos abordados estavam as chamadas publicit\u00e1rias e abusivas, o contexto hist\u00f3rico da telefonia no Brasil e as ferramentas criadas pela ANATEL para proteger os consumidores, al\u00e9m do novo Regulamento Geral de Direitos do Consumidor, que entrou em vigor em 1\u00ba de setembro de 2025. Um exemplo de nova obriga\u00e7\u00e3o \u00e9 a Etiqueta Padr\u00e3o, que deve ser disponibilizada para que o consumidor entenda de forma simplificada as principais caracter\u00edsticas de cada oferta.<\/p>\n<p>A nova resolu\u00e7\u00e3o tamb\u00e9m ressalta a manuten\u00e7\u00e3o da proibi\u00e7\u00e3o do reajuste com menos de 12 meses de contrato; regras de transpar\u00eancia para migra\u00e7\u00e3o de oferta ao final do per\u00edodo contratado, que s\u00f3 ocorrer\u00e1 caso o consumidor n\u00e3o se manifeste previamente, sempre para oferta similar \u00e0 anterior e sem fideliza\u00e7\u00e3o, al\u00e9m de maior clareza sobre a disponibilidade dos servi\u00e7os em caso de inadimpl\u00eancia.<\/p>\n<p>De acordo com o coordenador- executivo do Procon Juazeiro, Eg\u00eddio Felizardo, a capacita\u00e7\u00e3o representa mais um passo na qualifica\u00e7\u00e3o da equipe e no fortalecimento da defesa do consumidor. \u201cParticipar desse tipo de forma\u00e7\u00e3o \u00e9 essencial para que o Procon Juazeiro continue atuando de forma t\u00e9cnica e atualizada. As mudan\u00e7as nas normas de telecomunica\u00e7\u00f5es impactam diretamente o dia a dia do consumidor, e estar alinhado \u00e0s novas diretrizes nos permite oferecer orienta\u00e7\u00f5es mais precisas e fortalecer a defesa dos direitos do consumidor juazeirenses\u201d, destacou.<\/p>\n<p><em>Thamires Costa\/Ascom PMJ<\/em><\/p>\n","protected":false},"excerpt":{"rendered":"<p>A equipe t\u00e9cnica do Procon Juazeiro participou de uma importante capacita\u00e7\u00e3o oferecida pela Associa\u00e7\u00e3o Brasileira de Procons (PROCONSBRASIL) e pela ANATEL (Ag\u00eancia Nacional de Telecomunica\u00e7\u00e3o), com o tema: \u201cOs Direitos dos Consumidores de Servi\u00e7os de Tecnologia da Informa\u00e7\u00e3o e Comunica\u00e7\u00e3o (TIC) e a Cidadania Digital\u201d. Realizado de maneira digital entre os dias 28, 29 e [&hellip;]<\/p>\n","protected":false},"author":1,"featured_media":80942,"comment_status":"open","ping_status":"open","sticky":false,"template":"","format":"standard","meta":{"_uag_custom_page_level_css":"","_monsterinsights_skip_tracking":false,"_monsterinsights_sitenote_active":false,"_monsterinsights_sitenote_note":"","_monsterinsights_sitenote_category":0,"jetpack_post_was_ever_published":false,"_jetpack_newsletter_access":"","_jetpack_dont_email_post_to_subs":false,"_jetpack_newsletter_tier_id":0,"_jetpack_memberships_contains_paywalled_content":false,"_jetpack_memberships_contains_paid_content":false,"footnotes":"","jetpack_publicize_message":"","jetpack_publicize_feature_enabled":true,"jetpack_social_post_already_shared":true,"jetpack_social_options":{"image_generator_settings":{"template":"highway","default_image_id":0,"font":"","enabled":false},"version":2}},"categories":[203],"tags":[],"class_list":["post-80940","post","type-post","status-publish","format-standard","has-post-thumbnail","hentry","category-juazeiro"],"jetpack_publicize_connections":[],"jetpack_featured_media_url":"https:\/\/blogopara.com.br\/wp-content\/uploads\/2025\/10\/WhatsApp-Image-2025-10-30-at-12.19.01-1024x768-1.jpeg","uagb_featured_image_src":{"full":["https:\/\/blogopara.com.br\/wp-content\/uploads\/2025\/10\/WhatsApp-Image-2025-10-30-at-12.19.01-1024x768-1.jpeg",500,375,false],"thumbnail":["https:\/\/blogopara.com.br\/wp-content\/uploads\/2025\/10\/WhatsApp-Image-2025-10-30-at-12.19.01-1024x768-1-150x150.jpeg",150,150,true],"medium":["https:\/\/blogopara.com.br\/wp-content\/uploads\/2025\/10\/WhatsApp-Image-2025-10-30-at-12.19.01-1024x768-1-300x225.jpeg",300,225,true],"medium_large":["https:\/\/blogopara.com.br\/wp-content\/uploads\/2025\/10\/WhatsApp-Image-2025-10-30-at-12.19.01-1024x768-1.jpeg",500,375,false],"large":["https:\/\/blogopara.com.br\/wp-content\/uploads\/2025\/10\/WhatsApp-Image-2025-10-30-at-12.19.01-1024x768-1.jpeg",500,375,false],"1536x1536":["https:\/\/blogopara.com.br\/wp-content\/uploads\/2025\/10\/WhatsApp-Image-2025-10-30-at-12.19.01-1024x768-1.jpeg",500,375,false],"2048x2048":["https:\/\/blogopara.com.br\/wp-content\/uploads\/2025\/10\/WhatsApp-Image-2025-10-30-at-12.19.01-1024x768-1.jpeg",500,375,false],"mantranews-slider-large":["https:\/\/blogopara.com.br\/wp-content\/uploads\/2025\/10\/WhatsApp-Image-2025-10-30-at-12.19.01-1024x768-1.jpeg",500,375,false],"mantranews-featured-medium":["https:\/\/blogopara.com.br\/wp-content\/uploads\/2025\/10\/WhatsApp-Image-2025-10-30-at-12.19.01-1024x768-1-420x307.jpeg",420,307,true],"mantranews-featured-long":["https:\/\/blogopara.com.br\/wp-content\/uploads\/2025\/10\/WhatsApp-Image-2025-10-30-at-12.19.01-1024x768-1-300x375.jpeg",300,375,true],"mantranews-block-medium":["https:\/\/blogopara.com.br\/wp-content\/uploads\/2025\/10\/WhatsApp-Image-2025-10-30-at-12.19.01-1024x768-1-464x290.jpeg",464,290,true],"mantranews-carousel-image":["https:\/\/blogopara.com.br\/wp-content\/uploads\/2025\/10\/WhatsApp-Image-2025-10-30-at-12.19.01-1024x768-1.jpeg",500,375,false],"mantranews-block-thumb":["https:\/\/blogopara.com.br\/wp-content\/uploads\/2025\/10\/WhatsApp-Image-2025-10-30-at-12.19.01-1024x768-1-322x230.jpeg",322,230,true],"mantranews-single-large":["https:\/\/blogopara.com.br\/wp-content\/uploads\/2025\/10\/WhatsApp-Image-2025-10-30-at-12.19.01-1024x768-1.jpeg",500,375,false]},"uagb_author_info":{"display_name":"Reda\u00e7\u00e3o geral","author_link":"https:\/\/blogopara.com.br\/index.php\/author\/blogopara"},"uagb_comment_info":0,"uagb_excerpt":"A equipe t\u00e9cnica do Procon Juazeiro participou de uma importante capacita\u00e7\u00e3o oferecida pela Associa\u00e7\u00e3o Brasileira de Procons (PROCONSBRASIL) e pela ANATEL (Ag\u00eancia Nacional de Telecomunica\u00e7\u00e3o), com o tema: \u201cOs Direitos dos Consumidores de Servi\u00e7os de Tecnologia da Informa\u00e7\u00e3o e Comunica\u00e7\u00e3o (TIC) e a Cidadania Digital\u201d. Realizado de maneira digital entre os dias 28, 29 e&hellip;","jetpack_sharing_enabled":true,"jetpack_likes_enabled":true,"_links":{"self":[{"href":"https:\/\/blogopara.com.br\/index.php\/wp-json\/wp\/v2\/posts\/80940","targetHints":{"allow":["GET"]}}],"collection":[{"href":"https:\/\/blogopara.com.br\/index.php\/wp-json\/wp\/v2\/posts"}],"about":[{"href":"https:\/\/blogopara.com.br\/index.php\/wp-json\/wp\/v2\/types\/post"}],"author":[{"embeddable":true,"href":"https:\/\/blogopara.com.br\/index.php\/wp-json\/wp\/v2\/users\/1"}],"replies":[{"embeddable":true,"href":"https:\/\/blogopara.com.br\/index.php\/wp-json\/wp\/v2\/comments?post=80940"}],"version-history":[{"count":1,"href":"https:\/\/blogopara.com.br\/index.php\/wp-json\/wp\/v2\/posts\/80940\/revisions"}],"predecessor-version":[{"id":80943,"href":"https:\/\/blogopara.com.br\/index.php\/wp-json\/wp\/v2\/posts\/80940\/revisions\/80943"}],"wp:featuredmedia":[{"embeddable":true,"href":"https:\/\/blogopara.com.br\/index.php\/wp-json\/wp\/v2\/media\/80942"}],"wp:attachment":[{"href":"https:\/\/blogopara.com.br\/index.php\/wp-json\/wp\/v2\/media?parent=80940"}],"wp:term":[{"taxonomy":"category","embeddable":true,"href":"https:\/\/blogopara.com.br\/index.php\/wp-json\/wp\/v2\/categories?post=80940"},{"taxonomy":"post_tag","embeddable":true,"href":"https:\/\/blogopara.com.br\/index.php\/wp-json\/wp\/v2\/tags?post=80940"}],"curies":[{"name":"wp","href":"https:\/\/api.w.org\/{rel}","templated":true}]}}