{"id":80965,"date":"2025-10-31T08:41:58","date_gmt":"2025-10-31T11:41:58","guid":{"rendered":"https:\/\/blogopara.com.br\/?p=80965"},"modified":"2025-10-31T08:56:06","modified_gmt":"2025-10-31T11:56:06","slug":"vereador-eduardo-bacellar-denuncia-atraso-no-pagamento-de-servidores-em-sento-se","status":"publish","type":"post","link":"https:\/\/blogopara.com.br\/index.php\/2025\/10\/31\/vereador-eduardo-bacellar-denuncia-atraso-no-pagamento-de-servidores-em-sento-se","title":{"rendered":"Vereador Eduardo Bacellar denuncia atraso no pagamento de servidores em Sento S\u00e9"},"content":{"rendered":"<p>Durante a sess\u00e3o da C\u00e2mara Municipal desta quinta-feira (30), o vereador Eduardo Bacellar denunciou o atraso no pagamento dos funcion\u00e1rios ligados \u00e0s cooperativas que prestam servi\u00e7o \u00e0 Prefeitura de Sento S\u00e9.<\/p>\n<p>Em seu pronunciamento, o parlamentar destacou que a situa\u00e7\u00e3o tem se repetido m\u00eas ap\u00f3s m\u00eas, gerando insatisfa\u00e7\u00e3o entre os trabalhadores.<\/p>\n<p>\u201cEu venho fazer um requerimento para as cooperativas do munic\u00edpio, na qual os trabalhadores tanto reclamam. Hoje, dia 30, e at\u00e9 agora, nada de pagamento. E n\u00e3o \u00e9 s\u00f3 esse m\u00eas que est\u00e1 acontecendo. Todos os meses est\u00e3o tendo esse mesmo problema. Mas eu desafio, eu desafio os defensores a dizer que esse vereador aqui est\u00e1 mentindo. Porque aqui, quando a gente vem fazer cobran\u00e7as, parece que a gente \u00e9 mentiroso. Ent\u00e3o, eu desafio aos secret\u00e1rios de governo que venham defender aqui, que eu estou mentindo. Que o que eu estou falando aqui est\u00e1 errado. Porque a gente fala e \u00e9 debatido que a gente est\u00e1 errado\u201d, afirmou Bacellar.<\/p>\n<p>O vereador ainda cobrou transpar\u00eancia e respeito com os trabalhadores, ressaltando que o atraso nos pagamentos afeta fam\u00edlias inteiras que dependem dos vencimentos para o sustento mensal. A fala de Bacellar repercutiu entre os colegas de plen\u00e1rio e refor\u00e7ou a cobran\u00e7a por melhor gest\u00e3o e regularidade nos pagamentos dos servidores terceirizados e cooperados que atuam no munic\u00edpio.<\/p>\n<p>Confira na \u00edntegra:\u00a0<a title=\"https:\/\/www.instagram.com\/reel\/DQcj8O9j3VI\/?igsh=MXhqa2RycGNnM29wcQ==\" href=\"https:\/\/www.instagram.com\/reel\/DQcj8O9j3VI\/?igsh=MXhqa2RycGNnM29wcQ==\" target=\"_blank\" rel=\"noopener noreferrer\" data-auth=\"NotApplicable\" data-linkindex=\"0\">https:\/\/www.instagram.com\/reel\/DQcj8O9j3VI\/?igsh=MXhqa2RycGNnM29wcQ==<\/a><\/p>\n","protected":false},"excerpt":{"rendered":"<p>Durante a sess\u00e3o da C\u00e2mara Municipal desta quinta-feira (30), o vereador Eduardo Bacellar denunciou o atraso no pagamento dos funcion\u00e1rios ligados \u00e0s cooperativas que prestam servi\u00e7o \u00e0 Prefeitura de Sento S\u00e9. Em seu pronunciamento, o parlamentar destacou que a situa\u00e7\u00e3o tem se repetido m\u00eas ap\u00f3s m\u00eas, gerando insatisfa\u00e7\u00e3o entre os trabalhadores. \u201cEu venho fazer um [&hellip;]<\/p>\n","protected":false},"author":1,"featured_media":80975,"comment_status":"open","ping_status":"open","sticky":false,"template":"","format":"standard","meta":{"_uag_custom_page_level_css":"","_monsterinsights_skip_tracking":false,"_monsterinsights_sitenote_active":false,"_monsterinsights_sitenote_note":"","_monsterinsights_sitenote_category":0,"jetpack_post_was_ever_published":false,"_jetpack_newsletter_access":"","_jetpack_dont_email_post_to_subs":false,"_jetpack_newsletter_tier_id":0,"_jetpack_memberships_contains_paywalled_content":false,"_jetpack_memberships_contains_paid_content":false,"footnotes":"","jetpack_publicize_message":"","jetpack_publicize_feature_enabled":true,"jetpack_social_post_already_shared":true,"jetpack_social_options":{"image_generator_settings":{"template":"highway","default_image_id":0,"font":"","enabled":false},"version":2}},"categories":[197],"tags":[],"class_list":["post-80965","post","type-post","status-publish","format-standard","has-post-thumbnail","hentry","category-politica"],"jetpack_publicize_connections":[],"jetpack_featured_media_url":"https:\/\/blogopara.com.br\/wp-content\/uploads\/2025\/10\/thumbnail_WhatsApp-Image-2025-10-30-at-20.11.47.jpg","uagb_featured_image_src":{"full":["https:\/\/blogopara.com.br\/wp-content\/uploads\/2025\/10\/thumbnail_WhatsApp-Image-2025-10-30-at-20.11.47.jpg",500,268,false],"thumbnail":["https:\/\/blogopara.com.br\/wp-content\/uploads\/2025\/10\/thumbnail_WhatsApp-Image-2025-10-30-at-20.11.47-150x150.jpg",150,150,true],"medium":["https:\/\/blogopara.com.br\/wp-content\/uploads\/2025\/10\/thumbnail_WhatsApp-Image-2025-10-30-at-20.11.47-300x161.jpg",300,161,true],"medium_large":["https:\/\/blogopara.com.br\/wp-content\/uploads\/2025\/10\/thumbnail_WhatsApp-Image-2025-10-30-at-20.11.47.jpg",500,268,false],"large":["https:\/\/blogopara.com.br\/wp-content\/uploads\/2025\/10\/thumbnail_WhatsApp-Image-2025-10-30-at-20.11.47.jpg",500,268,false],"1536x1536":["https:\/\/blogopara.com.br\/wp-content\/uploads\/2025\/10\/thumbnail_WhatsApp-Image-2025-10-30-at-20.11.47.jpg",500,268,false],"2048x2048":["https:\/\/blogopara.com.br\/wp-content\/uploads\/2025\/10\/thumbnail_WhatsApp-Image-2025-10-30-at-20.11.47.jpg",500,268,false],"mantranews-slider-large":["https:\/\/blogopara.com.br\/wp-content\/uploads\/2025\/10\/thumbnail_WhatsApp-Image-2025-10-30-at-20.11.47.jpg",500,268,false],"mantranews-featured-medium":["https:\/\/blogopara.com.br\/wp-content\/uploads\/2025\/10\/thumbnail_WhatsApp-Image-2025-10-30-at-20.11.47-420x268.jpg",420,268,true],"mantranews-featured-long":["https:\/\/blogopara.com.br\/wp-content\/uploads\/2025\/10\/thumbnail_WhatsApp-Image-2025-10-30-at-20.11.47-300x268.jpg",300,268,true],"mantranews-block-medium":["https:\/\/blogopara.com.br\/wp-content\/uploads\/2025\/10\/thumbnail_WhatsApp-Image-2025-10-30-at-20.11.47-464x268.jpg",464,268,true],"mantranews-carousel-image":["https:\/\/blogopara.com.br\/wp-content\/uploads\/2025\/10\/thumbnail_WhatsApp-Image-2025-10-30-at-20.11.47.jpg",500,268,false],"mantranews-block-thumb":["https:\/\/blogopara.com.br\/wp-content\/uploads\/2025\/10\/thumbnail_WhatsApp-Image-2025-10-30-at-20.11.47-322x230.jpg",322,230,true],"mantranews-single-large":["https:\/\/blogopara.com.br\/wp-content\/uploads\/2025\/10\/thumbnail_WhatsApp-Image-2025-10-30-at-20.11.47.jpg",500,268,false]},"uagb_author_info":{"display_name":"Reda\u00e7\u00e3o geral","author_link":"https:\/\/blogopara.com.br\/index.php\/author\/blogopara"},"uagb_comment_info":0,"uagb_excerpt":"Durante a sess\u00e3o da C\u00e2mara Municipal desta quinta-feira (30), o vereador Eduardo Bacellar denunciou o atraso no pagamento dos funcion\u00e1rios ligados \u00e0s cooperativas que prestam servi\u00e7o \u00e0 Prefeitura de Sento S\u00e9. Em seu pronunciamento, o parlamentar destacou que a situa\u00e7\u00e3o tem se repetido m\u00eas ap\u00f3s m\u00eas, gerando insatisfa\u00e7\u00e3o entre os trabalhadores. \u201cEu venho fazer um&hellip;","jetpack_sharing_enabled":true,"jetpack_likes_enabled":true,"_links":{"self":[{"href":"https:\/\/blogopara.com.br\/index.php\/wp-json\/wp\/v2\/posts\/80965","targetHints":{"allow":["GET"]}}],"collection":[{"href":"https:\/\/blogopara.com.br\/index.php\/wp-json\/wp\/v2\/posts"}],"about":[{"href":"https:\/\/blogopara.com.br\/index.php\/wp-json\/wp\/v2\/types\/post"}],"author":[{"embeddable":true,"href":"https:\/\/blogopara.com.br\/index.php\/wp-json\/wp\/v2\/users\/1"}],"replies":[{"embeddable":true,"href":"https:\/\/blogopara.com.br\/index.php\/wp-json\/wp\/v2\/comments?post=80965"}],"version-history":[{"count":1,"href":"https:\/\/blogopara.com.br\/index.php\/wp-json\/wp\/v2\/posts\/80965\/revisions"}],"predecessor-version":[{"id":80967,"href":"https:\/\/blogopara.com.br\/index.php\/wp-json\/wp\/v2\/posts\/80965\/revisions\/80967"}],"wp:featuredmedia":[{"embeddable":true,"href":"https:\/\/blogopara.com.br\/index.php\/wp-json\/wp\/v2\/media\/80975"}],"wp:attachment":[{"href":"https:\/\/blogopara.com.br\/index.php\/wp-json\/wp\/v2\/media?parent=80965"}],"wp:term":[{"taxonomy":"category","embeddable":true,"href":"https:\/\/blogopara.com.br\/index.php\/wp-json\/wp\/v2\/categories?post=80965"},{"taxonomy":"post_tag","embeddable":true,"href":"https:\/\/blogopara.com.br\/index.php\/wp-json\/wp\/v2\/tags?post=80965"}],"curies":[{"name":"wp","href":"https:\/\/api.w.org\/{rel}","templated":true}]}}