{"id":81052,"date":"2025-11-03T11:42:15","date_gmt":"2025-11-03T14:42:15","guid":{"rendered":"https:\/\/blogopara.com.br\/?p=81052"},"modified":"2025-11-03T11:42:15","modified_gmt":"2025-11-03T14:42:15","slug":"prefeitura-de-juazeiro-divulga-resultado-final-do-programa-de-intercambio-internacional","status":"publish","type":"post","link":"https:\/\/blogopara.com.br\/index.php\/2025\/11\/03\/prefeitura-de-juazeiro-divulga-resultado-final-do-programa-de-intercambio-internacional","title":{"rendered":"Prefeitura de Juazeiro divulga resultado final do programa de interc\u00e2mbio internacional"},"content":{"rendered":"<p>Est\u00e1 dispon\u00edvel, no site da Prefeitura de Juazeiro, o resultado final do processo seletivo do programa de interc\u00e2mbio cultural internacional do munic\u00edpio, Juazeiro pelo Mundo. O programa vai possibilitar o aprendizado em contextos internacionais para estudantes da rede municipal de ensino e prev\u00ea 20 vagas para alunos regularmente matriculados no 8\u00ba ano do Ensino Fundamental.<\/p>\n<p>A pr\u00f3xima etapa do certame ser\u00e1 a avalia\u00e7\u00e3o psicol\u00f3gica e f\u00edsica dos estudantes, que acontecer\u00e1 entre os dias 5 e 7 de outubro. Em seguida, ser\u00e1 iniciado o curso preparat\u00f3rio de ingl\u00eas, com in\u00edcio previsto para 11 de novembro a 12 de dezembro. A previs\u00e3o \u00e9 que o embarque dos estudantes selecionados ocorra no dia 6 de janeiro de 2026, com destino \u00e0 Inglaterra.<\/p>\n<p>Os intercambistas poder\u00e3o participar de cursos intensivos de l\u00ednguas estrangeiras, atividades acad\u00eamicas, esportivas, art\u00edsticas e culturais, al\u00e9m de conviver com estudantes de outros pa\u00edses por quatro semanas. Tudo isso gratuitamente, com benef\u00edcios como aux\u00edlio financeiro para manuten\u00e7\u00e3o, passagens a\u00e9reas, seguro-sa\u00fade, passaporte, visto, translado e kit de apoio.<\/p>\n<p>Consulte o resultado completo e a convocat\u00f3ria para as entrevistas no endere\u00e7o eletr\u00f4nico:\u00a0<a href=\"https:\/\/www.juazeiro.ba.gov.br\/juazeiro-pelo-mundo\/juazeiro-pelo-mundo-editais\/\">https:\/\/www.juazeiro.ba.gov.br\/juazeiro-pelo-mundo\/juazeiro-pelo-mundo-editais\/<\/a><\/p>\n<p>&nbsp;<\/p>\n<p>Eneida Trindade \u2013 Ascom\/PMJ<\/p>\n","protected":false},"excerpt":{"rendered":"<p>Est\u00e1 dispon\u00edvel, no site da Prefeitura de Juazeiro, o resultado final do processo seletivo do programa de interc\u00e2mbio cultural internacional do munic\u00edpio, Juazeiro pelo Mundo. O programa vai possibilitar o aprendizado em contextos internacionais para estudantes da rede municipal de ensino e prev\u00ea 20 vagas para alunos regularmente matriculados no 8\u00ba ano do Ensino Fundamental. [&hellip;]<\/p>\n","protected":false},"author":1,"featured_media":81053,"comment_status":"open","ping_status":"open","sticky":false,"template":"","format":"standard","meta":{"_uag_custom_page_level_css":"","_monsterinsights_skip_tracking":false,"_monsterinsights_sitenote_active":false,"_monsterinsights_sitenote_note":"","_monsterinsights_sitenote_category":0,"jetpack_post_was_ever_published":false,"_jetpack_newsletter_access":"","_jetpack_dont_email_post_to_subs":false,"_jetpack_newsletter_tier_id":0,"_jetpack_memberships_contains_paywalled_content":false,"_jetpack_memberships_contains_paid_content":false,"footnotes":"","jetpack_publicize_message":"","jetpack_publicize_feature_enabled":true,"jetpack_social_post_already_shared":true,"jetpack_social_options":{"image_generator_settings":{"template":"highway","default_image_id":0,"font":"","enabled":false},"version":2}},"categories":[209],"tags":[],"class_list":["post-81052","post","type-post","status-publish","format-standard","has-post-thumbnail","hentry","category-educacao"],"jetpack_publicize_connections":[],"jetpack_featured_media_url":"https:\/\/blogopara.com.br\/wp-content\/uploads\/2025\/11\/Juazeiro-pelo-Mundo-1.jpeg","uagb_featured_image_src":{"full":["https:\/\/blogopara.com.br\/wp-content\/uploads\/2025\/11\/Juazeiro-pelo-Mundo-1.jpeg",500,333,false],"thumbnail":["https:\/\/blogopara.com.br\/wp-content\/uploads\/2025\/11\/Juazeiro-pelo-Mundo-1-150x150.jpeg",150,150,true],"medium":["https:\/\/blogopara.com.br\/wp-content\/uploads\/2025\/11\/Juazeiro-pelo-Mundo-1-300x200.jpeg",300,200,true],"medium_large":["https:\/\/blogopara.com.br\/wp-content\/uploads\/2025\/11\/Juazeiro-pelo-Mundo-1.jpeg",500,333,false],"large":["https:\/\/blogopara.com.br\/wp-content\/uploads\/2025\/11\/Juazeiro-pelo-Mundo-1.jpeg",500,333,false],"1536x1536":["https:\/\/blogopara.com.br\/wp-content\/uploads\/2025\/11\/Juazeiro-pelo-Mundo-1.jpeg",500,333,false],"2048x2048":["https:\/\/blogopara.com.br\/wp-content\/uploads\/2025\/11\/Juazeiro-pelo-Mundo-1.jpeg",500,333,false],"mantranews-slider-large":["https:\/\/blogopara.com.br\/wp-content\/uploads\/2025\/11\/Juazeiro-pelo-Mundo-1.jpeg",500,333,false],"mantranews-featured-medium":["https:\/\/blogopara.com.br\/wp-content\/uploads\/2025\/11\/Juazeiro-pelo-Mundo-1-420x307.jpeg",420,307,true],"mantranews-featured-long":["https:\/\/blogopara.com.br\/wp-content\/uploads\/2025\/11\/Juazeiro-pelo-Mundo-1-300x333.jpeg",300,333,true],"mantranews-block-medium":["https:\/\/blogopara.com.br\/wp-content\/uploads\/2025\/11\/Juazeiro-pelo-Mundo-1-464x290.jpeg",464,290,true],"mantranews-carousel-image":["https:\/\/blogopara.com.br\/wp-content\/uploads\/2025\/11\/Juazeiro-pelo-Mundo-1.jpeg",500,333,false],"mantranews-block-thumb":["https:\/\/blogopara.com.br\/wp-content\/uploads\/2025\/11\/Juazeiro-pelo-Mundo-1-322x230.jpeg",322,230,true],"mantranews-single-large":["https:\/\/blogopara.com.br\/wp-content\/uploads\/2025\/11\/Juazeiro-pelo-Mundo-1.jpeg",500,333,false]},"uagb_author_info":{"display_name":"Reda\u00e7\u00e3o geral","author_link":"https:\/\/blogopara.com.br\/index.php\/author\/blogopara"},"uagb_comment_info":0,"uagb_excerpt":"Est\u00e1 dispon\u00edvel, no site da Prefeitura de Juazeiro, o resultado final do processo seletivo do programa de interc\u00e2mbio cultural internacional do munic\u00edpio, Juazeiro pelo Mundo. O programa vai possibilitar o aprendizado em contextos internacionais para estudantes da rede municipal de ensino e prev\u00ea 20 vagas para alunos regularmente matriculados no 8\u00ba ano do Ensino Fundamental.&hellip;","jetpack_sharing_enabled":true,"jetpack_likes_enabled":true,"_links":{"self":[{"href":"https:\/\/blogopara.com.br\/index.php\/wp-json\/wp\/v2\/posts\/81052","targetHints":{"allow":["GET"]}}],"collection":[{"href":"https:\/\/blogopara.com.br\/index.php\/wp-json\/wp\/v2\/posts"}],"about":[{"href":"https:\/\/blogopara.com.br\/index.php\/wp-json\/wp\/v2\/types\/post"}],"author":[{"embeddable":true,"href":"https:\/\/blogopara.com.br\/index.php\/wp-json\/wp\/v2\/users\/1"}],"replies":[{"embeddable":true,"href":"https:\/\/blogopara.com.br\/index.php\/wp-json\/wp\/v2\/comments?post=81052"}],"version-history":[{"count":1,"href":"https:\/\/blogopara.com.br\/index.php\/wp-json\/wp\/v2\/posts\/81052\/revisions"}],"predecessor-version":[{"id":81054,"href":"https:\/\/blogopara.com.br\/index.php\/wp-json\/wp\/v2\/posts\/81052\/revisions\/81054"}],"wp:featuredmedia":[{"embeddable":true,"href":"https:\/\/blogopara.com.br\/index.php\/wp-json\/wp\/v2\/media\/81053"}],"wp:attachment":[{"href":"https:\/\/blogopara.com.br\/index.php\/wp-json\/wp\/v2\/media?parent=81052"}],"wp:term":[{"taxonomy":"category","embeddable":true,"href":"https:\/\/blogopara.com.br\/index.php\/wp-json\/wp\/v2\/categories?post=81052"},{"taxonomy":"post_tag","embeddable":true,"href":"https:\/\/blogopara.com.br\/index.php\/wp-json\/wp\/v2\/tags?post=81052"}],"curies":[{"name":"wp","href":"https:\/\/api.w.org\/{rel}","templated":true}]}}