{"id":81071,"date":"2025-11-04T12:41:49","date_gmt":"2025-11-04T15:41:49","guid":{"rendered":"https:\/\/blogopara.com.br\/?p=81071"},"modified":"2025-11-04T12:41:49","modified_gmt":"2025-11-04T15:41:49","slug":"governo-lula-age-para-barrar-projeto-que-equipara-faccoes-criminosas-a-grupos-terroristas","status":"publish","type":"post","link":"https:\/\/blogopara.com.br\/index.php\/2025\/11\/04\/governo-lula-age-para-barrar-projeto-que-equipara-faccoes-criminosas-a-grupos-terroristas","title":{"rendered":"Governo Lula age para barrar projeto que equipara fac\u00e7\u00f5es criminosas a grupos terroristas"},"content":{"rendered":"<p>O governo federal intensificou, nesta segunda-feira (4), as articula\u00e7\u00f5es para tentar barrar a vota\u00e7\u00e3o de um projeto da oposi\u00e7\u00e3o que equipara fac\u00e7\u00f5es criminosas a grupos terroristas. A proposta deve ser analisada pela Comiss\u00e3o de Constitui\u00e7\u00e3o e Justi\u00e7a (CCJ) da C\u00e2mara. O Pal\u00e1cio do Planalto busca adiar a discuss\u00e3o e concentrar apoio em seu pr\u00f3prio texto, o \u201cprojeto de lei antifac\u00e7\u00e3o\u201d, que cria um tipo penal espec\u00edfico para organiza\u00e7\u00f5es criminosas, com penas mais duras e instrumentos de investiga\u00e7\u00e3o ampliados. A informa\u00e7\u00e3o \u00e9 do jornal &#8220;O Globo&#8221;.<\/p>\n<p>A estrat\u00e9gia do governo \u00e9 evitar que o Brasil reconhe\u00e7a formalmente a exist\u00eancia de grupos terroristas no pa\u00eds, o que poderia abrir brechas para san\u00e7\u00f5es internacionais e interfer\u00eancias externas. A oposi\u00e7\u00e3o, no entanto, pressiona para que o texto da Lei Antiterrorismo avance e seja votado junto com o projeto do Executivo. O relator na CCJ \u00e9 o deputado Nikolas Ferreira (PL-MG), e o clima na base governista \u00e9 de forte resist\u00eancia, sob o argumento de que a proposta oposicionista amea\u00e7a a soberania nacional.<\/p>\n<p>Paralelamente, o governo tamb\u00e9m tenta conter o avan\u00e7o da CPI do crime organizado, que deve ser instalada no Senado. A comiss\u00e3o, de maioria oposicionista, investigar\u00e1 a atua\u00e7\u00e3o de fac\u00e7\u00f5es e mil\u00edcias e pode se tornar um novo foco de desgaste pol\u00edtico para o presidente Lula. Enquanto a oposi\u00e7\u00e3o articula a indica\u00e7\u00e3o de Fl\u00e1vio Bolsonaro (PL-RJ) para presidir a CPI, o PT tenta equilibrar a composi\u00e7\u00e3o com nomes como Fabiano Contarato (ES) e Jaques Wagner (BA), na tentativa de evitar que o colegiado se transforme em um palanque contra o governo.<\/p>\n","protected":false},"excerpt":{"rendered":"<p>O governo federal intensificou, nesta segunda-feira (4), as articula\u00e7\u00f5es para tentar barrar a vota\u00e7\u00e3o de um projeto da oposi\u00e7\u00e3o que equipara fac\u00e7\u00f5es criminosas a grupos terroristas. A proposta deve ser analisada pela Comiss\u00e3o de Constitui\u00e7\u00e3o e Justi\u00e7a (CCJ) da C\u00e2mara. O Pal\u00e1cio do Planalto busca adiar a discuss\u00e3o e concentrar apoio em seu pr\u00f3prio texto, [&hellip;]<\/p>\n","protected":false},"author":1,"featured_media":48745,"comment_status":"open","ping_status":"open","sticky":false,"template":"","format":"standard","meta":{"_uag_custom_page_level_css":"","_monsterinsights_skip_tracking":false,"_monsterinsights_sitenote_active":false,"_monsterinsights_sitenote_note":"","_monsterinsights_sitenote_category":0,"jetpack_post_was_ever_published":false,"_jetpack_newsletter_access":"","_jetpack_dont_email_post_to_subs":false,"_jetpack_newsletter_tier_id":0,"_jetpack_memberships_contains_paywalled_content":false,"_jetpack_memberships_contains_paid_content":false,"footnotes":"","jetpack_publicize_message":"","jetpack_publicize_feature_enabled":true,"jetpack_social_post_already_shared":true,"jetpack_social_options":{"image_generator_settings":{"template":"highway","default_image_id":0,"font":"","enabled":false},"version":2}},"categories":[200],"tags":[],"class_list":["post-81071","post","type-post","status-publish","format-standard","has-post-thumbnail","hentry","category-brasil"],"jetpack_publicize_connections":[],"jetpack_featured_media_url":"https:\/\/blogopara.com.br\/wp-content\/uploads\/2023\/01\/lula-500x333-1.webp","uagb_featured_image_src":{"full":["https:\/\/blogopara.com.br\/wp-content\/uploads\/2023\/01\/lula-500x333-1.webp",500,333,false],"thumbnail":["https:\/\/blogopara.com.br\/wp-content\/uploads\/2023\/01\/lula-500x333-1-150x150.webp",150,150,true],"medium":["https:\/\/blogopara.com.br\/wp-content\/uploads\/2023\/01\/lula-500x333-1-300x200.webp",300,200,true],"medium_large":["https:\/\/blogopara.com.br\/wp-content\/uploads\/2023\/01\/lula-500x333-1.webp",500,333,false],"large":["https:\/\/blogopara.com.br\/wp-content\/uploads\/2023\/01\/lula-500x333-1.webp",500,333,false],"1536x1536":["https:\/\/blogopara.com.br\/wp-content\/uploads\/2023\/01\/lula-500x333-1.webp",500,333,false],"2048x2048":["https:\/\/blogopara.com.br\/wp-content\/uploads\/2023\/01\/lula-500x333-1.webp",500,333,false],"mantranews-slider-large":["https:\/\/blogopara.com.br\/wp-content\/uploads\/2023\/01\/lula-500x333-1.webp",500,333,false],"mantranews-featured-medium":["https:\/\/blogopara.com.br\/wp-content\/uploads\/2023\/01\/lula-500x333-1-420x307.webp",420,307,true],"mantranews-featured-long":["https:\/\/blogopara.com.br\/wp-content\/uploads\/2023\/01\/lula-500x333-1-300x333.webp",300,333,true],"mantranews-block-medium":["https:\/\/blogopara.com.br\/wp-content\/uploads\/2023\/01\/lula-500x333-1-464x290.webp",464,290,true],"mantranews-carousel-image":["https:\/\/blogopara.com.br\/wp-content\/uploads\/2023\/01\/lula-500x333-1.webp",500,333,false],"mantranews-block-thumb":["https:\/\/blogopara.com.br\/wp-content\/uploads\/2023\/01\/lula-500x333-1-322x230.webp",322,230,true],"mantranews-single-large":["https:\/\/blogopara.com.br\/wp-content\/uploads\/2023\/01\/lula-500x333-1.webp",500,333,false]},"uagb_author_info":{"display_name":"Reda\u00e7\u00e3o geral","author_link":"https:\/\/blogopara.com.br\/index.php\/author\/blogopara"},"uagb_comment_info":0,"uagb_excerpt":"O governo federal intensificou, nesta segunda-feira (4), as articula\u00e7\u00f5es para tentar barrar a vota\u00e7\u00e3o de um projeto da oposi\u00e7\u00e3o que equipara fac\u00e7\u00f5es criminosas a grupos terroristas. A proposta deve ser analisada pela Comiss\u00e3o de Constitui\u00e7\u00e3o e Justi\u00e7a (CCJ) da C\u00e2mara. O Pal\u00e1cio do Planalto busca adiar a discuss\u00e3o e concentrar apoio em seu pr\u00f3prio texto,&hellip;","jetpack_sharing_enabled":true,"jetpack_likes_enabled":true,"_links":{"self":[{"href":"https:\/\/blogopara.com.br\/index.php\/wp-json\/wp\/v2\/posts\/81071","targetHints":{"allow":["GET"]}}],"collection":[{"href":"https:\/\/blogopara.com.br\/index.php\/wp-json\/wp\/v2\/posts"}],"about":[{"href":"https:\/\/blogopara.com.br\/index.php\/wp-json\/wp\/v2\/types\/post"}],"author":[{"embeddable":true,"href":"https:\/\/blogopara.com.br\/index.php\/wp-json\/wp\/v2\/users\/1"}],"replies":[{"embeddable":true,"href":"https:\/\/blogopara.com.br\/index.php\/wp-json\/wp\/v2\/comments?post=81071"}],"version-history":[{"count":1,"href":"https:\/\/blogopara.com.br\/index.php\/wp-json\/wp\/v2\/posts\/81071\/revisions"}],"predecessor-version":[{"id":81072,"href":"https:\/\/blogopara.com.br\/index.php\/wp-json\/wp\/v2\/posts\/81071\/revisions\/81072"}],"wp:featuredmedia":[{"embeddable":true,"href":"https:\/\/blogopara.com.br\/index.php\/wp-json\/wp\/v2\/media\/48745"}],"wp:attachment":[{"href":"https:\/\/blogopara.com.br\/index.php\/wp-json\/wp\/v2\/media?parent=81071"}],"wp:term":[{"taxonomy":"category","embeddable":true,"href":"https:\/\/blogopara.com.br\/index.php\/wp-json\/wp\/v2\/categories?post=81071"},{"taxonomy":"post_tag","embeddable":true,"href":"https:\/\/blogopara.com.br\/index.php\/wp-json\/wp\/v2\/tags?post=81071"}],"curies":[{"name":"wp","href":"https:\/\/api.w.org\/{rel}","templated":true}]}}