{"id":81081,"date":"2025-11-04T20:05:14","date_gmt":"2025-11-04T23:05:14","guid":{"rendered":"https:\/\/blogopara.com.br\/?p=81081"},"modified":"2025-11-04T20:05:14","modified_gmt":"2025-11-04T23:05:14","slug":"cpi-do-crime-organizado-convida-jeronimo-para-depor-bahia-esta-entre-os-estados-sob-foco","status":"publish","type":"post","link":"https:\/\/blogopara.com.br\/index.php\/2025\/11\/04\/cpi-do-crime-organizado-convida-jeronimo-para-depor-bahia-esta-entre-os-estados-sob-foco","title":{"rendered":"CPI do Crime Organizado convida Jer\u00f4nimo para depor; Bahia est\u00e1 entre os estados sob foco"},"content":{"rendered":"<p>A Comiss\u00e3o Parlamentar de Inqu\u00e9rito do Crime Organizado, instalada nesta ter\u00e7a-feira (4) no Senado, aprovou convites para ouvir ministros, governadores e especialistas na \u00e1rea de seguran\u00e7a p\u00fablica. Entre os convocados est\u00e1 o governador da Bahia, Jer\u00f4nimo Rodrigues (PT), e o secret\u00e1rio da Seguran\u00e7a P\u00fablica do estado, Marcelo Werner.<\/p>\n<p>A Bahia aparece na lista de estados considerados menos seguros, segundo indicadores do Minist\u00e9rio da Justi\u00e7a e do F\u00f3rum Brasileiro de Seguran\u00e7a P\u00fablica, motivo pelo qual o colegiado decidiu ouvir a gest\u00e3o estadual. O objetivo \u00e9 colher informa\u00e7\u00f5es sobre o avan\u00e7o das fac\u00e7\u00f5es criminosas e o enfrentamento ao crime organizado no territ\u00f3rio baiano.<\/p>\n<p>O relator da CPI, senador Alessandro Vieira (MDB-SE), prop\u00f4s a convoca\u00e7\u00e3o de 11 governadores. Al\u00e9m da Bahia, foram inclu\u00eddos Amap\u00e1, Pernambuco, Cear\u00e1 e Alagoas como estados com os piores \u00edndices de seguran\u00e7a. Santa Catarina, Paran\u00e1, Rio Grande do Sul e Distrito Federal integram o grupo dos mais seguros. Rio de Janeiro e S\u00e3o Paulo tamb\u00e9m ser\u00e3o ouvidos por serem as origens das maiores fac\u00e7\u00f5es do pa\u00eds.<\/p>\n<p>\u201cRequeiro que sejam convidados a comparecer a esta comiss\u00e3o, a fim de apresentar sua vis\u00e3o sobre o crime organizado e sua experi\u00eancia na gest\u00e3o da seguran\u00e7a p\u00fablica\u201d, justificou o relator.<\/p>\n<p>A CPI tamb\u00e9m aprovou convites para o ministro da Justi\u00e7a e Seguran\u00e7a P\u00fablica, Ricardo Lewandowski; o ministro da Defesa, Jos\u00e9 M\u00facio; o diretor-geral da Pol\u00edcia Federal, Andrei Rodrigues; e o diretor da Abin, Luiz Corr\u00eaa, al\u00e9m de representantes de for\u00e7as de seguran\u00e7a e pesquisadores da \u00e1rea.<\/p>\n<p>O colegiado tem 120 dias para apresentar diagn\u00f3stico e propostas contra o crime organizado no Brasil. Tamb\u00e9m foi aprovado pedido de urg\u00eancia para projetos de seguran\u00e7a j\u00e1 aprovados no Senado e que tramitam na C\u00e2mara.<\/p>\n","protected":false},"excerpt":{"rendered":"<p>A Comiss\u00e3o Parlamentar de Inqu\u00e9rito do Crime Organizado, instalada nesta ter\u00e7a-feira (4) no Senado, aprovou convites para ouvir ministros, governadores e especialistas na \u00e1rea de seguran\u00e7a p\u00fablica. Entre os convocados est\u00e1 o governador da Bahia, Jer\u00f4nimo Rodrigues (PT), e o secret\u00e1rio da Seguran\u00e7a P\u00fablica do estado, Marcelo Werner. A Bahia aparece na lista de estados [&hellip;]<\/p>\n","protected":false},"author":1,"featured_media":81082,"comment_status":"open","ping_status":"open","sticky":false,"template":"","format":"standard","meta":{"_uag_custom_page_level_css":"","_monsterinsights_skip_tracking":false,"_monsterinsights_sitenote_active":false,"_monsterinsights_sitenote_note":"","_monsterinsights_sitenote_category":0,"jetpack_post_was_ever_published":false,"_jetpack_newsletter_access":"","_jetpack_dont_email_post_to_subs":false,"_jetpack_newsletter_tier_id":0,"_jetpack_memberships_contains_paywalled_content":false,"_jetpack_memberships_contains_paid_content":false,"footnotes":"","jetpack_publicize_message":"","jetpack_publicize_feature_enabled":true,"jetpack_social_post_already_shared":true,"jetpack_social_options":{"image_generator_settings":{"template":"highway","default_image_id":0,"font":"","enabled":false},"version":2}},"categories":[199,200],"tags":[],"class_list":["post-81081","post","type-post","status-publish","format-standard","has-post-thumbnail","hentry","category-bahia","category-brasil"],"jetpack_publicize_connections":[],"jetpack_featured_media_url":"https:\/\/blogopara.com.br\/wp-content\/uploads\/2025\/11\/Capturar-5.jpg","uagb_featured_image_src":{"full":["https:\/\/blogopara.com.br\/wp-content\/uploads\/2025\/11\/Capturar-5.jpg",500,348,false],"thumbnail":["https:\/\/blogopara.com.br\/wp-content\/uploads\/2025\/11\/Capturar-5-150x150.jpg",150,150,true],"medium":["https:\/\/blogopara.com.br\/wp-content\/uploads\/2025\/11\/Capturar-5-300x209.jpg",300,209,true],"medium_large":["https:\/\/blogopara.com.br\/wp-content\/uploads\/2025\/11\/Capturar-5.jpg",500,348,false],"large":["https:\/\/blogopara.com.br\/wp-content\/uploads\/2025\/11\/Capturar-5.jpg",500,348,false],"1536x1536":["https:\/\/blogopara.com.br\/wp-content\/uploads\/2025\/11\/Capturar-5.jpg",500,348,false],"2048x2048":["https:\/\/blogopara.com.br\/wp-content\/uploads\/2025\/11\/Capturar-5.jpg",500,348,false],"mantranews-slider-large":["https:\/\/blogopara.com.br\/wp-content\/uploads\/2025\/11\/Capturar-5.jpg",500,348,false],"mantranews-featured-medium":["https:\/\/blogopara.com.br\/wp-content\/uploads\/2025\/11\/Capturar-5-420x307.jpg",420,307,true],"mantranews-featured-long":["https:\/\/blogopara.com.br\/wp-content\/uploads\/2025\/11\/Capturar-5-300x348.jpg",300,348,true],"mantranews-block-medium":["https:\/\/blogopara.com.br\/wp-content\/uploads\/2025\/11\/Capturar-5-464x290.jpg",464,290,true],"mantranews-carousel-image":["https:\/\/blogopara.com.br\/wp-content\/uploads\/2025\/11\/Capturar-5.jpg",500,348,false],"mantranews-block-thumb":["https:\/\/blogopara.com.br\/wp-content\/uploads\/2025\/11\/Capturar-5-322x230.jpg",322,230,true],"mantranews-single-large":["https:\/\/blogopara.com.br\/wp-content\/uploads\/2025\/11\/Capturar-5.jpg",500,348,false]},"uagb_author_info":{"display_name":"Reda\u00e7\u00e3o geral","author_link":"https:\/\/blogopara.com.br\/index.php\/author\/blogopara"},"uagb_comment_info":0,"uagb_excerpt":"A Comiss\u00e3o Parlamentar de Inqu\u00e9rito do Crime Organizado, instalada nesta ter\u00e7a-feira (4) no Senado, aprovou convites para ouvir ministros, governadores e especialistas na \u00e1rea de seguran\u00e7a p\u00fablica. Entre os convocados est\u00e1 o governador da Bahia, Jer\u00f4nimo Rodrigues (PT), e o secret\u00e1rio da Seguran\u00e7a P\u00fablica do estado, Marcelo Werner. A Bahia aparece na lista de estados&hellip;","jetpack_sharing_enabled":true,"jetpack_likes_enabled":true,"_links":{"self":[{"href":"https:\/\/blogopara.com.br\/index.php\/wp-json\/wp\/v2\/posts\/81081","targetHints":{"allow":["GET"]}}],"collection":[{"href":"https:\/\/blogopara.com.br\/index.php\/wp-json\/wp\/v2\/posts"}],"about":[{"href":"https:\/\/blogopara.com.br\/index.php\/wp-json\/wp\/v2\/types\/post"}],"author":[{"embeddable":true,"href":"https:\/\/blogopara.com.br\/index.php\/wp-json\/wp\/v2\/users\/1"}],"replies":[{"embeddable":true,"href":"https:\/\/blogopara.com.br\/index.php\/wp-json\/wp\/v2\/comments?post=81081"}],"version-history":[{"count":1,"href":"https:\/\/blogopara.com.br\/index.php\/wp-json\/wp\/v2\/posts\/81081\/revisions"}],"predecessor-version":[{"id":81083,"href":"https:\/\/blogopara.com.br\/index.php\/wp-json\/wp\/v2\/posts\/81081\/revisions\/81083"}],"wp:featuredmedia":[{"embeddable":true,"href":"https:\/\/blogopara.com.br\/index.php\/wp-json\/wp\/v2\/media\/81082"}],"wp:attachment":[{"href":"https:\/\/blogopara.com.br\/index.php\/wp-json\/wp\/v2\/media?parent=81081"}],"wp:term":[{"taxonomy":"category","embeddable":true,"href":"https:\/\/blogopara.com.br\/index.php\/wp-json\/wp\/v2\/categories?post=81081"},{"taxonomy":"post_tag","embeddable":true,"href":"https:\/\/blogopara.com.br\/index.php\/wp-json\/wp\/v2\/tags?post=81081"}],"curies":[{"name":"wp","href":"https:\/\/api.w.org\/{rel}","templated":true}]}}