{"id":81092,"date":"2025-11-05T18:06:42","date_gmt":"2025-11-05T21:06:42","guid":{"rendered":"https:\/\/blogopara.com.br\/?p=81092"},"modified":"2025-11-05T18:06:42","modified_gmt":"2025-11-05T21:06:42","slug":"garis-usam-bandeira-do-vitoria-para-recolher-lixo-em-salvador","status":"publish","type":"post","link":"https:\/\/blogopara.com.br\/index.php\/2025\/11\/05\/garis-usam-bandeira-do-vitoria-para-recolher-lixo-em-salvador","title":{"rendered":"Garis usam bandeira do Vit\u00f3ria para recolher lixo em Salvador"},"content":{"rendered":"<p data-start=\"0\" data-end=\"148\">Um v\u00eddeo que circula nas redes sociais nesta quarta-feira (05\/11) mostra tr\u00eas garis de Salvador usando uma bandeira do Vit\u00f3ria para recolher lixo.<\/p>\n<p data-start=\"150\" data-end=\"332\">Nas imagens, os trabalhadores aparecem segurando a bandeira cheia de res\u00edduos e jogando tudo no caminh\u00e3o de coleta. S\u00f3 depois \u00e9 poss\u00edvel ver o escudo rubro-negro estampado no pano.<\/p>\n<p data-start=\"334\" data-end=\"448\" data-is-last-node=\"\" data-is-only-node=\"\">O registro, feito por um morador que passava pelo local, rapidamente viralizou e gerou pol\u00eamica nas redes sociais.<\/p>\n","protected":false},"excerpt":{"rendered":"<p>Um v\u00eddeo que circula nas redes sociais nesta quarta-feira (05\/11) mostra tr\u00eas garis de Salvador usando uma bandeira do Vit\u00f3ria para recolher lixo. Nas imagens, os trabalhadores aparecem segurando a bandeira cheia de res\u00edduos e jogando tudo no caminh\u00e3o de coleta. S\u00f3 depois \u00e9 poss\u00edvel ver o escudo rubro-negro estampado no pano. O registro, feito [&hellip;]<\/p>\n","protected":false},"author":1,"featured_media":81095,"comment_status":"open","ping_status":"open","sticky":false,"template":"","format":"standard","meta":{"_uag_custom_page_level_css":"","_monsterinsights_skip_tracking":false,"_monsterinsights_sitenote_active":false,"_monsterinsights_sitenote_note":"","_monsterinsights_sitenote_category":0,"jetpack_post_was_ever_published":false,"_jetpack_newsletter_access":"","_jetpack_dont_email_post_to_subs":false,"_jetpack_newsletter_tier_id":0,"_jetpack_memberships_contains_paywalled_content":false,"_jetpack_memberships_contains_paid_content":false,"footnotes":"","jetpack_publicize_message":"","jetpack_publicize_feature_enabled":true,"jetpack_social_post_already_shared":true,"jetpack_social_options":{"image_generator_settings":{"template":"highway","default_image_id":0,"font":"","enabled":false},"version":2}},"categories":[199],"tags":[],"class_list":["post-81092","post","type-post","status-publish","format-standard","has-post-thumbnail","hentry","category-bahia"],"jetpack_publicize_connections":[],"jetpack_featured_media_url":"https:\/\/blogopara.com.br\/wp-content\/uploads\/2025\/11\/Capturar-8.jpg","uagb_featured_image_src":{"full":["https:\/\/blogopara.com.br\/wp-content\/uploads\/2025\/11\/Capturar-8.jpg",500,278,false],"thumbnail":["https:\/\/blogopara.com.br\/wp-content\/uploads\/2025\/11\/Capturar-8-150x150.jpg",150,150,true],"medium":["https:\/\/blogopara.com.br\/wp-content\/uploads\/2025\/11\/Capturar-8-300x167.jpg",300,167,true],"medium_large":["https:\/\/blogopara.com.br\/wp-content\/uploads\/2025\/11\/Capturar-8.jpg",500,278,false],"large":["https:\/\/blogopara.com.br\/wp-content\/uploads\/2025\/11\/Capturar-8.jpg",500,278,false],"1536x1536":["https:\/\/blogopara.com.br\/wp-content\/uploads\/2025\/11\/Capturar-8.jpg",500,278,false],"2048x2048":["https:\/\/blogopara.com.br\/wp-content\/uploads\/2025\/11\/Capturar-8.jpg",500,278,false],"mantranews-slider-large":["https:\/\/blogopara.com.br\/wp-content\/uploads\/2025\/11\/Capturar-8.jpg",500,278,false],"mantranews-featured-medium":["https:\/\/blogopara.com.br\/wp-content\/uploads\/2025\/11\/Capturar-8-420x278.jpg",420,278,true],"mantranews-featured-long":["https:\/\/blogopara.com.br\/wp-content\/uploads\/2025\/11\/Capturar-8-300x278.jpg",300,278,true],"mantranews-block-medium":["https:\/\/blogopara.com.br\/wp-content\/uploads\/2025\/11\/Capturar-8-464x278.jpg",464,278,true],"mantranews-carousel-image":["https:\/\/blogopara.com.br\/wp-content\/uploads\/2025\/11\/Capturar-8.jpg",500,278,false],"mantranews-block-thumb":["https:\/\/blogopara.com.br\/wp-content\/uploads\/2025\/11\/Capturar-8-322x230.jpg",322,230,true],"mantranews-single-large":["https:\/\/blogopara.com.br\/wp-content\/uploads\/2025\/11\/Capturar-8.jpg",500,278,false]},"uagb_author_info":{"display_name":"Reda\u00e7\u00e3o geral","author_link":"https:\/\/blogopara.com.br\/index.php\/author\/blogopara"},"uagb_comment_info":0,"uagb_excerpt":"Um v\u00eddeo que circula nas redes sociais nesta quarta-feira (05\/11) mostra tr\u00eas garis de Salvador usando uma bandeira do Vit\u00f3ria para recolher lixo. Nas imagens, os trabalhadores aparecem segurando a bandeira cheia de res\u00edduos e jogando tudo no caminh\u00e3o de coleta. S\u00f3 depois \u00e9 poss\u00edvel ver o escudo rubro-negro estampado no pano. O registro, feito&hellip;","jetpack_sharing_enabled":true,"jetpack_likes_enabled":true,"_links":{"self":[{"href":"https:\/\/blogopara.com.br\/index.php\/wp-json\/wp\/v2\/posts\/81092","targetHints":{"allow":["GET"]}}],"collection":[{"href":"https:\/\/blogopara.com.br\/index.php\/wp-json\/wp\/v2\/posts"}],"about":[{"href":"https:\/\/blogopara.com.br\/index.php\/wp-json\/wp\/v2\/types\/post"}],"author":[{"embeddable":true,"href":"https:\/\/blogopara.com.br\/index.php\/wp-json\/wp\/v2\/users\/1"}],"replies":[{"embeddable":true,"href":"https:\/\/blogopara.com.br\/index.php\/wp-json\/wp\/v2\/comments?post=81092"}],"version-history":[{"count":2,"href":"https:\/\/blogopara.com.br\/index.php\/wp-json\/wp\/v2\/posts\/81092\/revisions"}],"predecessor-version":[{"id":81097,"href":"https:\/\/blogopara.com.br\/index.php\/wp-json\/wp\/v2\/posts\/81092\/revisions\/81097"}],"wp:featuredmedia":[{"embeddable":true,"href":"https:\/\/blogopara.com.br\/index.php\/wp-json\/wp\/v2\/media\/81095"}],"wp:attachment":[{"href":"https:\/\/blogopara.com.br\/index.php\/wp-json\/wp\/v2\/media?parent=81092"}],"wp:term":[{"taxonomy":"category","embeddable":true,"href":"https:\/\/blogopara.com.br\/index.php\/wp-json\/wp\/v2\/categories?post=81092"},{"taxonomy":"post_tag","embeddable":true,"href":"https:\/\/blogopara.com.br\/index.php\/wp-json\/wp\/v2\/tags?post=81092"}],"curies":[{"name":"wp","href":"https:\/\/api.w.org\/{rel}","templated":true}]}}