{"id":81098,"date":"2025-11-06T17:09:43","date_gmt":"2025-11-06T20:09:43","guid":{"rendered":"https:\/\/blogopara.com.br\/?p=81098"},"modified":"2025-11-06T17:09:43","modified_gmt":"2025-11-06T20:09:43","slug":"minha-filha-so-sabia-brincar-diz-mae-de-menina-de-12-anos-morta-com-tiro-na-cabeca-em-salvador","status":"publish","type":"post","link":"https:\/\/blogopara.com.br\/index.php\/2025\/11\/06\/minha-filha-so-sabia-brincar-diz-mae-de-menina-de-12-anos-morta-com-tiro-na-cabeca-em-salvador","title":{"rendered":"\u2018Minha filha s\u00f3 sabia brincar\u2019, diz m\u00e3e de menina de 12 anos morta com tiro na cabe\u00e7a em Salvador"},"content":{"rendered":"<div class=\"flex flex-col w-full font-normal text-[18px] leading-[30px] text-tw-theme-text-default\">\n<p id=\"paragrafo-128a0nkbfb\">A morte da menina Yasmin Sacramento Damascena, 12 anos,\u00a0que foi baleada durante ataque a tiros na Capelinha de S\u00e3o Caetano, em Salvador, abalou toda a fam\u00edlia. Em entrevista \u00e0 TV Bahia, Luciana Nascimento, m\u00e3e da menina, fez forte desabafo explicando que a filha estava brincando na companhia de amigos na rua.<\/p>\n<\/div>\n<div class=\"flex flex-col w-full font-normal text-[18px] leading-[30px] text-tw-theme-text-default\">\n<p id=\"paragrafo-lkd6eun211\">\u201cMinha filha foi brincar, foi chamar a amiguinha dela. E na hora, o tiro pegou na cabe\u00e7a da minha filha. O tiro pegou na cabe\u00e7a da minha filha e ela n\u00e3o voltou mais para casa. Minha filha tem 12 anos, meu Deus\u201d, desabafou Luciana, aos prantos, enquanto dizia que era comum que as crian\u00e7as da vizinhan\u00e7a se reunissem para brincar na frente de casa.<\/p>\n<\/div>\n<div class=\"flex flex-col w-full font-normal text-[18px] leading-[30px] text-tw-theme-text-default\">\n<p id=\"paragrafo-be5nbcadx7\">O ataque aconteceu por volta das 19h, momento em que v\u00e1rias crian\u00e7as brincavam na rua. De acordo com informa\u00e7\u00f5es da pol\u00edcia, homens armados desceram da via principal e atiraram em v\u00e1rias dire\u00e7\u00f5es. Al\u00e9m de Yasmin, Edson Ferreira de Oliveira, de 47 anos, tamb\u00e9m morreu. Um menino da mesma idade da menina foi atingido no peito e segue internado no Hospital Geral do Estado (HGE).<\/p>\n<\/div>\n<div class=\"flex flex-col w-full font-normal text-[18px] leading-[30px] text-tw-theme-text-default\">\n<p id=\"paragrafo-jrngeh94yh\">Beatriz conta que estava em casa quando ouviu os disparos e que a filha havia sa\u00eddo apenas para chamar uma amiga. \u201cEu fiquei em casa fazendo minha unha, e ela disse: \u2018Pera\u00ed, mainha, s\u00f3 vou falar com Esther\u2019. Depois s\u00f3 ouvi o barulho e vi gente correndo, dizendo que ela tinha sido baleada. Agora, minha filha est\u00e1 dentro de uma geladeira, e ningu\u00e9m vai tirar essa dor de mim\u201d, completou a m\u00e3e.<\/p>\n<\/div>\n<div class=\"flex flex-col w-full font-normal text-[18px] leading-[30px] text-tw-theme-text-default\">\n<p id=\"paragrafo-0ry4s02sr8\">Moradores da regi\u00e3o relataram momentos de desespero e medo durante o tiroteio. O Comando de Opera\u00e7\u00f5es Policiais Militares (COPPM) informou que o policiamento foi refor\u00e7ado na \u00e1rea. A Pol\u00edcia Civil vai investigar a autoria e a motiva\u00e7\u00e3o do crime. De acordo com a Pol\u00edcia Civil, no mesmo epis\u00f3dio, outras duas v\u00edtimas, um homem de 18 anos e um adolescente de 13 anos, foram feridos e encaminhados a uma unidade de sa\u00fade.<\/p>\n<\/div>\n<div class=\"flex flex-col w-full font-normal text-[18px] leading-[30px] text-tw-theme-text-default\">\n<p id=\"paragrafo-m5gt34b8fd\">Os dois adolescentes baleados em uma mesma ocorr\u00eancia enquanto se divertiam na frente de casa n\u00e3o foram os \u00fanicos. Em 2025, o Instituto Fogo Cruzado mapeou 58 adolescentes v\u00edtimas de arma de fogo entre Salvador e a Regi\u00e3o Metropolitana. Desses, 38 morreram.<\/p>\n<\/div>\n","protected":false},"excerpt":{"rendered":"<p>A morte da menina Yasmin Sacramento Damascena, 12 anos,\u00a0que foi baleada durante ataque a tiros na Capelinha de S\u00e3o Caetano, em Salvador, abalou toda a fam\u00edlia. Em entrevista \u00e0 TV Bahia, Luciana Nascimento, m\u00e3e da menina, fez forte desabafo explicando que a filha estava brincando na companhia de amigos na rua. \u201cMinha filha foi brincar, [&hellip;]<\/p>\n","protected":false},"author":1,"featured_media":81099,"comment_status":"open","ping_status":"open","sticky":false,"template":"","format":"standard","meta":{"_uag_custom_page_level_css":"","_monsterinsights_skip_tracking":false,"_monsterinsights_sitenote_active":false,"_monsterinsights_sitenote_note":"","_monsterinsights_sitenote_category":0,"jetpack_post_was_ever_published":false,"_jetpack_newsletter_access":"","_jetpack_dont_email_post_to_subs":false,"_jetpack_newsletter_tier_id":0,"_jetpack_memberships_contains_paywalled_content":false,"_jetpack_memberships_contains_paid_content":false,"footnotes":"","jetpack_publicize_message":"","jetpack_publicize_feature_enabled":true,"jetpack_social_post_already_shared":true,"jetpack_social_options":{"image_generator_settings":{"template":"highway","default_image_id":0,"font":"","enabled":false},"version":2}},"categories":[202],"tags":[],"class_list":["post-81098","post","type-post","status-publish","format-standard","has-post-thumbnail","hentry","category-policia"],"jetpack_publicize_connections":[],"jetpack_featured_media_url":"https:\/\/blogopara.com.br\/wp-content\/uploads\/2025\/11\/Capturar-9.jpg","uagb_featured_image_src":{"full":["https:\/\/blogopara.com.br\/wp-content\/uploads\/2025\/11\/Capturar-9.jpg",500,312,false],"thumbnail":["https:\/\/blogopara.com.br\/wp-content\/uploads\/2025\/11\/Capturar-9-150x150.jpg",150,150,true],"medium":["https:\/\/blogopara.com.br\/wp-content\/uploads\/2025\/11\/Capturar-9-300x187.jpg",300,187,true],"medium_large":["https:\/\/blogopara.com.br\/wp-content\/uploads\/2025\/11\/Capturar-9.jpg",500,312,false],"large":["https:\/\/blogopara.com.br\/wp-content\/uploads\/2025\/11\/Capturar-9.jpg",500,312,false],"1536x1536":["https:\/\/blogopara.com.br\/wp-content\/uploads\/2025\/11\/Capturar-9.jpg",500,312,false],"2048x2048":["https:\/\/blogopara.com.br\/wp-content\/uploads\/2025\/11\/Capturar-9.jpg",500,312,false],"mantranews-slider-large":["https:\/\/blogopara.com.br\/wp-content\/uploads\/2025\/11\/Capturar-9.jpg",500,312,false],"mantranews-featured-medium":["https:\/\/blogopara.com.br\/wp-content\/uploads\/2025\/11\/Capturar-9-420x307.jpg",420,307,true],"mantranews-featured-long":["https:\/\/blogopara.com.br\/wp-content\/uploads\/2025\/11\/Capturar-9-300x312.jpg",300,312,true],"mantranews-block-medium":["https:\/\/blogopara.com.br\/wp-content\/uploads\/2025\/11\/Capturar-9-464x290.jpg",464,290,true],"mantranews-carousel-image":["https:\/\/blogopara.com.br\/wp-content\/uploads\/2025\/11\/Capturar-9.jpg",500,312,false],"mantranews-block-thumb":["https:\/\/blogopara.com.br\/wp-content\/uploads\/2025\/11\/Capturar-9-322x230.jpg",322,230,true],"mantranews-single-large":["https:\/\/blogopara.com.br\/wp-content\/uploads\/2025\/11\/Capturar-9.jpg",500,312,false]},"uagb_author_info":{"display_name":"Reda\u00e7\u00e3o geral","author_link":"https:\/\/blogopara.com.br\/index.php\/author\/blogopara"},"uagb_comment_info":0,"uagb_excerpt":"A morte da menina Yasmin Sacramento Damascena, 12 anos,\u00a0que foi baleada durante ataque a tiros na Capelinha de S\u00e3o Caetano, em Salvador, abalou toda a fam\u00edlia. Em entrevista \u00e0 TV Bahia, Luciana Nascimento, m\u00e3e da menina, fez forte desabafo explicando que a filha estava brincando na companhia de amigos na rua. \u201cMinha filha foi brincar,&hellip;","jetpack_sharing_enabled":true,"jetpack_likes_enabled":true,"_links":{"self":[{"href":"https:\/\/blogopara.com.br\/index.php\/wp-json\/wp\/v2\/posts\/81098","targetHints":{"allow":["GET"]}}],"collection":[{"href":"https:\/\/blogopara.com.br\/index.php\/wp-json\/wp\/v2\/posts"}],"about":[{"href":"https:\/\/blogopara.com.br\/index.php\/wp-json\/wp\/v2\/types\/post"}],"author":[{"embeddable":true,"href":"https:\/\/blogopara.com.br\/index.php\/wp-json\/wp\/v2\/users\/1"}],"replies":[{"embeddable":true,"href":"https:\/\/blogopara.com.br\/index.php\/wp-json\/wp\/v2\/comments?post=81098"}],"version-history":[{"count":1,"href":"https:\/\/blogopara.com.br\/index.php\/wp-json\/wp\/v2\/posts\/81098\/revisions"}],"predecessor-version":[{"id":81100,"href":"https:\/\/blogopara.com.br\/index.php\/wp-json\/wp\/v2\/posts\/81098\/revisions\/81100"}],"wp:featuredmedia":[{"embeddable":true,"href":"https:\/\/blogopara.com.br\/index.php\/wp-json\/wp\/v2\/media\/81099"}],"wp:attachment":[{"href":"https:\/\/blogopara.com.br\/index.php\/wp-json\/wp\/v2\/media?parent=81098"}],"wp:term":[{"taxonomy":"category","embeddable":true,"href":"https:\/\/blogopara.com.br\/index.php\/wp-json\/wp\/v2\/categories?post=81098"},{"taxonomy":"post_tag","embeddable":true,"href":"https:\/\/blogopara.com.br\/index.php\/wp-json\/wp\/v2\/tags?post=81098"}],"curies":[{"name":"wp","href":"https:\/\/api.w.org\/{rel}","templated":true}]}}