{"id":81101,"date":"2025-11-06T17:22:49","date_gmt":"2025-11-06T20:22:49","guid":{"rendered":"https:\/\/blogopara.com.br\/?p=81101"},"modified":"2025-11-06T17:22:49","modified_gmt":"2025-11-06T20:22:49","slug":"prefeitura-de-sento-se-realiza-encontro-de-avaliacao-das-ii-e-iii-unidades-letivas","status":"publish","type":"post","link":"https:\/\/blogopara.com.br\/index.php\/2025\/11\/06\/prefeitura-de-sento-se-realiza-encontro-de-avaliacao-das-ii-e-iii-unidades-letivas","title":{"rendered":"Prefeitura de Sento S\u00e9 realiza Encontro de Avalia\u00e7\u00e3o das II e III Unidades Letivas"},"content":{"rendered":"<p class=\"x_MsoNormal\">A Prefeitura de Sento S\u00e9, por meio da Secretaria Municipal de Educa\u00e7\u00e3o, realizou nesta quarta-feira (5), no Sal\u00e3o do J\u00fari do F\u00f3rum Municipal, o Encontro de Avalia\u00e7\u00e3o da II e III Unidade Letiva. O evento reuniu gestores escolares e coordenadores pedag\u00f3gicos das Escolas\/N\u00facleos do munic\u00edpio, com o objetivo de analisar os resultados alcan\u00e7ados no per\u00edodo e definir novos direcionamentos e pr\u00e1ticas pedag\u00f3gicas para o fortalecimento do ensino.<\/p>\n<p class=\"x_MsoNormal\">Durante o encontro, foram apresentados os resultados das unidades, as a\u00e7\u00f5es do programa Busca Ativa Escolar, al\u00e9m de discuss\u00f5es sobre o redirecionamento de algumas pr\u00e1ticas, SIGEM e Selo da Alfabetiza\u00e7\u00e3o.<\/p>\n<p class=\"x_MsoNormal\">O secret\u00e1rio municipal de Educa\u00e7\u00e3o, Jeorge Ribeiro, destacou a import\u00e2ncia do momento. \u201cA avalia\u00e7\u00e3o \u00e9 essencial para refletirmos sobre o que j\u00e1 foi feito, identificarmos os avan\u00e7os e replanejarmos as a\u00e7\u00f5es, sempre com o compromisso de oferecer uma educa\u00e7\u00e3o p\u00fablica de qualidade aos nossos alunos\u201d, afirmou.<\/p>\n<p class=\"x_MsoNormal\">\n<p class=\"x_MsoNormal\">Texto: Gardennia Garibalde &#8211; Ascom PMSSE<\/p>\n","protected":false},"excerpt":{"rendered":"<p>A Prefeitura de Sento S\u00e9, por meio da Secretaria Municipal de Educa\u00e7\u00e3o, realizou nesta quarta-feira (5), no Sal\u00e3o do J\u00fari do F\u00f3rum Municipal, o Encontro de Avalia\u00e7\u00e3o da II e III Unidade Letiva. O evento reuniu gestores escolares e coordenadores pedag\u00f3gicos das Escolas\/N\u00facleos do munic\u00edpio, com o objetivo de analisar os resultados alcan\u00e7ados no per\u00edodo [&hellip;]<\/p>\n","protected":false},"author":1,"featured_media":81102,"comment_status":"open","ping_status":"open","sticky":false,"template":"","format":"standard","meta":{"_uag_custom_page_level_css":"","_monsterinsights_skip_tracking":false,"_monsterinsights_sitenote_active":false,"_monsterinsights_sitenote_note":"","_monsterinsights_sitenote_category":0,"jetpack_post_was_ever_published":false,"_jetpack_newsletter_access":"","_jetpack_dont_email_post_to_subs":false,"_jetpack_newsletter_tier_id":0,"_jetpack_memberships_contains_paywalled_content":false,"_jetpack_memberships_contains_paid_content":false,"footnotes":"","jetpack_publicize_message":"","jetpack_publicize_feature_enabled":true,"jetpack_social_post_already_shared":true,"jetpack_social_options":{"image_generator_settings":{"template":"highway","default_image_id":0,"font":"","enabled":false},"version":2}},"categories":[199],"tags":[11115],"class_list":["post-81101","post","type-post","status-publish","format-standard","has-post-thumbnail","hentry","category-bahia","tag-juvenilson-passos"],"jetpack_publicize_connections":[],"jetpack_featured_media_url":"https:\/\/blogopara.com.br\/wp-content\/uploads\/2025\/11\/WhatsApp-Image-2025-11-06-at-10.10.45-1.jpeg","uagb_featured_image_src":{"full":["https:\/\/blogopara.com.br\/wp-content\/uploads\/2025\/11\/WhatsApp-Image-2025-11-06-at-10.10.45-1.jpeg",500,281,false],"thumbnail":["https:\/\/blogopara.com.br\/wp-content\/uploads\/2025\/11\/WhatsApp-Image-2025-11-06-at-10.10.45-1-150x150.jpeg",150,150,true],"medium":["https:\/\/blogopara.com.br\/wp-content\/uploads\/2025\/11\/WhatsApp-Image-2025-11-06-at-10.10.45-1-300x169.jpeg",300,169,true],"medium_large":["https:\/\/blogopara.com.br\/wp-content\/uploads\/2025\/11\/WhatsApp-Image-2025-11-06-at-10.10.45-1.jpeg",500,281,false],"large":["https:\/\/blogopara.com.br\/wp-content\/uploads\/2025\/11\/WhatsApp-Image-2025-11-06-at-10.10.45-1.jpeg",500,281,false],"1536x1536":["https:\/\/blogopara.com.br\/wp-content\/uploads\/2025\/11\/WhatsApp-Image-2025-11-06-at-10.10.45-1.jpeg",500,281,false],"2048x2048":["https:\/\/blogopara.com.br\/wp-content\/uploads\/2025\/11\/WhatsApp-Image-2025-11-06-at-10.10.45-1.jpeg",500,281,false],"mantranews-slider-large":["https:\/\/blogopara.com.br\/wp-content\/uploads\/2025\/11\/WhatsApp-Image-2025-11-06-at-10.10.45-1.jpeg",500,281,false],"mantranews-featured-medium":["https:\/\/blogopara.com.br\/wp-content\/uploads\/2025\/11\/WhatsApp-Image-2025-11-06-at-10.10.45-1-420x281.jpeg",420,281,true],"mantranews-featured-long":["https:\/\/blogopara.com.br\/wp-content\/uploads\/2025\/11\/WhatsApp-Image-2025-11-06-at-10.10.45-1-300x281.jpeg",300,281,true],"mantranews-block-medium":["https:\/\/blogopara.com.br\/wp-content\/uploads\/2025\/11\/WhatsApp-Image-2025-11-06-at-10.10.45-1-464x281.jpeg",464,281,true],"mantranews-carousel-image":["https:\/\/blogopara.com.br\/wp-content\/uploads\/2025\/11\/WhatsApp-Image-2025-11-06-at-10.10.45-1.jpeg",500,281,false],"mantranews-block-thumb":["https:\/\/blogopara.com.br\/wp-content\/uploads\/2025\/11\/WhatsApp-Image-2025-11-06-at-10.10.45-1-322x230.jpeg",322,230,true],"mantranews-single-large":["https:\/\/blogopara.com.br\/wp-content\/uploads\/2025\/11\/WhatsApp-Image-2025-11-06-at-10.10.45-1.jpeg",500,281,false]},"uagb_author_info":{"display_name":"Reda\u00e7\u00e3o geral","author_link":"https:\/\/blogopara.com.br\/index.php\/author\/blogopara"},"uagb_comment_info":0,"uagb_excerpt":"A Prefeitura de Sento S\u00e9, por meio da Secretaria Municipal de Educa\u00e7\u00e3o, realizou nesta quarta-feira (5), no Sal\u00e3o do J\u00fari do F\u00f3rum Municipal, o Encontro de Avalia\u00e7\u00e3o da II e III Unidade Letiva. O evento reuniu gestores escolares e coordenadores pedag\u00f3gicos das Escolas\/N\u00facleos do munic\u00edpio, com o objetivo de analisar os resultados alcan\u00e7ados no per\u00edodo&hellip;","jetpack_sharing_enabled":true,"jetpack_likes_enabled":true,"_links":{"self":[{"href":"https:\/\/blogopara.com.br\/index.php\/wp-json\/wp\/v2\/posts\/81101","targetHints":{"allow":["GET"]}}],"collection":[{"href":"https:\/\/blogopara.com.br\/index.php\/wp-json\/wp\/v2\/posts"}],"about":[{"href":"https:\/\/blogopara.com.br\/index.php\/wp-json\/wp\/v2\/types\/post"}],"author":[{"embeddable":true,"href":"https:\/\/blogopara.com.br\/index.php\/wp-json\/wp\/v2\/users\/1"}],"replies":[{"embeddable":true,"href":"https:\/\/blogopara.com.br\/index.php\/wp-json\/wp\/v2\/comments?post=81101"}],"version-history":[{"count":1,"href":"https:\/\/blogopara.com.br\/index.php\/wp-json\/wp\/v2\/posts\/81101\/revisions"}],"predecessor-version":[{"id":81103,"href":"https:\/\/blogopara.com.br\/index.php\/wp-json\/wp\/v2\/posts\/81101\/revisions\/81103"}],"wp:featuredmedia":[{"embeddable":true,"href":"https:\/\/blogopara.com.br\/index.php\/wp-json\/wp\/v2\/media\/81102"}],"wp:attachment":[{"href":"https:\/\/blogopara.com.br\/index.php\/wp-json\/wp\/v2\/media?parent=81101"}],"wp:term":[{"taxonomy":"category","embeddable":true,"href":"https:\/\/blogopara.com.br\/index.php\/wp-json\/wp\/v2\/categories?post=81101"},{"taxonomy":"post_tag","embeddable":true,"href":"https:\/\/blogopara.com.br\/index.php\/wp-json\/wp\/v2\/tags?post=81101"}],"curies":[{"name":"wp","href":"https:\/\/api.w.org\/{rel}","templated":true}]}}