{"id":81104,"date":"2025-11-06T17:26:58","date_gmt":"2025-11-06T20:26:58","guid":{"rendered":"https:\/\/blogopara.com.br\/?p=81104"},"modified":"2025-11-06T17:26:58","modified_gmt":"2025-11-06T20:26:58","slug":"prefeitura-de-sento-se-realiza-dia-d-de-combate-a-dengue-nesta-sexta-7","status":"publish","type":"post","link":"https:\/\/blogopara.com.br\/index.php\/2025\/11\/06\/prefeitura-de-sento-se-realiza-dia-d-de-combate-a-dengue-nesta-sexta-7","title":{"rendered":"Prefeitura de Sento S\u00e9 realiza Dia D de Combate \u00e0 Dengue nesta sexta (7)"},"content":{"rendered":"<p class=\"x_MsoNormal\">A Prefeitura de Sento S\u00e9, por meio da Secretaria Municipal de Sa\u00fade, realiza nesta sexta-feira (7) o Dia D de Combate \u00e0 Dengue, na Pra\u00e7a Central da cidade. A a\u00e7\u00e3o tem como objetivo conscientizar a popula\u00e7\u00e3o sobre a import\u00e2ncia da preven\u00e7\u00e3o \u00e0 doen\u00e7a e contar\u00e1 com panfletagem informativa, distribui\u00e7\u00e3o de folhetos educativos e cartazes, al\u00e9m de visitas aos com\u00e9rcios com orienta\u00e7\u00f5es sobre os cuidados necess\u00e1rios para evitar a prolifera\u00e7\u00e3o do mosquito Aedes aegypti.<\/p>\n<p class=\"x_MsoNormal\">A diretora da Vigil\u00e2ncia em Sa\u00fade, Geisa Lopes, destacou que o momento \u00e9 fundamental para refor\u00e7ar o papel de cada cidad\u00e3o na luta contra a dengue. \u201cNeste Dia D de Combate \u00e0 Dengue, ser\u00e1 realizada uma panfletagem informativa na Pra\u00e7a Central, com orienta\u00e7\u00f5es \u00e0 popula\u00e7\u00e3o sobre como prevenir o mosquito Aedes aegypti e identificar os sintomas da doen\u00e7a\u201d, explicou.<\/p>\n<p class=\"x_MsoNormal\">A dengue<\/p>\n<p class=\"x_MsoNormal\">\u00c9 uma doen\u00e7a s\u00e9ria, mas pode ser evitada com atitudes simples: eliminar locais com \u00e1gua parada, tampar caixas d\u2019\u00e1gua e ton\u00e9is, limpar calhas e ralos, e descartar recipientes que possam acumular \u00e1gua.<\/p>\n<p class=\"x_MsoNormal\">\n<p class=\"x_MsoNormal\">A popula\u00e7\u00e3o tamb\u00e9m deve ficar atenta aos sintomas: febre alta, dores no corpo e nas articula\u00e7\u00f5es, dor de cabe\u00e7a intensa, dor atr\u00e1s dos olhos, manchas vermelhas, n\u00e1useas e cansa\u00e7o extremo.<\/p>\n<p class=\"x_MsoNormal\">Texto: Gardennia Garibalde &#8211; Ascom PMSSE<\/p>\n<p class=\"x_MsoNormal\" align=\"center\"><b>\u00a0<\/b><\/p>\n","protected":false},"excerpt":{"rendered":"<p>A Prefeitura de Sento S\u00e9, por meio da Secretaria Municipal de Sa\u00fade, realiza nesta sexta-feira (7) o Dia D de Combate \u00e0 Dengue, na Pra\u00e7a Central da cidade. A a\u00e7\u00e3o tem como objetivo conscientizar a popula\u00e7\u00e3o sobre a import\u00e2ncia da preven\u00e7\u00e3o \u00e0 doen\u00e7a e contar\u00e1 com panfletagem informativa, distribui\u00e7\u00e3o de folhetos educativos e cartazes, al\u00e9m [&hellip;]<\/p>\n","protected":false},"author":1,"featured_media":81105,"comment_status":"open","ping_status":"open","sticky":false,"template":"","format":"standard","meta":{"_uag_custom_page_level_css":"","_monsterinsights_skip_tracking":false,"_monsterinsights_sitenote_active":false,"_monsterinsights_sitenote_note":"","_monsterinsights_sitenote_category":0,"jetpack_post_was_ever_published":false,"_jetpack_newsletter_access":"","_jetpack_dont_email_post_to_subs":false,"_jetpack_newsletter_tier_id":0,"_jetpack_memberships_contains_paywalled_content":false,"_jetpack_memberships_contains_paid_content":false,"footnotes":"","jetpack_publicize_message":"","jetpack_publicize_feature_enabled":true,"jetpack_social_post_already_shared":true,"jetpack_social_options":{"image_generator_settings":{"template":"highway","default_image_id":0,"font":"","enabled":false},"version":2}},"categories":[199],"tags":[11115],"class_list":["post-81104","post","type-post","status-publish","format-standard","has-post-thumbnail","hentry","category-bahia","tag-juvenilson-passos"],"jetpack_publicize_connections":[],"jetpack_featured_media_url":"https:\/\/blogopara.com.br\/wp-content\/uploads\/2025\/11\/thumbnail_WhatsApp-Image-2024-10-16-at-08.21.05-2.jpg","uagb_featured_image_src":{"full":["https:\/\/blogopara.com.br\/wp-content\/uploads\/2025\/11\/thumbnail_WhatsApp-Image-2024-10-16-at-08.21.05-2.jpg",500,333,false],"thumbnail":["https:\/\/blogopara.com.br\/wp-content\/uploads\/2025\/11\/thumbnail_WhatsApp-Image-2024-10-16-at-08.21.05-2-150x150.jpg",150,150,true],"medium":["https:\/\/blogopara.com.br\/wp-content\/uploads\/2025\/11\/thumbnail_WhatsApp-Image-2024-10-16-at-08.21.05-2-300x200.jpg",300,200,true],"medium_large":["https:\/\/blogopara.com.br\/wp-content\/uploads\/2025\/11\/thumbnail_WhatsApp-Image-2024-10-16-at-08.21.05-2.jpg",500,333,false],"large":["https:\/\/blogopara.com.br\/wp-content\/uploads\/2025\/11\/thumbnail_WhatsApp-Image-2024-10-16-at-08.21.05-2.jpg",500,333,false],"1536x1536":["https:\/\/blogopara.com.br\/wp-content\/uploads\/2025\/11\/thumbnail_WhatsApp-Image-2024-10-16-at-08.21.05-2.jpg",500,333,false],"2048x2048":["https:\/\/blogopara.com.br\/wp-content\/uploads\/2025\/11\/thumbnail_WhatsApp-Image-2024-10-16-at-08.21.05-2.jpg",500,333,false],"mantranews-slider-large":["https:\/\/blogopara.com.br\/wp-content\/uploads\/2025\/11\/thumbnail_WhatsApp-Image-2024-10-16-at-08.21.05-2.jpg",500,333,false],"mantranews-featured-medium":["https:\/\/blogopara.com.br\/wp-content\/uploads\/2025\/11\/thumbnail_WhatsApp-Image-2024-10-16-at-08.21.05-2-420x307.jpg",420,307,true],"mantranews-featured-long":["https:\/\/blogopara.com.br\/wp-content\/uploads\/2025\/11\/thumbnail_WhatsApp-Image-2024-10-16-at-08.21.05-2-300x333.jpg",300,333,true],"mantranews-block-medium":["https:\/\/blogopara.com.br\/wp-content\/uploads\/2025\/11\/thumbnail_WhatsApp-Image-2024-10-16-at-08.21.05-2-464x290.jpg",464,290,true],"mantranews-carousel-image":["https:\/\/blogopara.com.br\/wp-content\/uploads\/2025\/11\/thumbnail_WhatsApp-Image-2024-10-16-at-08.21.05-2.jpg",500,333,false],"mantranews-block-thumb":["https:\/\/blogopara.com.br\/wp-content\/uploads\/2025\/11\/thumbnail_WhatsApp-Image-2024-10-16-at-08.21.05-2-322x230.jpg",322,230,true],"mantranews-single-large":["https:\/\/blogopara.com.br\/wp-content\/uploads\/2025\/11\/thumbnail_WhatsApp-Image-2024-10-16-at-08.21.05-2.jpg",500,333,false]},"uagb_author_info":{"display_name":"Reda\u00e7\u00e3o geral","author_link":"https:\/\/blogopara.com.br\/index.php\/author\/blogopara"},"uagb_comment_info":0,"uagb_excerpt":"A Prefeitura de Sento S\u00e9, por meio da Secretaria Municipal de Sa\u00fade, realiza nesta sexta-feira (7) o Dia D de Combate \u00e0 Dengue, na Pra\u00e7a Central da cidade. A a\u00e7\u00e3o tem como objetivo conscientizar a popula\u00e7\u00e3o sobre a import\u00e2ncia da preven\u00e7\u00e3o \u00e0 doen\u00e7a e contar\u00e1 com panfletagem informativa, distribui\u00e7\u00e3o de folhetos educativos e cartazes, al\u00e9m&hellip;","jetpack_sharing_enabled":true,"jetpack_likes_enabled":true,"_links":{"self":[{"href":"https:\/\/blogopara.com.br\/index.php\/wp-json\/wp\/v2\/posts\/81104","targetHints":{"allow":["GET"]}}],"collection":[{"href":"https:\/\/blogopara.com.br\/index.php\/wp-json\/wp\/v2\/posts"}],"about":[{"href":"https:\/\/blogopara.com.br\/index.php\/wp-json\/wp\/v2\/types\/post"}],"author":[{"embeddable":true,"href":"https:\/\/blogopara.com.br\/index.php\/wp-json\/wp\/v2\/users\/1"}],"replies":[{"embeddable":true,"href":"https:\/\/blogopara.com.br\/index.php\/wp-json\/wp\/v2\/comments?post=81104"}],"version-history":[{"count":1,"href":"https:\/\/blogopara.com.br\/index.php\/wp-json\/wp\/v2\/posts\/81104\/revisions"}],"predecessor-version":[{"id":81106,"href":"https:\/\/blogopara.com.br\/index.php\/wp-json\/wp\/v2\/posts\/81104\/revisions\/81106"}],"wp:featuredmedia":[{"embeddable":true,"href":"https:\/\/blogopara.com.br\/index.php\/wp-json\/wp\/v2\/media\/81105"}],"wp:attachment":[{"href":"https:\/\/blogopara.com.br\/index.php\/wp-json\/wp\/v2\/media?parent=81104"}],"wp:term":[{"taxonomy":"category","embeddable":true,"href":"https:\/\/blogopara.com.br\/index.php\/wp-json\/wp\/v2\/categories?post=81104"},{"taxonomy":"post_tag","embeddable":true,"href":"https:\/\/blogopara.com.br\/index.php\/wp-json\/wp\/v2\/tags?post=81104"}],"curies":[{"name":"wp","href":"https:\/\/api.w.org\/{rel}","templated":true}]}}