{"id":81136,"date":"2025-11-07T08:59:44","date_gmt":"2025-11-07T11:59:44","guid":{"rendered":"https:\/\/blogopara.com.br\/?p=81136"},"modified":"2025-11-07T08:59:44","modified_gmt":"2025-11-07T11:59:44","slug":"lula-deve-sancionar-isencao-do-ir-ate-dia-11-diz-gleisi","status":"publish","type":"post","link":"https:\/\/blogopara.com.br\/index.php\/2025\/11\/07\/lula-deve-sancionar-isencao-do-ir-ate-dia-11-diz-gleisi","title":{"rendered":"Lula deve sancionar isen\u00e7\u00e3o do IR at\u00e9 dia 11, diz Gleisi"},"content":{"rendered":"<p>Ap\u00f3s o Senado aprovar o projeto de lei que isenta quem ganha acima de R$ 5 mil, a ministra da Secretaria de Rela\u00e7\u00f5es Institucionais, Gleisi Hoffmann, disse que o presidente Luiz In\u00e1cio Lula da Silva deve sancionar a legisla\u00e7\u00e3o, na ter\u00e7a (dia 11), assim que retornar a Bras\u00edlia. Lula est\u00e1 na Confer\u00eancia das Na\u00e7\u00f5es Unidas sobre Mudan\u00e7as Clim\u00e1ticas, em Bel\u00e9m (PA).<\/p>\n<p>\u201cT\u00e3o importante quanto isentar quem ganha at\u00e9 5 mil reais, \u00e9 tributar quem ganha muito nesse pa\u00eds\u201d, afirmou a ministra. Ela citou que cerca de 141 mil pessoas que ganham acima de R$ 600 mil por ano pagam em m\u00e9dia uma carga efetiva de 2,5%. \u201cN\u00f3s estamos elevando essa carga de maneira progressiva a 10%. Isso se chama justi\u00e7a tribut\u00e1ria.\u201d<\/p>\n<p>Ela celebrou ainda que, pela primeira vez, os dividendos recebidos ser\u00e3o tributados. \u201cEsse \u00e9 um grande passo. \u00c9 hist\u00f3rico do ponto de vista de se buscar a justi\u00e7a tribut\u00e1ria no Brasil\u201d.<\/p>\n<p>Gleisi entende que ainda \u00e9 necess\u00e1rio avan\u00e7ar na tributa\u00e7\u00e3o de renda e de patrim\u00f4nio. \u201cA gente comemora essa vit\u00f3ria, que n\u00e3o \u00e9 uma vit\u00f3ria do governo, mas do povo trabalhador brasileiro\u201d.<\/p>\n<p><strong>Corre\u00e7\u00e3o de injusti\u00e7as<\/strong><br \/>\nO relator do projeto no Senado, Renan Calheiros, defendeu a proposta e destacou que a decis\u00e3o seria hist\u00f3rica para o pa\u00eds.<\/p>\n<p>\u201cO projeto do imposto zero \u00e9 um dos mais importantes e mais aguardados dos \u00faltimos anos.\u201d<\/p>\n<p>Renan apontou que a proposta do Executivo corrige injusti\u00e7as e contribui para o bem-estar social \u201cao promover a justi\u00e7a tribut\u00e1ria, diminuir a carga de tributos que incide sobre a baixa renda e aumentar a carga incidente sobre os super ricos\u201d.<\/p>\n","protected":false},"excerpt":{"rendered":"<p>Ap\u00f3s o Senado aprovar o projeto de lei que isenta quem ganha acima de R$ 5 mil, a ministra da Secretaria de Rela\u00e7\u00f5es Institucionais, Gleisi Hoffmann, disse que o presidente Luiz In\u00e1cio Lula da Silva deve sancionar a legisla\u00e7\u00e3o, na ter\u00e7a (dia 11), assim que retornar a Bras\u00edlia. Lula est\u00e1 na Confer\u00eancia das Na\u00e7\u00f5es Unidas [&hellip;]<\/p>\n","protected":false},"author":1,"featured_media":81137,"comment_status":"open","ping_status":"open","sticky":false,"template":"","format":"standard","meta":{"_uag_custom_page_level_css":"","_monsterinsights_skip_tracking":false,"_monsterinsights_sitenote_active":false,"_monsterinsights_sitenote_note":"","_monsterinsights_sitenote_category":0,"jetpack_post_was_ever_published":false,"_jetpack_newsletter_access":"","_jetpack_dont_email_post_to_subs":false,"_jetpack_newsletter_tier_id":0,"_jetpack_memberships_contains_paywalled_content":false,"_jetpack_memberships_contains_paid_content":false,"footnotes":"","jetpack_publicize_message":"","jetpack_publicize_feature_enabled":true,"jetpack_social_post_already_shared":true,"jetpack_social_options":{"image_generator_settings":{"template":"highway","default_image_id":0,"font":"","enabled":false},"version":2}},"categories":[200],"tags":[],"class_list":["post-81136","post","type-post","status-publish","format-standard","has-post-thumbnail","hentry","category-brasil"],"jetpack_publicize_connections":[],"jetpack_featured_media_url":"https:\/\/blogopara.com.br\/wp-content\/uploads\/2025\/11\/kkkk.jpg","uagb_featured_image_src":{"full":["https:\/\/blogopara.com.br\/wp-content\/uploads\/2025\/11\/kkkk.jpg",500,275,false],"thumbnail":["https:\/\/blogopara.com.br\/wp-content\/uploads\/2025\/11\/kkkk-150x150.jpg",150,150,true],"medium":["https:\/\/blogopara.com.br\/wp-content\/uploads\/2025\/11\/kkkk-300x165.jpg",300,165,true],"medium_large":["https:\/\/blogopara.com.br\/wp-content\/uploads\/2025\/11\/kkkk.jpg",500,275,false],"large":["https:\/\/blogopara.com.br\/wp-content\/uploads\/2025\/11\/kkkk.jpg",500,275,false],"1536x1536":["https:\/\/blogopara.com.br\/wp-content\/uploads\/2025\/11\/kkkk.jpg",500,275,false],"2048x2048":["https:\/\/blogopara.com.br\/wp-content\/uploads\/2025\/11\/kkkk.jpg",500,275,false],"mantranews-slider-large":["https:\/\/blogopara.com.br\/wp-content\/uploads\/2025\/11\/kkkk.jpg",500,275,false],"mantranews-featured-medium":["https:\/\/blogopara.com.br\/wp-content\/uploads\/2025\/11\/kkkk-420x275.jpg",420,275,true],"mantranews-featured-long":["https:\/\/blogopara.com.br\/wp-content\/uploads\/2025\/11\/kkkk-300x275.jpg",300,275,true],"mantranews-block-medium":["https:\/\/blogopara.com.br\/wp-content\/uploads\/2025\/11\/kkkk-464x275.jpg",464,275,true],"mantranews-carousel-image":["https:\/\/blogopara.com.br\/wp-content\/uploads\/2025\/11\/kkkk.jpg",500,275,false],"mantranews-block-thumb":["https:\/\/blogopara.com.br\/wp-content\/uploads\/2025\/11\/kkkk-322x230.jpg",322,230,true],"mantranews-single-large":["https:\/\/blogopara.com.br\/wp-content\/uploads\/2025\/11\/kkkk.jpg",500,275,false]},"uagb_author_info":{"display_name":"Reda\u00e7\u00e3o geral","author_link":"https:\/\/blogopara.com.br\/index.php\/author\/blogopara"},"uagb_comment_info":0,"uagb_excerpt":"Ap\u00f3s o Senado aprovar o projeto de lei que isenta quem ganha acima de R$ 5 mil, a ministra da Secretaria de Rela\u00e7\u00f5es Institucionais, Gleisi Hoffmann, disse que o presidente Luiz In\u00e1cio Lula da Silva deve sancionar a legisla\u00e7\u00e3o, na ter\u00e7a (dia 11), assim que retornar a Bras\u00edlia. Lula est\u00e1 na Confer\u00eancia das Na\u00e7\u00f5es Unidas&hellip;","jetpack_sharing_enabled":true,"jetpack_likes_enabled":true,"_links":{"self":[{"href":"https:\/\/blogopara.com.br\/index.php\/wp-json\/wp\/v2\/posts\/81136","targetHints":{"allow":["GET"]}}],"collection":[{"href":"https:\/\/blogopara.com.br\/index.php\/wp-json\/wp\/v2\/posts"}],"about":[{"href":"https:\/\/blogopara.com.br\/index.php\/wp-json\/wp\/v2\/types\/post"}],"author":[{"embeddable":true,"href":"https:\/\/blogopara.com.br\/index.php\/wp-json\/wp\/v2\/users\/1"}],"replies":[{"embeddable":true,"href":"https:\/\/blogopara.com.br\/index.php\/wp-json\/wp\/v2\/comments?post=81136"}],"version-history":[{"count":1,"href":"https:\/\/blogopara.com.br\/index.php\/wp-json\/wp\/v2\/posts\/81136\/revisions"}],"predecessor-version":[{"id":81138,"href":"https:\/\/blogopara.com.br\/index.php\/wp-json\/wp\/v2\/posts\/81136\/revisions\/81138"}],"wp:featuredmedia":[{"embeddable":true,"href":"https:\/\/blogopara.com.br\/index.php\/wp-json\/wp\/v2\/media\/81137"}],"wp:attachment":[{"href":"https:\/\/blogopara.com.br\/index.php\/wp-json\/wp\/v2\/media?parent=81136"}],"wp:term":[{"taxonomy":"category","embeddable":true,"href":"https:\/\/blogopara.com.br\/index.php\/wp-json\/wp\/v2\/categories?post=81136"},{"taxonomy":"post_tag","embeddable":true,"href":"https:\/\/blogopara.com.br\/index.php\/wp-json\/wp\/v2\/tags?post=81136"}],"curies":[{"name":"wp","href":"https:\/\/api.w.org\/{rel}","templated":true}]}}