{"id":81172,"date":"2025-11-10T16:44:47","date_gmt":"2025-11-10T19:44:47","guid":{"rendered":"https:\/\/blogopara.com.br\/?p=81172"},"modified":"2025-11-10T16:44:47","modified_gmt":"2025-11-10T19:44:47","slug":"governador-jeronimo-rodrigues-participa-da-abertura-da-cop30-em-belem-ao-lado-do-presidente-lula","status":"publish","type":"post","link":"https:\/\/blogopara.com.br\/index.php\/2025\/11\/10\/governador-jeronimo-rodrigues-participa-da-abertura-da-cop30-em-belem-ao-lado-do-presidente-lula","title":{"rendered":"Governador Jer\u00f4nimo Rodrigues participa da abertura da COP30, em Bel\u00e9m, ao lado do presidente Lula"},"content":{"rendered":"<div class=\"post-header-area\">\n<p><span style=\"font-size: 1rem;\">O governador Jer\u00f4nimo Rodrigues embarcou nesta segunda-feira (10) para Bel\u00e9m (PA), onde participa da abertura oficial da Confer\u00eancia das Na\u00e7\u00f5es Unidas sobre Mudan\u00e7as Clim\u00e1ticas (COP30), ao lado do presidente Luiz In\u00e1cio Lula da Silva e do ministro da Casa Civil, Rui Costa, a partir das 10h.<\/span><\/p>\n<\/div>\n<div class=\"post-content-area\">\n<p>A COP30 re\u00fane l\u00edderes de todo o mundo para discutir \u00a0o enfrentamento \u00e0 crise clim\u00e1tica e a promo\u00e7\u00e3o da transi\u00e7\u00e3o energ\u00e9tica.<\/p>\n<p>Durante o evento, o governador Jer\u00f4nimo apresentar\u00e1 as experi\u00eancias e avan\u00e7os da Bahia na \u00e1rea de energia renov\u00e1vel, destacando o papel do estado como l\u00edder nacional na produ\u00e7\u00e3o de energia e\u00f3lica.<\/p>\n<p>A Bahia \u00e9 hoje refer\u00eancia na transi\u00e7\u00e3o energ\u00e9tica brasileira, abrigando importantes investimentos em energia e\u00f3lica, solar e de hidrog\u00eanio verde, e produzindo de fontes renov\u00e1veis o equivalente a quase 100% da energia que consome.<\/p>\n<p>&nbsp;<\/p>\n<p>Secom Bahia fotoi de arquivo<\/p><\/div>\n","protected":false},"excerpt":{"rendered":"<p>O governador Jer\u00f4nimo Rodrigues embarcou nesta segunda-feira (10) para Bel\u00e9m (PA), onde participa da abertura oficial da Confer\u00eancia das Na\u00e7\u00f5es Unidas sobre Mudan\u00e7as Clim\u00e1ticas (COP30), ao lado do presidente Luiz In\u00e1cio Lula da Silva e do ministro da Casa Civil, Rui Costa, a partir das 10h. A COP30 re\u00fane l\u00edderes de todo o mundo para [&hellip;]<\/p>\n","protected":false},"author":1,"featured_media":81173,"comment_status":"open","ping_status":"open","sticky":false,"template":"","format":"standard","meta":{"_uag_custom_page_level_css":"","_monsterinsights_skip_tracking":false,"_monsterinsights_sitenote_active":false,"_monsterinsights_sitenote_note":"","_monsterinsights_sitenote_category":0,"jetpack_post_was_ever_published":false,"_jetpack_newsletter_access":"","_jetpack_dont_email_post_to_subs":false,"_jetpack_newsletter_tier_id":0,"_jetpack_memberships_contains_paywalled_content":false,"_jetpack_memberships_contains_paid_content":false,"footnotes":"","jetpack_publicize_message":"","jetpack_publicize_feature_enabled":true,"jetpack_social_post_already_shared":true,"jetpack_social_options":{"image_generator_settings":{"template":"highway","default_image_id":0,"font":"","enabled":false},"version":2}},"categories":[200],"tags":[],"class_list":["post-81172","post","type-post","status-publish","format-standard","has-post-thumbnail","hentry","category-brasil"],"jetpack_publicize_connections":[],"jetpack_featured_media_url":"https:\/\/blogopara.com.br\/wp-content\/uploads\/2025\/11\/Capturar-16.jpg","uagb_featured_image_src":{"full":["https:\/\/blogopara.com.br\/wp-content\/uploads\/2025\/11\/Capturar-16.jpg",500,344,false],"thumbnail":["https:\/\/blogopara.com.br\/wp-content\/uploads\/2025\/11\/Capturar-16-150x150.jpg",150,150,true],"medium":["https:\/\/blogopara.com.br\/wp-content\/uploads\/2025\/11\/Capturar-16-300x206.jpg",300,206,true],"medium_large":["https:\/\/blogopara.com.br\/wp-content\/uploads\/2025\/11\/Capturar-16.jpg",500,344,false],"large":["https:\/\/blogopara.com.br\/wp-content\/uploads\/2025\/11\/Capturar-16.jpg",500,344,false],"1536x1536":["https:\/\/blogopara.com.br\/wp-content\/uploads\/2025\/11\/Capturar-16.jpg",500,344,false],"2048x2048":["https:\/\/blogopara.com.br\/wp-content\/uploads\/2025\/11\/Capturar-16.jpg",500,344,false],"mantranews-slider-large":["https:\/\/blogopara.com.br\/wp-content\/uploads\/2025\/11\/Capturar-16.jpg",500,344,false],"mantranews-featured-medium":["https:\/\/blogopara.com.br\/wp-content\/uploads\/2025\/11\/Capturar-16-420x307.jpg",420,307,true],"mantranews-featured-long":["https:\/\/blogopara.com.br\/wp-content\/uploads\/2025\/11\/Capturar-16-300x344.jpg",300,344,true],"mantranews-block-medium":["https:\/\/blogopara.com.br\/wp-content\/uploads\/2025\/11\/Capturar-16-464x290.jpg",464,290,true],"mantranews-carousel-image":["https:\/\/blogopara.com.br\/wp-content\/uploads\/2025\/11\/Capturar-16.jpg",500,344,false],"mantranews-block-thumb":["https:\/\/blogopara.com.br\/wp-content\/uploads\/2025\/11\/Capturar-16-322x230.jpg",322,230,true],"mantranews-single-large":["https:\/\/blogopara.com.br\/wp-content\/uploads\/2025\/11\/Capturar-16.jpg",500,344,false]},"uagb_author_info":{"display_name":"Reda\u00e7\u00e3o geral","author_link":"https:\/\/blogopara.com.br\/index.php\/author\/blogopara"},"uagb_comment_info":0,"uagb_excerpt":"O governador Jer\u00f4nimo Rodrigues embarcou nesta segunda-feira (10) para Bel\u00e9m (PA), onde participa da abertura oficial da Confer\u00eancia das Na\u00e7\u00f5es Unidas sobre Mudan\u00e7as Clim\u00e1ticas (COP30), ao lado do presidente Luiz In\u00e1cio Lula da Silva e do ministro da Casa Civil, Rui Costa, a partir das 10h. A COP30 re\u00fane l\u00edderes de todo o mundo para&hellip;","jetpack_sharing_enabled":true,"jetpack_likes_enabled":true,"_links":{"self":[{"href":"https:\/\/blogopara.com.br\/index.php\/wp-json\/wp\/v2\/posts\/81172","targetHints":{"allow":["GET"]}}],"collection":[{"href":"https:\/\/blogopara.com.br\/index.php\/wp-json\/wp\/v2\/posts"}],"about":[{"href":"https:\/\/blogopara.com.br\/index.php\/wp-json\/wp\/v2\/types\/post"}],"author":[{"embeddable":true,"href":"https:\/\/blogopara.com.br\/index.php\/wp-json\/wp\/v2\/users\/1"}],"replies":[{"embeddable":true,"href":"https:\/\/blogopara.com.br\/index.php\/wp-json\/wp\/v2\/comments?post=81172"}],"version-history":[{"count":2,"href":"https:\/\/blogopara.com.br\/index.php\/wp-json\/wp\/v2\/posts\/81172\/revisions"}],"predecessor-version":[{"id":81175,"href":"https:\/\/blogopara.com.br\/index.php\/wp-json\/wp\/v2\/posts\/81172\/revisions\/81175"}],"wp:featuredmedia":[{"embeddable":true,"href":"https:\/\/blogopara.com.br\/index.php\/wp-json\/wp\/v2\/media\/81173"}],"wp:attachment":[{"href":"https:\/\/blogopara.com.br\/index.php\/wp-json\/wp\/v2\/media?parent=81172"}],"wp:term":[{"taxonomy":"category","embeddable":true,"href":"https:\/\/blogopara.com.br\/index.php\/wp-json\/wp\/v2\/categories?post=81172"},{"taxonomy":"post_tag","embeddable":true,"href":"https:\/\/blogopara.com.br\/index.php\/wp-json\/wp\/v2\/tags?post=81172"}],"curies":[{"name":"wp","href":"https:\/\/api.w.org\/{rel}","templated":true}]}}