{"id":81228,"date":"2025-11-13T11:42:48","date_gmt":"2025-11-13T14:42:48","guid":{"rendered":"https:\/\/blogopara.com.br\/?p=81228"},"modified":"2025-11-13T11:42:48","modified_gmt":"2025-11-13T14:42:48","slug":"alunos-da-rede-municipal-de-senhor-do-bonfim-inspiram-projeto-de-lei-para-tombamento-de-arvores-bicentenarias-em-tijuacu","status":"publish","type":"post","link":"https:\/\/blogopara.com.br\/index.php\/2025\/11\/13\/alunos-da-rede-municipal-de-senhor-do-bonfim-inspiram-projeto-de-lei-para-tombamento-de-arvores-bicentenarias-em-tijuacu","title":{"rendered":"Alunos da rede municipal de Senhor do Bonfim inspiram Projeto de Lei para tombamento de \u00e1rvores bicenten\u00e1rias em Tijua\u00e7u"},"content":{"rendered":"<p class=\"x_MsoNormal\">A Prefeitura de Senhor do Bonfim, por meio da Secretaria Municipal de Educa\u00e7\u00e3o e Esportes (SEMEDE), acompanhou nesta ter\u00e7a-feira (11) a entrada em pauta, na C\u00e2mara de Vereadores, do Projeto de Lei que disp\u00f5e sobre o Tombamento e a Prote\u00e7\u00e3o de \u00c1rvores Bicenten\u00e1rias de relev\u00e2ncia hist\u00f3rica, cultural, ambiental e ancestral localizadas na Comunidade Quilombola de Tijua\u00e7u.<\/p>\n<p class=\"x_MsoNormal\">A iniciativa nasceu do Projeto de Educa\u00e7\u00e3o Ambiental desenvolvido na Escola Municipal Quilombola Professora An\u00edsia Maria Rodrigues, durante a Confer\u00eancia Municipal Infantojuvenil pelo Meio Ambiente, promovida pela SEMEDE em junho deste ano. O projeto prop\u00f5e o tombamento de duas \u00e1rvores da esp\u00e9cie Ceiba Glaziovii (popularmente conhecidas como \u201cBarrigudas\u201d), reconhecendo sua import\u00e2ncia ambiental e simb\u00f3lica para o povo quilombola de Tijua\u00e7u.<\/p>\n<p class=\"x_MsoNormal\">A sess\u00e3o foi marcada pela presen\u00e7a dos alunos da escola, da diretora Eliete Rodrigues, da secret\u00e1ria municipal de Educa\u00e7\u00e3o, Eline Sobreira, e da diretora de Educa\u00e7\u00e3o Ambiental, Geisa Luiza.<\/p>\n<p class=\"x_MsoNormal\">A secret\u00e1ria Eline Sobreira destacou a relev\u00e2ncia pedag\u00f3gica e cultural da proposta. \u201cA educa\u00e7\u00e3o ambiental e patrimonial deve estar presente na identidade de cada escola. Trabalhar o resgate hist\u00f3rico e a valoriza\u00e7\u00e3o da comunidade de Tijua\u00e7u fortalece o sentimento de pertencimento e o compromisso com o meio ambiente e a mem\u00f3ria do nosso povo\u201d.<\/p>\n<p class=\"x_MsoNormal\">Os estudantes tamb\u00e9m se manifestaram com orgulho pela iniciativa. \u201cVim aqui hoje acompanhar de perto essa aprova\u00e7\u00e3o que \u00e9 t\u00e3o importante para a comunidade de Tijua\u00e7u. Parab\u00e9ns aos vereadores pela valoriza\u00e7\u00e3o do nosso territ\u00f3rio\u201d, completou Gabriel.<\/p>\n<p class=\"x_MsoNormal\"><b>O projeto<\/b><\/p>\n<p class=\"x_MsoNormal\">Foi bem recebido pelos vereadores e representa um marco de preserva\u00e7\u00e3o ambiental e reconhecimento hist\u00f3rico, evidenciando o protagonismo dos alunos da rede municipal na constru\u00e7\u00e3o de pol\u00edticas p\u00fablicas que valorizam o meio ambiente e a ancestralidade quilombola.<\/p>\n<p class=\"x_MsoNormal\">\nTexto: Ascom PMSB<\/p>\n","protected":false},"excerpt":{"rendered":"<p>A Prefeitura de Senhor do Bonfim, por meio da Secretaria Municipal de Educa\u00e7\u00e3o e Esportes (SEMEDE), acompanhou nesta ter\u00e7a-feira (11) a entrada em pauta, na C\u00e2mara de Vereadores, do Projeto de Lei que disp\u00f5e sobre o Tombamento e a Prote\u00e7\u00e3o de \u00c1rvores Bicenten\u00e1rias de relev\u00e2ncia hist\u00f3rica, cultural, ambiental e ancestral localizadas na Comunidade Quilombola de [&hellip;]<\/p>\n","protected":false},"author":1,"featured_media":81229,"comment_status":"open","ping_status":"open","sticky":false,"template":"","format":"standard","meta":{"_uag_custom_page_level_css":"","_monsterinsights_skip_tracking":false,"_monsterinsights_sitenote_active":false,"_monsterinsights_sitenote_note":"","_monsterinsights_sitenote_category":0,"jetpack_post_was_ever_published":false,"_jetpack_newsletter_access":"","_jetpack_dont_email_post_to_subs":false,"_jetpack_newsletter_tier_id":0,"_jetpack_memberships_contains_paywalled_content":false,"_jetpack_memberships_contains_paid_content":false,"footnotes":"","jetpack_publicize_message":"","jetpack_publicize_feature_enabled":true,"jetpack_social_post_already_shared":true,"jetpack_social_options":{"image_generator_settings":{"template":"highway","default_image_id":0,"font":"","enabled":false},"version":2}},"categories":[209],"tags":[],"class_list":["post-81228","post","type-post","status-publish","format-standard","has-post-thumbnail","hentry","category-educacao"],"jetpack_publicize_connections":[],"jetpack_featured_media_url":"https:\/\/blogopara.com.br\/wp-content\/uploads\/2025\/11\/WhatsApp-Image-2025-11-12-at-09.42.37-5.jpeg","uagb_featured_image_src":{"full":["https:\/\/blogopara.com.br\/wp-content\/uploads\/2025\/11\/WhatsApp-Image-2025-11-12-at-09.42.37-5.jpeg",500,333,false],"thumbnail":["https:\/\/blogopara.com.br\/wp-content\/uploads\/2025\/11\/WhatsApp-Image-2025-11-12-at-09.42.37-5-150x150.jpeg",150,150,true],"medium":["https:\/\/blogopara.com.br\/wp-content\/uploads\/2025\/11\/WhatsApp-Image-2025-11-12-at-09.42.37-5-300x200.jpeg",300,200,true],"medium_large":["https:\/\/blogopara.com.br\/wp-content\/uploads\/2025\/11\/WhatsApp-Image-2025-11-12-at-09.42.37-5.jpeg",500,333,false],"large":["https:\/\/blogopara.com.br\/wp-content\/uploads\/2025\/11\/WhatsApp-Image-2025-11-12-at-09.42.37-5.jpeg",500,333,false],"1536x1536":["https:\/\/blogopara.com.br\/wp-content\/uploads\/2025\/11\/WhatsApp-Image-2025-11-12-at-09.42.37-5.jpeg",500,333,false],"2048x2048":["https:\/\/blogopara.com.br\/wp-content\/uploads\/2025\/11\/WhatsApp-Image-2025-11-12-at-09.42.37-5.jpeg",500,333,false],"mantranews-slider-large":["https:\/\/blogopara.com.br\/wp-content\/uploads\/2025\/11\/WhatsApp-Image-2025-11-12-at-09.42.37-5.jpeg",500,333,false],"mantranews-featured-medium":["https:\/\/blogopara.com.br\/wp-content\/uploads\/2025\/11\/WhatsApp-Image-2025-11-12-at-09.42.37-5-420x307.jpeg",420,307,true],"mantranews-featured-long":["https:\/\/blogopara.com.br\/wp-content\/uploads\/2025\/11\/WhatsApp-Image-2025-11-12-at-09.42.37-5-300x333.jpeg",300,333,true],"mantranews-block-medium":["https:\/\/blogopara.com.br\/wp-content\/uploads\/2025\/11\/WhatsApp-Image-2025-11-12-at-09.42.37-5-464x290.jpeg",464,290,true],"mantranews-carousel-image":["https:\/\/blogopara.com.br\/wp-content\/uploads\/2025\/11\/WhatsApp-Image-2025-11-12-at-09.42.37-5.jpeg",500,333,false],"mantranews-block-thumb":["https:\/\/blogopara.com.br\/wp-content\/uploads\/2025\/11\/WhatsApp-Image-2025-11-12-at-09.42.37-5-322x230.jpeg",322,230,true],"mantranews-single-large":["https:\/\/blogopara.com.br\/wp-content\/uploads\/2025\/11\/WhatsApp-Image-2025-11-12-at-09.42.37-5.jpeg",500,333,false]},"uagb_author_info":{"display_name":"Reda\u00e7\u00e3o geral","author_link":"https:\/\/blogopara.com.br\/index.php\/author\/blogopara"},"uagb_comment_info":0,"uagb_excerpt":"A Prefeitura de Senhor do Bonfim, por meio da Secretaria Municipal de Educa\u00e7\u00e3o e Esportes (SEMEDE), acompanhou nesta ter\u00e7a-feira (11) a entrada em pauta, na C\u00e2mara de Vereadores, do Projeto de Lei que disp\u00f5e sobre o Tombamento e a Prote\u00e7\u00e3o de \u00c1rvores Bicenten\u00e1rias de relev\u00e2ncia hist\u00f3rica, cultural, ambiental e ancestral localizadas na Comunidade Quilombola de&hellip;","jetpack_sharing_enabled":true,"jetpack_likes_enabled":true,"_links":{"self":[{"href":"https:\/\/blogopara.com.br\/index.php\/wp-json\/wp\/v2\/posts\/81228","targetHints":{"allow":["GET"]}}],"collection":[{"href":"https:\/\/blogopara.com.br\/index.php\/wp-json\/wp\/v2\/posts"}],"about":[{"href":"https:\/\/blogopara.com.br\/index.php\/wp-json\/wp\/v2\/types\/post"}],"author":[{"embeddable":true,"href":"https:\/\/blogopara.com.br\/index.php\/wp-json\/wp\/v2\/users\/1"}],"replies":[{"embeddable":true,"href":"https:\/\/blogopara.com.br\/index.php\/wp-json\/wp\/v2\/comments?post=81228"}],"version-history":[{"count":1,"href":"https:\/\/blogopara.com.br\/index.php\/wp-json\/wp\/v2\/posts\/81228\/revisions"}],"predecessor-version":[{"id":81230,"href":"https:\/\/blogopara.com.br\/index.php\/wp-json\/wp\/v2\/posts\/81228\/revisions\/81230"}],"wp:featuredmedia":[{"embeddable":true,"href":"https:\/\/blogopara.com.br\/index.php\/wp-json\/wp\/v2\/media\/81229"}],"wp:attachment":[{"href":"https:\/\/blogopara.com.br\/index.php\/wp-json\/wp\/v2\/media?parent=81228"}],"wp:term":[{"taxonomy":"category","embeddable":true,"href":"https:\/\/blogopara.com.br\/index.php\/wp-json\/wp\/v2\/categories?post=81228"},{"taxonomy":"post_tag","embeddable":true,"href":"https:\/\/blogopara.com.br\/index.php\/wp-json\/wp\/v2\/tags?post=81228"}],"curies":[{"name":"wp","href":"https:\/\/api.w.org\/{rel}","templated":true}]}}