{"id":81234,"date":"2025-11-13T11:49:08","date_gmt":"2025-11-13T14:49:08","guid":{"rendered":"https:\/\/blogopara.com.br\/?p=81234"},"modified":"2025-11-13T11:49:08","modified_gmt":"2025-11-13T14:49:08","slug":"dia-nacional-da-consciencia-negra-prefeitura-de-senhor-do-bonfim-realiza-a-1a-puxada-da-consciencia-em-tijuacu","status":"publish","type":"post","link":"https:\/\/blogopara.com.br\/index.php\/2025\/11\/13\/dia-nacional-da-consciencia-negra-prefeitura-de-senhor-do-bonfim-realiza-a-1a-puxada-da-consciencia-em-tijuacu","title":{"rendered":"Dia Nacional da Consci\u00eancia Negra: Prefeitura de Senhor do Bonfim realiza a 1\u00aa Puxada da Consci\u00eancia em Tijua\u00e7u"},"content":{"rendered":"<p class=\"x_MsoNormal\">Em alus\u00e3o ao Dia Nacional da Consci\u00eancia Negra, a Prefeitura de Senhor do Bonfim, por meio da Secretaria Municipal de Cultura, realiza no pr\u00f3ximo dia 20 de novembro, a 1\u00aa Puxada da Consci\u00eancia, um evento que celebra a identidade, a resist\u00eancia e o orgulho do povo negro bonfinense. A programa\u00e7\u00e3o acontecer\u00e1 a partir das 16h, na Pra\u00e7a do Acaraj\u00e9, no distrito de Tijuacu, com trio el\u00e9trico comandado por Xandy Lu e a participa\u00e7\u00e3o de todas as manifesta\u00e7\u00f5es culturais da comunidade.<\/p>\n<p class=\"x_MsoNormal\">A iniciativa marca um importante momento de valoriza\u00e7\u00e3o da cultura afro-brasileira, refor\u00e7ando a import\u00e2ncia da data e o compromisso da gest\u00e3o \u201cCuidar Bem Mais e Melhor\u201d com a promo\u00e7\u00e3o da igualdade racial e o respeito \u00e0 diversidade.<\/p>\n<p class=\"x_MsoNormal\">Para a secret\u00e1ria municipal de Cultura, Jaqueline Oliveira, a 1\u00aa Puxada da Consci\u00eancia \u00e9 mais do que um evento cultural, \u00e9 um ato de reconhecimento e fortalecimento da hist\u00f3ria negra no munic\u00edpio. \u201cEsse \u00e9 um momento de afirma\u00e7\u00e3o da nossa identidade, de valoriza\u00e7\u00e3o da cultura afro-brasileira e de combate a todas as formas de discrimina\u00e7\u00e3o. A Puxada da Consci\u00eancia nasce com o prop\u00f3sito de unir m\u00fasica, f\u00e9, ancestralidade e orgulho em um grande movimento de celebra\u00e7\u00e3o da vida e da igualdade\u201d, destacou Jaqueline.<\/p>\n<p class=\"x_MsoNormal\"><b>Servi\u00e7o<\/b><\/p>\n<p class=\"x_MsoNormal\">1\u00aa Puxada da Consci\u00eancia<\/p>\n<p class=\"x_MsoNormal\">Data: 20 de novembro<\/p>\n<p class=\"x_MsoNormal\">Local: Pra\u00e7a do Acaraj\u00e9 \u2013 Tijua\u00e7u<\/p>\n<p class=\"x_MsoNormal\">Hor\u00e1rio: 16h<\/p>\n<p class=\"x_MsoNormal\">Atra\u00e7\u00e3o: Trio com Xandy Lu e manifesta\u00e7\u00f5es culturais de Tijua\u00e7u<\/p>\n<p class=\"x_MsoNormal\">\n<p class=\"x_MsoNormal\">\nTexto: Ascom PMSB<\/p>\n","protected":false},"excerpt":{"rendered":"<p>Em alus\u00e3o ao Dia Nacional da Consci\u00eancia Negra, a Prefeitura de Senhor do Bonfim, por meio da Secretaria Municipal de Cultura, realiza no pr\u00f3ximo dia 20 de novembro, a 1\u00aa Puxada da Consci\u00eancia, um evento que celebra a identidade, a resist\u00eancia e o orgulho do povo negro bonfinense. A programa\u00e7\u00e3o acontecer\u00e1 a partir das 16h, [&hellip;]<\/p>\n","protected":false},"author":1,"featured_media":81235,"comment_status":"open","ping_status":"open","sticky":false,"template":"","format":"standard","meta":{"_uag_custom_page_level_css":"","_monsterinsights_skip_tracking":false,"_monsterinsights_sitenote_active":false,"_monsterinsights_sitenote_note":"","_monsterinsights_sitenote_category":0,"jetpack_post_was_ever_published":false,"_jetpack_newsletter_access":"","_jetpack_dont_email_post_to_subs":false,"_jetpack_newsletter_tier_id":0,"_jetpack_memberships_contains_paywalled_content":false,"_jetpack_memberships_contains_paid_content":false,"footnotes":"","jetpack_publicize_message":"","jetpack_publicize_feature_enabled":true,"jetpack_social_post_already_shared":true,"jetpack_social_options":{"image_generator_settings":{"template":"highway","default_image_id":0,"font":"","enabled":false},"version":2}},"categories":[199],"tags":[],"class_list":["post-81234","post","type-post","status-publish","format-standard","has-post-thumbnail","hentry","category-bahia"],"jetpack_publicize_connections":[],"jetpack_featured_media_url":"https:\/\/blogopara.com.br\/wp-content\/uploads\/2025\/11\/thumbnail_WhatsApp-Image-2025-11-12-at-15.37.38.jpg","uagb_featured_image_src":{"full":["https:\/\/blogopara.com.br\/wp-content\/uploads\/2025\/11\/thumbnail_WhatsApp-Image-2025-11-12-at-15.37.38.jpg",501,447,false],"thumbnail":["https:\/\/blogopara.com.br\/wp-content\/uploads\/2025\/11\/thumbnail_WhatsApp-Image-2025-11-12-at-15.37.38-150x150.jpg",150,150,true],"medium":["https:\/\/blogopara.com.br\/wp-content\/uploads\/2025\/11\/thumbnail_WhatsApp-Image-2025-11-12-at-15.37.38-300x268.jpg",300,268,true],"medium_large":["https:\/\/blogopara.com.br\/wp-content\/uploads\/2025\/11\/thumbnail_WhatsApp-Image-2025-11-12-at-15.37.38.jpg",501,447,false],"large":["https:\/\/blogopara.com.br\/wp-content\/uploads\/2025\/11\/thumbnail_WhatsApp-Image-2025-11-12-at-15.37.38.jpg",501,447,false],"1536x1536":["https:\/\/blogopara.com.br\/wp-content\/uploads\/2025\/11\/thumbnail_WhatsApp-Image-2025-11-12-at-15.37.38.jpg",501,447,false],"2048x2048":["https:\/\/blogopara.com.br\/wp-content\/uploads\/2025\/11\/thumbnail_WhatsApp-Image-2025-11-12-at-15.37.38.jpg",501,447,false],"mantranews-slider-large":["https:\/\/blogopara.com.br\/wp-content\/uploads\/2025\/11\/thumbnail_WhatsApp-Image-2025-11-12-at-15.37.38.jpg",501,447,false],"mantranews-featured-medium":["https:\/\/blogopara.com.br\/wp-content\/uploads\/2025\/11\/thumbnail_WhatsApp-Image-2025-11-12-at-15.37.38-420x307.jpg",420,307,true],"mantranews-featured-long":["https:\/\/blogopara.com.br\/wp-content\/uploads\/2025\/11\/thumbnail_WhatsApp-Image-2025-11-12-at-15.37.38-300x443.jpg",300,443,true],"mantranews-block-medium":["https:\/\/blogopara.com.br\/wp-content\/uploads\/2025\/11\/thumbnail_WhatsApp-Image-2025-11-12-at-15.37.38-464x290.jpg",464,290,true],"mantranews-carousel-image":["https:\/\/blogopara.com.br\/wp-content\/uploads\/2025\/11\/thumbnail_WhatsApp-Image-2025-11-12-at-15.37.38.jpg",501,447,false],"mantranews-block-thumb":["https:\/\/blogopara.com.br\/wp-content\/uploads\/2025\/11\/thumbnail_WhatsApp-Image-2025-11-12-at-15.37.38-322x230.jpg",322,230,true],"mantranews-single-large":["https:\/\/blogopara.com.br\/wp-content\/uploads\/2025\/11\/thumbnail_WhatsApp-Image-2025-11-12-at-15.37.38.jpg",501,447,false]},"uagb_author_info":{"display_name":"Reda\u00e7\u00e3o geral","author_link":"https:\/\/blogopara.com.br\/index.php\/author\/blogopara"},"uagb_comment_info":0,"uagb_excerpt":"Em alus\u00e3o ao Dia Nacional da Consci\u00eancia Negra, a Prefeitura de Senhor do Bonfim, por meio da Secretaria Municipal de Cultura, realiza no pr\u00f3ximo dia 20 de novembro, a 1\u00aa Puxada da Consci\u00eancia, um evento que celebra a identidade, a resist\u00eancia e o orgulho do povo negro bonfinense. A programa\u00e7\u00e3o acontecer\u00e1 a partir das 16h,&hellip;","jetpack_sharing_enabled":true,"jetpack_likes_enabled":true,"_links":{"self":[{"href":"https:\/\/blogopara.com.br\/index.php\/wp-json\/wp\/v2\/posts\/81234","targetHints":{"allow":["GET"]}}],"collection":[{"href":"https:\/\/blogopara.com.br\/index.php\/wp-json\/wp\/v2\/posts"}],"about":[{"href":"https:\/\/blogopara.com.br\/index.php\/wp-json\/wp\/v2\/types\/post"}],"author":[{"embeddable":true,"href":"https:\/\/blogopara.com.br\/index.php\/wp-json\/wp\/v2\/users\/1"}],"replies":[{"embeddable":true,"href":"https:\/\/blogopara.com.br\/index.php\/wp-json\/wp\/v2\/comments?post=81234"}],"version-history":[{"count":1,"href":"https:\/\/blogopara.com.br\/index.php\/wp-json\/wp\/v2\/posts\/81234\/revisions"}],"predecessor-version":[{"id":81236,"href":"https:\/\/blogopara.com.br\/index.php\/wp-json\/wp\/v2\/posts\/81234\/revisions\/81236"}],"wp:featuredmedia":[{"embeddable":true,"href":"https:\/\/blogopara.com.br\/index.php\/wp-json\/wp\/v2\/media\/81235"}],"wp:attachment":[{"href":"https:\/\/blogopara.com.br\/index.php\/wp-json\/wp\/v2\/media?parent=81234"}],"wp:term":[{"taxonomy":"category","embeddable":true,"href":"https:\/\/blogopara.com.br\/index.php\/wp-json\/wp\/v2\/categories?post=81234"},{"taxonomy":"post_tag","embeddable":true,"href":"https:\/\/blogopara.com.br\/index.php\/wp-json\/wp\/v2\/tags?post=81234"}],"curies":[{"name":"wp","href":"https:\/\/api.w.org\/{rel}","templated":true}]}}