{"id":81251,"date":"2025-11-13T12:19:14","date_gmt":"2025-11-13T15:19:14","guid":{"rendered":"https:\/\/blogopara.com.br\/?p=81251"},"modified":"2025-11-13T12:19:14","modified_gmt":"2025-11-13T15:19:14","slug":"aluna-da-unb-e-presa-apos-xingar-aluno-nao-binario-que-entrou-em-banheiro-feminino-biologicamente-homem","status":"publish","type":"post","link":"https:\/\/blogopara.com.br\/index.php\/2025\/11\/13\/aluna-da-unb-e-presa-apos-xingar-aluno-nao-binario-que-entrou-em-banheiro-feminino-biologicamente-homem","title":{"rendered":"Aluna da UnB \u00e9 presa ap\u00f3s xingar aluno n\u00e3o-bin\u00e1rio que entrou em banheiro feminino: &#8216;Biologicamente homem&#8217;"},"content":{"rendered":"<div class=\"flex flex-col w-full font-normal text-[18px] leading-[30px] text-tw-theme-text-default\">\n<p id=\"paragrafo-cp7s7gj85l\">Uma aluna da Universidade de Bras\u00edlia (UnB) foi presa na noite de ter\u00e7a-feira (11) ap\u00f3s xingar um colega n\u00e3o-bin\u00e1rio. O caso aconteceu no Campus Darcy Ribeiro, quando o estudante entrou no banheiro feminino, onde estava a jovem de 23 anos. As informa\u00e7\u00f5es s\u00e3o do jornal Metr\u00f3poles.<\/p>\n<\/div>\n<div class=\"flex flex-col w-full font-normal text-[18px] leading-[30px] text-tw-theme-text-default\">\n<p id=\"paragrafo-43jjofrt8c\">Ao ver o colega, a aluna teria dito que ele \u201cn\u00e3o poderia estar ali por ser biologicamente homem\u201d. Houve uma briga acalorada, que se estendeu ao p\u00e1tio da faculdade e foi presenciada por outros estudantes.\u00a0Durante a dicuss\u00e3o, a jovem ainda chamou o aluno de \u201cviadinho\u201d e \u201cjack\u201d &#8211; express\u00e3o para falar de estupradores.<\/p>\n<\/div>\n<div class=\"flex flex-col w-full font-normal text-[18px] leading-[30px] text-tw-theme-text-default\">\n<p id=\"paragrafo-63gpxg9ggs\">O aluno acionou a seguran\u00e7a local e a pol\u00edcia. Os envolvidos foram para uma delegacia, onde prestaram depoimento. A jovem confessou as falas e ainda teria debochado do nome do colega.<\/p>\n<\/div>\n<div class=\"flex flex-col w-full font-normal text-[18px] leading-[30px] text-tw-theme-text-default\">\n<p id=\"paragrafo-r1vxh3j6fl\">O caso foi enquadrado como inj\u00faria racial na forma de inj\u00faria homof\u00f3bica, conforme entendimento do Supremo Tribunal Federal (STF) na A\u00e7\u00e3o Direta de Inconstitucionalidade por Omiss\u00e3o (ADO) n\u00ba 26.<\/p>\n<\/div>\n<div class=\"flex flex-col w-full font-normal text-[18px] leading-[30px] text-tw-theme-text-default\">\n<p id=\"paragrafo-euuciq4uqo\">Procurada, a UnB informou que acompanha o caso e est\u00e1 em articula\u00e7\u00e3o com os \u00f3rg\u00e3os competentes.<\/p>\n<\/div>\n","protected":false},"excerpt":{"rendered":"<p>Uma aluna da Universidade de Bras\u00edlia (UnB) foi presa na noite de ter\u00e7a-feira (11) ap\u00f3s xingar um colega n\u00e3o-bin\u00e1rio. O caso aconteceu no Campus Darcy Ribeiro, quando o estudante entrou no banheiro feminino, onde estava a jovem de 23 anos. As informa\u00e7\u00f5es s\u00e3o do jornal Metr\u00f3poles. Ao ver o colega, a aluna teria dito que [&hellip;]<\/p>\n","protected":false},"author":1,"featured_media":81252,"comment_status":"open","ping_status":"open","sticky":false,"template":"","format":"standard","meta":{"_uag_custom_page_level_css":"","_monsterinsights_skip_tracking":false,"_monsterinsights_sitenote_active":false,"_monsterinsights_sitenote_note":"","_monsterinsights_sitenote_category":0,"jetpack_post_was_ever_published":false,"_jetpack_newsletter_access":"","_jetpack_dont_email_post_to_subs":false,"_jetpack_newsletter_tier_id":0,"_jetpack_memberships_contains_paywalled_content":false,"_jetpack_memberships_contains_paid_content":false,"footnotes":"","jetpack_publicize_message":"","jetpack_publicize_feature_enabled":true,"jetpack_social_post_already_shared":true,"jetpack_social_options":{"image_generator_settings":{"template":"highway","default_image_id":0,"font":"","enabled":false},"version":2}},"categories":[202],"tags":[],"class_list":["post-81251","post","type-post","status-publish","format-standard","has-post-thumbnail","hentry","category-policia"],"jetpack_publicize_connections":[],"jetpack_featured_media_url":"https:\/\/blogopara.com.br\/wp-content\/uploads\/2025\/11\/1719870952668325e89711d_1719870952_3x2_md.jpg","uagb_featured_image_src":{"full":["https:\/\/blogopara.com.br\/wp-content\/uploads\/2025\/11\/1719870952668325e89711d_1719870952_3x2_md.jpg",500,333,false],"thumbnail":["https:\/\/blogopara.com.br\/wp-content\/uploads\/2025\/11\/1719870952668325e89711d_1719870952_3x2_md-150x150.jpg",150,150,true],"medium":["https:\/\/blogopara.com.br\/wp-content\/uploads\/2025\/11\/1719870952668325e89711d_1719870952_3x2_md-300x200.jpg",300,200,true],"medium_large":["https:\/\/blogopara.com.br\/wp-content\/uploads\/2025\/11\/1719870952668325e89711d_1719870952_3x2_md.jpg",500,333,false],"large":["https:\/\/blogopara.com.br\/wp-content\/uploads\/2025\/11\/1719870952668325e89711d_1719870952_3x2_md.jpg",500,333,false],"1536x1536":["https:\/\/blogopara.com.br\/wp-content\/uploads\/2025\/11\/1719870952668325e89711d_1719870952_3x2_md.jpg",500,333,false],"2048x2048":["https:\/\/blogopara.com.br\/wp-content\/uploads\/2025\/11\/1719870952668325e89711d_1719870952_3x2_md.jpg",500,333,false],"mantranews-slider-large":["https:\/\/blogopara.com.br\/wp-content\/uploads\/2025\/11\/1719870952668325e89711d_1719870952_3x2_md.jpg",500,333,false],"mantranews-featured-medium":["https:\/\/blogopara.com.br\/wp-content\/uploads\/2025\/11\/1719870952668325e89711d_1719870952_3x2_md-420x307.jpg",420,307,true],"mantranews-featured-long":["https:\/\/blogopara.com.br\/wp-content\/uploads\/2025\/11\/1719870952668325e89711d_1719870952_3x2_md-300x333.jpg",300,333,true],"mantranews-block-medium":["https:\/\/blogopara.com.br\/wp-content\/uploads\/2025\/11\/1719870952668325e89711d_1719870952_3x2_md-464x290.jpg",464,290,true],"mantranews-carousel-image":["https:\/\/blogopara.com.br\/wp-content\/uploads\/2025\/11\/1719870952668325e89711d_1719870952_3x2_md.jpg",500,333,false],"mantranews-block-thumb":["https:\/\/blogopara.com.br\/wp-content\/uploads\/2025\/11\/1719870952668325e89711d_1719870952_3x2_md-322x230.jpg",322,230,true],"mantranews-single-large":["https:\/\/blogopara.com.br\/wp-content\/uploads\/2025\/11\/1719870952668325e89711d_1719870952_3x2_md.jpg",500,333,false]},"uagb_author_info":{"display_name":"Reda\u00e7\u00e3o geral","author_link":"https:\/\/blogopara.com.br\/index.php\/author\/blogopara"},"uagb_comment_info":0,"uagb_excerpt":"Uma aluna da Universidade de Bras\u00edlia (UnB) foi presa na noite de ter\u00e7a-feira (11) ap\u00f3s xingar um colega n\u00e3o-bin\u00e1rio. O caso aconteceu no Campus Darcy Ribeiro, quando o estudante entrou no banheiro feminino, onde estava a jovem de 23 anos. As informa\u00e7\u00f5es s\u00e3o do jornal Metr\u00f3poles. Ao ver o colega, a aluna teria dito que&hellip;","jetpack_sharing_enabled":true,"jetpack_likes_enabled":true,"_links":{"self":[{"href":"https:\/\/blogopara.com.br\/index.php\/wp-json\/wp\/v2\/posts\/81251","targetHints":{"allow":["GET"]}}],"collection":[{"href":"https:\/\/blogopara.com.br\/index.php\/wp-json\/wp\/v2\/posts"}],"about":[{"href":"https:\/\/blogopara.com.br\/index.php\/wp-json\/wp\/v2\/types\/post"}],"author":[{"embeddable":true,"href":"https:\/\/blogopara.com.br\/index.php\/wp-json\/wp\/v2\/users\/1"}],"replies":[{"embeddable":true,"href":"https:\/\/blogopara.com.br\/index.php\/wp-json\/wp\/v2\/comments?post=81251"}],"version-history":[{"count":1,"href":"https:\/\/blogopara.com.br\/index.php\/wp-json\/wp\/v2\/posts\/81251\/revisions"}],"predecessor-version":[{"id":81253,"href":"https:\/\/blogopara.com.br\/index.php\/wp-json\/wp\/v2\/posts\/81251\/revisions\/81253"}],"wp:featuredmedia":[{"embeddable":true,"href":"https:\/\/blogopara.com.br\/index.php\/wp-json\/wp\/v2\/media\/81252"}],"wp:attachment":[{"href":"https:\/\/blogopara.com.br\/index.php\/wp-json\/wp\/v2\/media?parent=81251"}],"wp:term":[{"taxonomy":"category","embeddable":true,"href":"https:\/\/blogopara.com.br\/index.php\/wp-json\/wp\/v2\/categories?post=81251"},{"taxonomy":"post_tag","embeddable":true,"href":"https:\/\/blogopara.com.br\/index.php\/wp-json\/wp\/v2\/tags?post=81251"}],"curies":[{"name":"wp","href":"https:\/\/api.w.org\/{rel}","templated":true}]}}