{"id":81361,"date":"2025-11-16T09:10:02","date_gmt":"2025-11-16T12:10:02","guid":{"rendered":"https:\/\/blogopara.com.br\/?p=81361"},"modified":"2025-11-16T09:10:02","modified_gmt":"2025-11-16T12:10:02","slug":"veto-de-lula-a-mp-1304-pode-quebrar-setor-de-energia-renovavel-no-brasil","status":"publish","type":"post","link":"https:\/\/blogopara.com.br\/index.php\/2025\/11\/16\/veto-de-lula-a-mp-1304-pode-quebrar-setor-de-energia-renovavel-no-brasil","title":{"rendered":"Veto de Lula \u00e0 MP 1304 pode quebrar setor de energia renov\u00e1vel no Brasil"},"content":{"rendered":"<div class=\"flex flex-col w-full font-normal text-[18px] leading-[30px] text-tw-theme-text-default\">\n<p id=\"paragrafo-42wqsz6pfi\">A not\u00edcia sobre um poss\u00edvel veto do presidente Luiz In\u00e1cio Lula da Silva ao artigo que trata sobre o ressarcimento dos preju\u00edzos causados pelo curtaiment no setor el\u00e9trico vem causando p\u00e2nico aos geradores de energia renov\u00e1vel. Nesta sexta-feira (14), a Associa\u00e7\u00e3o Brasileira de Energia E\u00f3lica (ABEE\u00f3lica) convocou jornalistas para uma entrevista com geradores e fabricantes a respeito do assunto. O foco foi o artigo 1A da Medida Provis\u00f3ria (MP) 1304, que prev\u00ea o ressarcimento decorrentes de ordens do governo para suspender a gera\u00e7\u00e3o de energia.<\/p>\n<\/div>\n<div class=\"flex flex-col w-full font-normal text-[18px] leading-[30px] text-tw-theme-text-default\">\n<p id=\"paragrafo-bzlhwytjcr\">Os l\u00edderes do setor argumentam que, sem o artigo, a ind\u00fastria enfrentar\u00e1 uma crise severa, amea\u00e7ando a seguran\u00e7a regulat\u00f3ria e futuros investimentos no Brasil, especialmente no Nordeste. \u201cA ind\u00fastria de energia renov\u00e1vel do Brasil, e a\u00ed com muita propriedade falando de e\u00f3lica, mas a solar tamb\u00e9m de grande porte vai sofrer as consequ\u00eancias, n\u00e3o vai suportar o fato de a gente n\u00e3o trazer agora uma solu\u00e7\u00e3o para o curtailment\u201d, avisou Elbia Gannoum, presidente da ABEE\u00f3lica.<\/p>\n<\/div>\n<div class=\"flex flex-col w-full font-normal text-[18px] leading-[30px] text-tw-theme-text-default\">\n<p id=\"paragrafo-wq4e9xzdn6\">E por que essa discuss\u00e3o \u00e9 importante? Hoje, 90% dos investimentos em energia renov\u00e1veis s\u00e3o realizados no Nordeste, portanto, a regi\u00e3o \u00e9 a mais impactada com a crise. Roberto Veiga, vice-presidente da Goldwind, mencionou o risco da inseguran\u00e7a jur\u00eddica. Segundo ele, a f\u00e1brica que opera h\u00e1 tr\u00eas anos emprega atualmente 800 pessoas.<\/p>\n<\/div>\n<div class=\"flex flex-col w-full font-normal text-[18px] leading-[30px] text-tw-theme-text-default\">\n<p id=\"paragrafo-f6r7glrt6x\">Apesar do inquietante sil\u00eancio do governo baiano em rela\u00e7\u00e3o ao assunto, a Bahia \u00e9 l\u00edder na gera\u00e7\u00e3o de energia renov\u00e1vel no Brasil, com uma capacidade acima de 10 gigawatts s\u00f3 de e\u00f3lica. Al\u00e9m disso conta com diversas f\u00e1bricas que atendem a demanda de projetos em diversas partes do pa\u00eds, estando toda esta cadeia em risco.<\/p>\n<\/div>\n<div class=\"flex flex-col w-full font-normal text-[18px] leading-[30px] text-tw-theme-text-default\">\n<p id=\"paragrafo-hv3tzkit2u\">O setor recha\u00e7a a conta de que manter o artigo custaria R$ 7 bilh\u00f5es nas tarifas dos consumidores, ponderando que o valor devido \u00e9 de\u00a0R$ 2,8 bilh\u00f5es. E que ele seria compensado por um saldo positivo j\u00e1 existente na C\u00e2mara de Comercializa\u00e7\u00e3o de Energia El\u00e9trica (CCEE). Sem impacto tarif\u00e1rio, portanto.<\/p>\n<\/div>\n<div class=\"flex flex-col w-full font-normal text-[18px] leading-[30px] text-tw-theme-text-default\">\n<p id=\"paragrafo-xkt7o16hml\">Mas h\u00e1 uma outra quest\u00e3o que preocupa quando se pensa no futuro da atividade. Al\u00e9m de impactos mais diretos, como a possibilidade de demiss\u00f5es, perda de renda dos propriet\u00e1rios de terra que arrendam \u00e1reas para os parques e o fechamento de f\u00e1bricas, existe o risco jur\u00eddico de desrespeitar contratos, que motivaram as empresas de energia a constru\u00edrem os parques para fornecer uma determinada quantidade de energia. Tem usinas que enfrentaram cortes correspondentes a 50% da capacidade de produ\u00e7\u00e3o nos \u00faltimos meses, segundo a ABEE\u00f3lica. \u00c9 delas a culpa se o governo contratou a energia e foi ineficiente para implantar a infraestrutura de distribui\u00e7\u00e3o?<\/p>\n<\/div>\n<div class=\"flex flex-col w-full font-normal text-[18px] leading-[30px] text-tw-theme-text-default\">\n<p id=\"paragrafo-knzb9zwf6a\">Embaixadas dos pa\u00edses das empresas que investem no Brasil j\u00e1 manifestaram suas preocupa\u00e7\u00f5es ao governo Lula. A lista vai desde pa\u00edses n\u00f3rdicos \u00e0 Fran\u00e7a, Portugal e Espanha. Na semana passada, quando esteve com Lula, o presidente da Fran\u00e7a, Emmanuel Macron, pediu ao brasileiro que compense as perdas das empresas, de acordo com a Folha de S. Paulo.<\/p>\n<\/div>\n<div class=\"flex flex-col w-full font-normal text-[18px] leading-[30px] text-tw-theme-text-default\">\n<p id=\"paragrafo-ekuzaef13l\">No fim da conversa com os jornalistas, Elbia Gannoum foi bastante direta: \u201csem o dispositivo 1A, a ind\u00fastria de renov\u00e1veis brasileira vai falir, vai quebrar\u201d. O pa\u00eds vai pagar para ver? E mais, a Bahia vai pagar para ver? Sem energia renov\u00e1vel, ser\u00e1 imposs\u00edvel atrair as ind\u00fastrias de hidrog\u00eanio verde e data centers para o estado, principais apostas para novos investimentos no interior nos pr\u00f3ximos anos.<\/p>\n<\/div>\n","protected":false},"excerpt":{"rendered":"<p>A not\u00edcia sobre um poss\u00edvel veto do presidente Luiz In\u00e1cio Lula da Silva ao artigo que trata sobre o ressarcimento dos preju\u00edzos causados pelo curtaiment no setor el\u00e9trico vem causando p\u00e2nico aos geradores de energia renov\u00e1vel. Nesta sexta-feira (14), a Associa\u00e7\u00e3o Brasileira de Energia E\u00f3lica (ABEE\u00f3lica) convocou jornalistas para uma entrevista com geradores e fabricantes [&hellip;]<\/p>\n","protected":false},"author":1,"featured_media":81362,"comment_status":"open","ping_status":"open","sticky":false,"template":"","format":"standard","meta":{"_uag_custom_page_level_css":"","_monsterinsights_skip_tracking":false,"_monsterinsights_sitenote_active":false,"_monsterinsights_sitenote_note":"","_monsterinsights_sitenote_category":0,"jetpack_post_was_ever_published":false,"_jetpack_newsletter_access":"","_jetpack_dont_email_post_to_subs":false,"_jetpack_newsletter_tier_id":0,"_jetpack_memberships_contains_paywalled_content":false,"_jetpack_memberships_contains_paid_content":false,"footnotes":"","jetpack_publicize_message":"","jetpack_publicize_feature_enabled":true,"jetpack_social_post_already_shared":true,"jetpack_social_options":{"image_generator_settings":{"template":"highway","default_image_id":0,"font":"","enabled":false},"version":2}},"categories":[200],"tags":[236,554],"class_list":["post-81361","post","type-post","status-publish","format-standard","has-post-thumbnail","hentry","category-brasil","tag-corrupcao","tag-lula"],"jetpack_publicize_connections":[],"jetpack_featured_media_url":"https:\/\/blogopara.com.br\/wp-content\/uploads\/2025\/11\/Capturar-26.jpg","uagb_featured_image_src":{"full":["https:\/\/blogopara.com.br\/wp-content\/uploads\/2025\/11\/Capturar-26.jpg",500,309,false],"thumbnail":["https:\/\/blogopara.com.br\/wp-content\/uploads\/2025\/11\/Capturar-26-150x150.jpg",150,150,true],"medium":["https:\/\/blogopara.com.br\/wp-content\/uploads\/2025\/11\/Capturar-26-300x185.jpg",300,185,true],"medium_large":["https:\/\/blogopara.com.br\/wp-content\/uploads\/2025\/11\/Capturar-26.jpg",500,309,false],"large":["https:\/\/blogopara.com.br\/wp-content\/uploads\/2025\/11\/Capturar-26.jpg",500,309,false],"1536x1536":["https:\/\/blogopara.com.br\/wp-content\/uploads\/2025\/11\/Capturar-26.jpg",500,309,false],"2048x2048":["https:\/\/blogopara.com.br\/wp-content\/uploads\/2025\/11\/Capturar-26.jpg",500,309,false],"mantranews-slider-large":["https:\/\/blogopara.com.br\/wp-content\/uploads\/2025\/11\/Capturar-26.jpg",500,309,false],"mantranews-featured-medium":["https:\/\/blogopara.com.br\/wp-content\/uploads\/2025\/11\/Capturar-26-420x307.jpg",420,307,true],"mantranews-featured-long":["https:\/\/blogopara.com.br\/wp-content\/uploads\/2025\/11\/Capturar-26-300x309.jpg",300,309,true],"mantranews-block-medium":["https:\/\/blogopara.com.br\/wp-content\/uploads\/2025\/11\/Capturar-26-464x290.jpg",464,290,true],"mantranews-carousel-image":["https:\/\/blogopara.com.br\/wp-content\/uploads\/2025\/11\/Capturar-26.jpg",500,309,false],"mantranews-block-thumb":["https:\/\/blogopara.com.br\/wp-content\/uploads\/2025\/11\/Capturar-26-322x230.jpg",322,230,true],"mantranews-single-large":["https:\/\/blogopara.com.br\/wp-content\/uploads\/2025\/11\/Capturar-26.jpg",500,309,false]},"uagb_author_info":{"display_name":"Reda\u00e7\u00e3o geral","author_link":"https:\/\/blogopara.com.br\/index.php\/author\/blogopara"},"uagb_comment_info":0,"uagb_excerpt":"A not\u00edcia sobre um poss\u00edvel veto do presidente Luiz In\u00e1cio Lula da Silva ao artigo que trata sobre o ressarcimento dos preju\u00edzos causados pelo curtaiment no setor el\u00e9trico vem causando p\u00e2nico aos geradores de energia renov\u00e1vel. Nesta sexta-feira (14), a Associa\u00e7\u00e3o Brasileira de Energia E\u00f3lica (ABEE\u00f3lica) convocou jornalistas para uma entrevista com geradores e fabricantes&hellip;","jetpack_sharing_enabled":true,"jetpack_likes_enabled":true,"_links":{"self":[{"href":"https:\/\/blogopara.com.br\/index.php\/wp-json\/wp\/v2\/posts\/81361","targetHints":{"allow":["GET"]}}],"collection":[{"href":"https:\/\/blogopara.com.br\/index.php\/wp-json\/wp\/v2\/posts"}],"about":[{"href":"https:\/\/blogopara.com.br\/index.php\/wp-json\/wp\/v2\/types\/post"}],"author":[{"embeddable":true,"href":"https:\/\/blogopara.com.br\/index.php\/wp-json\/wp\/v2\/users\/1"}],"replies":[{"embeddable":true,"href":"https:\/\/blogopara.com.br\/index.php\/wp-json\/wp\/v2\/comments?post=81361"}],"version-history":[{"count":1,"href":"https:\/\/blogopara.com.br\/index.php\/wp-json\/wp\/v2\/posts\/81361\/revisions"}],"predecessor-version":[{"id":81363,"href":"https:\/\/blogopara.com.br\/index.php\/wp-json\/wp\/v2\/posts\/81361\/revisions\/81363"}],"wp:featuredmedia":[{"embeddable":true,"href":"https:\/\/blogopara.com.br\/index.php\/wp-json\/wp\/v2\/media\/81362"}],"wp:attachment":[{"href":"https:\/\/blogopara.com.br\/index.php\/wp-json\/wp\/v2\/media?parent=81361"}],"wp:term":[{"taxonomy":"category","embeddable":true,"href":"https:\/\/blogopara.com.br\/index.php\/wp-json\/wp\/v2\/categories?post=81361"},{"taxonomy":"post_tag","embeddable":true,"href":"https:\/\/blogopara.com.br\/index.php\/wp-json\/wp\/v2\/tags?post=81361"}],"curies":[{"name":"wp","href":"https:\/\/api.w.org\/{rel}","templated":true}]}}