{"id":81372,"date":"2025-11-17T10:48:48","date_gmt":"2025-11-17T13:48:48","guid":{"rendered":"https:\/\/blogopara.com.br\/?p=81372"},"modified":"2025-11-17T10:48:48","modified_gmt":"2025-11-17T13:48:48","slug":"pm-e-ferido-durante-tiroteio-no-bairro-de-santa-cruz","status":"publish","type":"post","link":"https:\/\/blogopara.com.br\/index.php\/2025\/11\/17\/pm-e-ferido-durante-tiroteio-no-bairro-de-santa-cruz","title":{"rendered":"PM \u00e9 ferido durante tiroteio no bairro de Santa Cruz"},"content":{"rendered":"<div class=\"flex flex-col w-full\">\n<div class=\"flex flex-col w-full font-normal text-[18px] leading-[30px] text-tw-theme-text-default\">\n<p id=\"paragrafo-eend1e8tb4\">Um policial militar foi ferido por estilha\u00e7os durante um tiroteio no bairro de Santa Cruz, em Salvador, na tarde de domingo (16). O militar, lotado no 30\u00ba Batalh\u00e3o (BPM), sofreu ferimentos leves, e o patrulhamento foi refor\u00e7ado na regi\u00e3o<\/p>\n<\/div>\n<div class=\"flex flex-col w-full font-normal text-[18px] leading-[30px] text-tw-theme-text-default\">\n<p id=\"paragrafo-l57ga7jzem\">Segundo a pol\u00edcia, a ocorr\u00eancia aconteceu quando uma equipe realizava rondas e se deparou com dois homens em uma moto, cuja placa era clonada, conforme informa\u00e7\u00f5es do sistema. Diante da voz de parada, a dupla fugiu.<\/p>\n<\/div>\n<div class=\"flex flex-col w-full font-normal text-[18px] leading-[30px] text-tw-theme-text-default\">\n<p id=\"paragrafo-eiv6eh3hk1\">Durante o acompanhamento, um grupo de criminosos da regi\u00e3o atirou contra a viatura, atingindo o para-brisas, e os estilha\u00e7os feriram sem gravidade um dos policiais.<\/p>\n<\/div>\n<div class=\"flex flex-col w-full font-normal text-[18px] leading-[30px] text-tw-theme-text-default\">\n<p id=\"paragrafo-tldytni8w5\">A moto foi apreendida e apresentada na Delegacia de Repress\u00e3o a Furtos e Roubos de Ve\u00edculos (DRFRV). Procurada, a Pol\u00edcia Civil informou que n\u00e3o localizou registro do caso.<\/p>\n<\/div>\n<\/div>\n<div class=\"flex flex-col w-full\"><\/div>\n","protected":false},"excerpt":{"rendered":"<p>Um policial militar foi ferido por estilha\u00e7os durante um tiroteio no bairro de Santa Cruz, em Salvador, na tarde de domingo (16). O militar, lotado no 30\u00ba Batalh\u00e3o (BPM), sofreu ferimentos leves, e o patrulhamento foi refor\u00e7ado na regi\u00e3o Segundo a pol\u00edcia, a ocorr\u00eancia aconteceu quando uma equipe realizava rondas e se deparou com dois [&hellip;]<\/p>\n","protected":false},"author":1,"featured_media":30633,"comment_status":"open","ping_status":"open","sticky":false,"template":"","format":"standard","meta":{"_uag_custom_page_level_css":"","_monsterinsights_skip_tracking":false,"_monsterinsights_sitenote_active":false,"_monsterinsights_sitenote_note":"","_monsterinsights_sitenote_category":0,"jetpack_post_was_ever_published":false,"_jetpack_newsletter_access":"","_jetpack_dont_email_post_to_subs":false,"_jetpack_newsletter_tier_id":0,"_jetpack_memberships_contains_paywalled_content":false,"_jetpack_memberships_contains_paid_content":false,"footnotes":"","jetpack_publicize_message":"","jetpack_publicize_feature_enabled":true,"jetpack_social_post_already_shared":true,"jetpack_social_options":{"image_generator_settings":{"template":"highway","default_image_id":0,"font":"","enabled":false},"version":2}},"categories":[199],"tags":[],"class_list":["post-81372","post","type-post","status-publish","format-standard","has-post-thumbnail","hentry","category-bahia"],"jetpack_publicize_connections":[],"jetpack_featured_media_url":"https:\/\/blogopara.com.br\/wp-content\/uploads\/2021\/11\/sirene-policia.jpg","uagb_featured_image_src":{"full":["https:\/\/blogopara.com.br\/wp-content\/uploads\/2021\/11\/sirene-policia.jpg",500,316,false],"thumbnail":["https:\/\/blogopara.com.br\/wp-content\/uploads\/2021\/11\/sirene-policia-150x150.jpg",150,150,true],"medium":["https:\/\/blogopara.com.br\/wp-content\/uploads\/2021\/11\/sirene-policia-300x190.jpg",300,190,true],"medium_large":["https:\/\/blogopara.com.br\/wp-content\/uploads\/2021\/11\/sirene-policia.jpg",500,316,false],"large":["https:\/\/blogopara.com.br\/wp-content\/uploads\/2021\/11\/sirene-policia.jpg",500,316,false],"1536x1536":["https:\/\/blogopara.com.br\/wp-content\/uploads\/2021\/11\/sirene-policia.jpg",500,316,false],"2048x2048":["https:\/\/blogopara.com.br\/wp-content\/uploads\/2021\/11\/sirene-policia.jpg",500,316,false],"mantranews-slider-large":["https:\/\/blogopara.com.br\/wp-content\/uploads\/2021\/11\/sirene-policia.jpg",500,316,false],"mantranews-featured-medium":["https:\/\/blogopara.com.br\/wp-content\/uploads\/2021\/11\/sirene-policia-420x307.jpg",420,307,true],"mantranews-featured-long":["https:\/\/blogopara.com.br\/wp-content\/uploads\/2021\/11\/sirene-policia-300x316.jpg",300,316,true],"mantranews-block-medium":["https:\/\/blogopara.com.br\/wp-content\/uploads\/2021\/11\/sirene-policia-464x290.jpg",464,290,true],"mantranews-carousel-image":["https:\/\/blogopara.com.br\/wp-content\/uploads\/2021\/11\/sirene-policia.jpg",500,316,false],"mantranews-block-thumb":["https:\/\/blogopara.com.br\/wp-content\/uploads\/2021\/11\/sirene-policia-322x230.jpg",322,230,true],"mantranews-single-large":["https:\/\/blogopara.com.br\/wp-content\/uploads\/2021\/11\/sirene-policia.jpg",500,316,false]},"uagb_author_info":{"display_name":"Reda\u00e7\u00e3o geral","author_link":"https:\/\/blogopara.com.br\/index.php\/author\/blogopara"},"uagb_comment_info":0,"uagb_excerpt":"Um policial militar foi ferido por estilha\u00e7os durante um tiroteio no bairro de Santa Cruz, em Salvador, na tarde de domingo (16). O militar, lotado no 30\u00ba Batalh\u00e3o (BPM), sofreu ferimentos leves, e o patrulhamento foi refor\u00e7ado na regi\u00e3o Segundo a pol\u00edcia, a ocorr\u00eancia aconteceu quando uma equipe realizava rondas e se deparou com dois&hellip;","jetpack_sharing_enabled":true,"jetpack_likes_enabled":true,"_links":{"self":[{"href":"https:\/\/blogopara.com.br\/index.php\/wp-json\/wp\/v2\/posts\/81372","targetHints":{"allow":["GET"]}}],"collection":[{"href":"https:\/\/blogopara.com.br\/index.php\/wp-json\/wp\/v2\/posts"}],"about":[{"href":"https:\/\/blogopara.com.br\/index.php\/wp-json\/wp\/v2\/types\/post"}],"author":[{"embeddable":true,"href":"https:\/\/blogopara.com.br\/index.php\/wp-json\/wp\/v2\/users\/1"}],"replies":[{"embeddable":true,"href":"https:\/\/blogopara.com.br\/index.php\/wp-json\/wp\/v2\/comments?post=81372"}],"version-history":[{"count":1,"href":"https:\/\/blogopara.com.br\/index.php\/wp-json\/wp\/v2\/posts\/81372\/revisions"}],"predecessor-version":[{"id":81373,"href":"https:\/\/blogopara.com.br\/index.php\/wp-json\/wp\/v2\/posts\/81372\/revisions\/81373"}],"wp:featuredmedia":[{"embeddable":true,"href":"https:\/\/blogopara.com.br\/index.php\/wp-json\/wp\/v2\/media\/30633"}],"wp:attachment":[{"href":"https:\/\/blogopara.com.br\/index.php\/wp-json\/wp\/v2\/media?parent=81372"}],"wp:term":[{"taxonomy":"category","embeddable":true,"href":"https:\/\/blogopara.com.br\/index.php\/wp-json\/wp\/v2\/categories?post=81372"},{"taxonomy":"post_tag","embeddable":true,"href":"https:\/\/blogopara.com.br\/index.php\/wp-json\/wp\/v2\/tags?post=81372"}],"curies":[{"name":"wp","href":"https:\/\/api.w.org\/{rel}","templated":true}]}}