{"id":81407,"date":"2025-11-18T09:49:51","date_gmt":"2025-11-18T12:49:51","guid":{"rendered":"https:\/\/blogopara.com.br\/?p=81407"},"modified":"2025-11-18T09:49:51","modified_gmt":"2025-11-18T12:49:51","slug":"sem-todes-nem-elu-lula-proibe-uso-de-linguagem-neutra","status":"publish","type":"post","link":"https:\/\/blogopara.com.br\/index.php\/2025\/11\/18\/sem-todes-nem-elu-lula-proibe-uso-de-linguagem-neutra","title":{"rendered":"Sem todes nem elu: Lula pro\u00edbe uso de linguagem neutra"},"content":{"rendered":"<div class=\"flex flex-col w-full font-normal text-[18px] leading-[30px] text-tw-theme-text-default\">\n<p id=\"paragrafo-hdpymntstv\">O uso de linguagem neutra est\u00e1 oficialmente proibido em toda a administra\u00e7\u00e3o p\u00fablica brasileira. A restri\u00e7\u00e3o foi confirmada com a san\u00e7\u00e3o da Lei n\u00ba 15.263\/2025 pelo presidente Luiz In\u00e1cio Lula da Silva (PT), cujo texto foi divulgado no Di\u00e1rio Oficial da Uni\u00e3o na segunda-feira (17).<\/p>\n<\/div>\n<div class=\"flex flex-col w-full font-normal text-[18px] leading-[30px] text-tw-theme-text-default\">\n<p id=\"paragrafo-v2t6pjlikl\">A lei integra a pol\u00edtica de \u201clinguagem simples\u201d, criada para tornar mais claras e acess\u00edveis as comunica\u00e7\u00f5es do poder p\u00fablico. Pelo novo conjunto de regras, documentos, formul\u00e1rios e demais materiais oficiais devem ser escritos de forma direta e compreens\u00edvel, com frases curtas, prefer\u00eancia pela voz ativa, elimina\u00e7\u00e3o de redund\u00e2ncias e proibi\u00e7\u00e3o de termos vagos.<\/p>\n<\/div>\n<div class=\"flex flex-col w-full font-normal text-[18px] leading-[30px] text-tw-theme-text-default\">\n<p id=\"paragrafo-6sdjuvomzw\">Entre as diretrizes est\u00e1 a determina\u00e7\u00e3o de que \u00f3rg\u00e3os federais, estaduais e municipais sigam rigorosamente a norma culta do portugu\u00eas, o que impede o emprego de express\u00f5es como \u201ctodes\u201d, \u201celu\u201d ou outras constru\u00e7\u00f5es que alterem a flex\u00e3o tradicional das palavras. O artigo 5\u00ba deixa expl\u00edcita a veda\u00e7\u00e3o: \u201cn\u00e3o usar novas formas de flex\u00e3o de g\u00eanero e de n\u00famero das palavras da l\u00edngua portuguesa, em contrariedade \u00e0s regras gramaticais consolidadas, ao Vocabul\u00e1rio Ortogr\u00e1fico da L\u00edngua Portuguesa (Volp) e ao Acordo Ortogr\u00e1fico da L\u00edngua Portuguesa, promulgado pelo Decreto n\u00ba 6.583, de 29 de setembro de 2008\u201d.<\/p>\n<\/div>\n<div class=\"flex flex-col w-full font-normal text-[18px] leading-[30px] text-tw-theme-text-default\">\n<p id=\"paragrafo-4vukoxutu6\">A decis\u00e3o reacende um debate antigo. Desde os anos 1990, movimentos defendem formas neutras de comunica\u00e7\u00e3o como forma de reduzir marcas consideradas sexistas na l\u00edngua, propondo adapta\u00e7\u00f5es na escrita e na fala para incluir homens, mulheres e pessoas n\u00e3o-bin\u00e1rias. Exemplos comuns incluem substituir o \u201co\u201d de \u201cbem-vindos\u201d por \u201cx\u201d ou \u201ce\u201d, criando palavras sem predomin\u00e2ncia de g\u00eanero e aproximando-as das chamadas express\u00f5es \u201cag\u00eaneras\u201d.<\/p>\n<\/div>\n<div class=\"flex flex-col w-full font-normal text-[18px] leading-[30px] text-tw-theme-text-default\">\n<p id=\"paragrafo-b3rm01286m\">O tema tamb\u00e9m j\u00e1 chegou ao Supremo Tribunal Federal. Em fevereiro de 2025, o plen\u00e1rio declarou, por unanimidade, a inconstitucionalidade de uma lei municipal de Uberl\u00e2ndia (MG) que barrava o uso de linguagem neutra e de \u201cdialeto n\u00e3o bin\u00e1rio\u201d em material did\u00e1tico. Os ministros conclu\u00edram que munic\u00edpios n\u00e3o podem legislar sobre diretrizes educacionais &#8211; atribui\u00e7\u00e3o que cabe \u00e0 Uni\u00e3o. Dois anos antes, em 2023, a Corte j\u00e1 havia derrubado norma semelhante aprovada em Rond\u00f4nia.<\/p>\n<\/div>\n","protected":false},"excerpt":{"rendered":"<p>O uso de linguagem neutra est\u00e1 oficialmente proibido em toda a administra\u00e7\u00e3o p\u00fablica brasileira. A restri\u00e7\u00e3o foi confirmada com a san\u00e7\u00e3o da Lei n\u00ba 15.263\/2025 pelo presidente Luiz In\u00e1cio Lula da Silva (PT), cujo texto foi divulgado no Di\u00e1rio Oficial da Uni\u00e3o na segunda-feira (17). A lei integra a pol\u00edtica de \u201clinguagem simples\u201d, criada para [&hellip;]<\/p>\n","protected":false},"author":1,"featured_media":81408,"comment_status":"open","ping_status":"open","sticky":false,"template":"","format":"standard","meta":{"_uag_custom_page_level_css":"","_monsterinsights_skip_tracking":false,"_monsterinsights_sitenote_active":false,"_monsterinsights_sitenote_note":"","_monsterinsights_sitenote_category":0,"jetpack_post_was_ever_published":false,"_jetpack_newsletter_access":"","_jetpack_dont_email_post_to_subs":false,"_jetpack_newsletter_tier_id":0,"_jetpack_memberships_contains_paywalled_content":false,"_jetpack_memberships_contains_paid_content":false,"footnotes":"","jetpack_publicize_message":"","jetpack_publicize_feature_enabled":true,"jetpack_social_post_already_shared":true,"jetpack_social_options":{"image_generator_settings":{"template":"highway","default_image_id":0,"font":"","enabled":false},"version":2}},"categories":[200],"tags":[],"class_list":["post-81407","post","type-post","status-publish","format-standard","has-post-thumbnail","hentry","category-brasil"],"jetpack_publicize_connections":[],"jetpack_featured_media_url":"https:\/\/blogopara.com.br\/wp-content\/uploads\/2025\/11\/Capturar-28.jpg","uagb_featured_image_src":{"full":["https:\/\/blogopara.com.br\/wp-content\/uploads\/2025\/11\/Capturar-28.jpg",480,324,false],"thumbnail":["https:\/\/blogopara.com.br\/wp-content\/uploads\/2025\/11\/Capturar-28-150x150.jpg",150,150,true],"medium":["https:\/\/blogopara.com.br\/wp-content\/uploads\/2025\/11\/Capturar-28-300x203.jpg",300,203,true],"medium_large":["https:\/\/blogopara.com.br\/wp-content\/uploads\/2025\/11\/Capturar-28.jpg",480,324,false],"large":["https:\/\/blogopara.com.br\/wp-content\/uploads\/2025\/11\/Capturar-28.jpg",480,324,false],"1536x1536":["https:\/\/blogopara.com.br\/wp-content\/uploads\/2025\/11\/Capturar-28.jpg",480,324,false],"2048x2048":["https:\/\/blogopara.com.br\/wp-content\/uploads\/2025\/11\/Capturar-28.jpg",480,324,false],"mantranews-slider-large":["https:\/\/blogopara.com.br\/wp-content\/uploads\/2025\/11\/Capturar-28.jpg",480,324,false],"mantranews-featured-medium":["https:\/\/blogopara.com.br\/wp-content\/uploads\/2025\/11\/Capturar-28-420x307.jpg",420,307,true],"mantranews-featured-long":["https:\/\/blogopara.com.br\/wp-content\/uploads\/2025\/11\/Capturar-28-300x324.jpg",300,324,true],"mantranews-block-medium":["https:\/\/blogopara.com.br\/wp-content\/uploads\/2025\/11\/Capturar-28-464x290.jpg",464,290,true],"mantranews-carousel-image":["https:\/\/blogopara.com.br\/wp-content\/uploads\/2025\/11\/Capturar-28.jpg",480,324,false],"mantranews-block-thumb":["https:\/\/blogopara.com.br\/wp-content\/uploads\/2025\/11\/Capturar-28-322x230.jpg",322,230,true],"mantranews-single-large":["https:\/\/blogopara.com.br\/wp-content\/uploads\/2025\/11\/Capturar-28.jpg",480,324,false]},"uagb_author_info":{"display_name":"Reda\u00e7\u00e3o geral","author_link":"https:\/\/blogopara.com.br\/index.php\/author\/blogopara"},"uagb_comment_info":0,"uagb_excerpt":"O uso de linguagem neutra est\u00e1 oficialmente proibido em toda a administra\u00e7\u00e3o p\u00fablica brasileira. A restri\u00e7\u00e3o foi confirmada com a san\u00e7\u00e3o da Lei n\u00ba 15.263\/2025 pelo presidente Luiz In\u00e1cio Lula da Silva (PT), cujo texto foi divulgado no Di\u00e1rio Oficial da Uni\u00e3o na segunda-feira (17). A lei integra a pol\u00edtica de \u201clinguagem simples\u201d, criada para&hellip;","jetpack_sharing_enabled":true,"jetpack_likes_enabled":true,"_links":{"self":[{"href":"https:\/\/blogopara.com.br\/index.php\/wp-json\/wp\/v2\/posts\/81407","targetHints":{"allow":["GET"]}}],"collection":[{"href":"https:\/\/blogopara.com.br\/index.php\/wp-json\/wp\/v2\/posts"}],"about":[{"href":"https:\/\/blogopara.com.br\/index.php\/wp-json\/wp\/v2\/types\/post"}],"author":[{"embeddable":true,"href":"https:\/\/blogopara.com.br\/index.php\/wp-json\/wp\/v2\/users\/1"}],"replies":[{"embeddable":true,"href":"https:\/\/blogopara.com.br\/index.php\/wp-json\/wp\/v2\/comments?post=81407"}],"version-history":[{"count":1,"href":"https:\/\/blogopara.com.br\/index.php\/wp-json\/wp\/v2\/posts\/81407\/revisions"}],"predecessor-version":[{"id":81409,"href":"https:\/\/blogopara.com.br\/index.php\/wp-json\/wp\/v2\/posts\/81407\/revisions\/81409"}],"wp:featuredmedia":[{"embeddable":true,"href":"https:\/\/blogopara.com.br\/index.php\/wp-json\/wp\/v2\/media\/81408"}],"wp:attachment":[{"href":"https:\/\/blogopara.com.br\/index.php\/wp-json\/wp\/v2\/media?parent=81407"}],"wp:term":[{"taxonomy":"category","embeddable":true,"href":"https:\/\/blogopara.com.br\/index.php\/wp-json\/wp\/v2\/categories?post=81407"},{"taxonomy":"post_tag","embeddable":true,"href":"https:\/\/blogopara.com.br\/index.php\/wp-json\/wp\/v2\/tags?post=81407"}],"curies":[{"name":"wp","href":"https:\/\/api.w.org\/{rel}","templated":true}]}}