{"id":81410,"date":"2025-11-18T09:54:58","date_gmt":"2025-11-18T12:54:58","guid":{"rendered":"https:\/\/blogopara.com.br\/?p=81410"},"modified":"2025-11-18T09:54:58","modified_gmt":"2025-11-18T12:54:58","slug":"jovem-do-nordeste-de-amaralina-e-morto-por-traficantes-ao-sair-do-bairro-para-celebracao-religiosa","status":"publish","type":"post","link":"https:\/\/blogopara.com.br\/index.php\/2025\/11\/18\/jovem-do-nordeste-de-amaralina-e-morto-por-traficantes-ao-sair-do-bairro-para-celebracao-religiosa","title":{"rendered":"Jovem do Nordeste de Amaralina \u00e9 morto por traficantes ao sair do bairro para celebra\u00e7\u00e3o religiosa"},"content":{"rendered":"<div class=\"flex flex-col w-full font-normal text-[18px] leading-[30px] text-tw-theme-text-default\">\n<p id=\"paragrafo-3gd3hznbru\">Um jovem identificado como Williams Nogueira dos Santos Silva, 28 anos, foi encontrado morto no bairro de Aratu, na cidade de Sim\u00f5es Filho, na Regi\u00e3o Metropolitana de Salvador (RMS), na tarde de segunda-feira (17). A v\u00edtima saiu de casa, no Nordeste de Amaralina, para uma celebra\u00e7\u00e3o religiosa, mas foi sequestrada e morta por traficantes na regi\u00e3o onde o crime foi registrado.<\/p>\n<\/div>\n<div class=\"flex flex-col w-full font-normal text-[18px] leading-[30px] text-tw-theme-text-default\">\n<p id=\"paragrafo-45ebbtjlup\">De acordo com informa\u00e7\u00f5es de policiais consultados pela reportagem, Williams n\u00e3o tinha qualquer rela\u00e7\u00e3o com o crime, mas acabou morto por uma atitude cruel de grupos criminosos. \u201cAo que tudo indica, o rapaz foi capturado por criminosos do BDM que, ao perceber que ele era do Nordeste, que \u00e9 um reduto do CV, mataram ele. Antes, teriam obrigado at\u00e9 a fazer o sinal do Tudo 3\u201d, explicou uma fonte sob anonimato.<\/p>\n<\/div>\n<div class=\"flex flex-col w-full font-normal text-[18px] leading-[30px] text-tw-theme-text-default\">\n<p id=\"paragrafo-k7kym8ij4x\">Pelas redes sociais, amigos, familiares e at\u00e9 pessoas que apenas conheciam Williams lamentaram a sua morte e a crueldade de toda a\u00e7\u00e3o criminosa. &#8220;Meu primo era menino do bem, gentil, carinhoso e trabalhador. Ele n\u00e3o merecia tamanha covardia. Ele estava apenas prestando servi\u00e7o para a religi\u00e3o dele, foi morto injustamente. Ele n\u00e3o era envolvido com nada. Era morador, nascido e criado no Nordeste de Amaralina. Ele foi v\u00edtima&#8221;, escreveu uma mulher que se identificou como familiar.<\/p>\n<\/div>\n<div class=\"flex flex-col w-full font-normal text-[18px] leading-[30px] text-tw-theme-text-default\">\n<p id=\"paragrafo-0lmpcjy8ei\">Procurada sobre o caso, a Pol\u00edcia Militar da Bahia (PM-BA) explicou que agentes da 22\u00aa CIPM foram acionados, na tarde de segunda-feira (17), para averiguar a informa\u00e7\u00e3o do corpo de Williams. Ao chegarem, os militares encontraram a v\u00edtima e acionaram o Departamento de Pol\u00edcia T\u00e9cnica (DPT) para remo\u00e7\u00e3o e per\u00edcia.<\/p>\n<\/div>\n<div class=\"flex flex-col w-full font-normal text-[18px] leading-[30px] text-tw-theme-text-default\">\n<p id=\"paragrafo-0h8sfuiyjy\">A Pol\u00edcia Civil da Bahia (PC), por sua vez, informou que a 3\u00aa Delegacia de Homic\u00eddios (DH\/BTS) j\u00e1 tem os ind\u00edcios dos autores do crime. No entanto, as investiga\u00e7\u00f5es seguem em sigilo e mais detalhes n\u00e3o poder\u00e3o ser divulgados no momento. Apesar de brutal, o caso de Williams n\u00e3o \u00e9 o primeiro.<\/p>\n<\/div>\n<div class=\"flex flex-col w-full font-normal text-[18px] leading-[30px] text-tw-theme-text-default\">\n<p id=\"paragrafo-jvi5gzgp9s\"><b>Morte por CEP<\/b><\/p>\n<\/div>\n<div class=\"flex flex-col w-full font-normal text-[18px] leading-[30px] text-tw-theme-text-default\">\n<p id=\"paragrafo-oqtstog7h0\">Com o enfrentamento armado entre as fac\u00e7\u00f5es, o CEP pode ser mais um motivo para uma senten\u00e7a de morte no mundo do crime. Especialista em seguran\u00e7a p\u00fablica, Ant\u00f4nio Jorge Melo analisou os casos como mais uma a\u00e7\u00e3o cruel de intimida\u00e7\u00e3o do tr\u00e1fico na capital e na RMS.<\/p>\n<\/div>\n<div class=\"flex flex-col w-full font-normal text-[18px] leading-[30px] text-tw-theme-text-default\">\n<p id=\"paragrafo-mlbypicgxp\">\u201cA ousadia e a crueldade com que as fac\u00e7\u00f5es criminosas executam suas puni\u00e7\u00f5es repetem muitas das pr\u00e1ticas verificadas no Rio de Janeiro. Geralmente, s\u00e3o crimes que servem para mostrar autoridade de uma lideran\u00e7a do tr\u00e1fico e impor o medo a quem infringe regras, com a perversidade, ousadia e crueldade de quem mata sendo recompensadas, n\u00e3o raro, em forma de status\u201d, indicou o coronel reformado da PM.<\/p>\n<\/div>\n<div class=\"flex flex-col w-full font-normal text-[18px] leading-[30px] text-tw-theme-text-default\">\n<p id=\"paragrafo-31biry9kif\">Alguns dos casos chocaram Salvador.\u00a0Um deles foi morte de Richard de Jesus Santana, de 21 anos,\u00a0que foi esquartejado por integrantes da fac\u00e7\u00e3o Bonde do Maluco (BDM) na Federa\u00e7\u00e3o por ter morado no Garcia, com atua\u00e7\u00e3o da rival Comando Vermelho (CV).<\/p>\n<\/div>\n<div class=\"flex flex-col w-full font-normal text-[18px] leading-[30px] text-tw-theme-text-default\">\n<p id=\"paragrafo-gywnb9gn1m\">Richard morava em Cajazeiras, mas estava passando um tempo na casa da irm\u00e3, na Federa\u00e7\u00e3o, at\u00e9 ser sequestrado por criminosos na Rua Souza Uzel. Ainda assim, por um dos traficantes reconhec\u00ea-lo dos tempos do Garcia, acabou morto. Como ele, outros j\u00e1 foram v\u00edtimas.<\/p>\n<\/div>\n<div class=\"flex flex-col w-full font-normal text-[18px] leading-[30px] text-tw-theme-text-default\">\n<p id=\"paragrafo-iyoxjqzqce\">Antes disso,\u00a0um morador da \u00e1rea do BDM acabou morto ap\u00f3s ser localizado pelo CV na Santa Cruz.\u00a0No caso, o homem, identificado como Pedro Lacerda, estava em uma festa pared\u00e3o, quando traficantes o arrastaram at\u00e9 a Rua Onze de Novembro e o executaram com mais de 50 tiros na cabe\u00e7a.<\/p>\n<p>Fonte de informa\u00e7\u00f5es: Correio da Bahia<\/p>\n<\/div>\n","protected":false},"excerpt":{"rendered":"<p>Um jovem identificado como Williams Nogueira dos Santos Silva, 28 anos, foi encontrado morto no bairro de Aratu, na cidade de Sim\u00f5es Filho, na Regi\u00e3o Metropolitana de Salvador (RMS), na tarde de segunda-feira (17). A v\u00edtima saiu de casa, no Nordeste de Amaralina, para uma celebra\u00e7\u00e3o religiosa, mas foi sequestrada e morta por traficantes na [&hellip;]<\/p>\n","protected":false},"author":1,"featured_media":81411,"comment_status":"open","ping_status":"open","sticky":false,"template":"","format":"standard","meta":{"_uag_custom_page_level_css":"","_monsterinsights_skip_tracking":false,"_monsterinsights_sitenote_active":false,"_monsterinsights_sitenote_note":"","_monsterinsights_sitenote_category":0,"jetpack_post_was_ever_published":false,"_jetpack_newsletter_access":"","_jetpack_dont_email_post_to_subs":false,"_jetpack_newsletter_tier_id":0,"_jetpack_memberships_contains_paywalled_content":false,"_jetpack_memberships_contains_paid_content":false,"footnotes":"","jetpack_publicize_message":"","jetpack_publicize_feature_enabled":true,"jetpack_social_post_already_shared":true,"jetpack_social_options":{"image_generator_settings":{"template":"highway","default_image_id":0,"font":"","enabled":false},"version":2}},"categories":[202],"tags":[],"class_list":["post-81410","post","type-post","status-publish","format-standard","has-post-thumbnail","hentry","category-policia"],"jetpack_publicize_connections":[],"jetpack_featured_media_url":"https:\/\/blogopara.com.br\/wp-content\/uploads\/2025\/11\/Capturar-29.jpg","uagb_featured_image_src":{"full":["https:\/\/blogopara.com.br\/wp-content\/uploads\/2025\/11\/Capturar-29.jpg",500,281,false],"thumbnail":["https:\/\/blogopara.com.br\/wp-content\/uploads\/2025\/11\/Capturar-29-150x150.jpg",150,150,true],"medium":["https:\/\/blogopara.com.br\/wp-content\/uploads\/2025\/11\/Capturar-29-300x169.jpg",300,169,true],"medium_large":["https:\/\/blogopara.com.br\/wp-content\/uploads\/2025\/11\/Capturar-29.jpg",500,281,false],"large":["https:\/\/blogopara.com.br\/wp-content\/uploads\/2025\/11\/Capturar-29.jpg",500,281,false],"1536x1536":["https:\/\/blogopara.com.br\/wp-content\/uploads\/2025\/11\/Capturar-29.jpg",500,281,false],"2048x2048":["https:\/\/blogopara.com.br\/wp-content\/uploads\/2025\/11\/Capturar-29.jpg",500,281,false],"mantranews-slider-large":["https:\/\/blogopara.com.br\/wp-content\/uploads\/2025\/11\/Capturar-29.jpg",500,281,false],"mantranews-featured-medium":["https:\/\/blogopara.com.br\/wp-content\/uploads\/2025\/11\/Capturar-29-420x281.jpg",420,281,true],"mantranews-featured-long":["https:\/\/blogopara.com.br\/wp-content\/uploads\/2025\/11\/Capturar-29-300x281.jpg",300,281,true],"mantranews-block-medium":["https:\/\/blogopara.com.br\/wp-content\/uploads\/2025\/11\/Capturar-29-464x281.jpg",464,281,true],"mantranews-carousel-image":["https:\/\/blogopara.com.br\/wp-content\/uploads\/2025\/11\/Capturar-29.jpg",500,281,false],"mantranews-block-thumb":["https:\/\/blogopara.com.br\/wp-content\/uploads\/2025\/11\/Capturar-29-322x230.jpg",322,230,true],"mantranews-single-large":["https:\/\/blogopara.com.br\/wp-content\/uploads\/2025\/11\/Capturar-29.jpg",500,281,false]},"uagb_author_info":{"display_name":"Reda\u00e7\u00e3o geral","author_link":"https:\/\/blogopara.com.br\/index.php\/author\/blogopara"},"uagb_comment_info":0,"uagb_excerpt":"Um jovem identificado como Williams Nogueira dos Santos Silva, 28 anos, foi encontrado morto no bairro de Aratu, na cidade de Sim\u00f5es Filho, na Regi\u00e3o Metropolitana de Salvador (RMS), na tarde de segunda-feira (17). A v\u00edtima saiu de casa, no Nordeste de Amaralina, para uma celebra\u00e7\u00e3o religiosa, mas foi sequestrada e morta por traficantes na&hellip;","jetpack_sharing_enabled":true,"jetpack_likes_enabled":true,"_links":{"self":[{"href":"https:\/\/blogopara.com.br\/index.php\/wp-json\/wp\/v2\/posts\/81410","targetHints":{"allow":["GET"]}}],"collection":[{"href":"https:\/\/blogopara.com.br\/index.php\/wp-json\/wp\/v2\/posts"}],"about":[{"href":"https:\/\/blogopara.com.br\/index.php\/wp-json\/wp\/v2\/types\/post"}],"author":[{"embeddable":true,"href":"https:\/\/blogopara.com.br\/index.php\/wp-json\/wp\/v2\/users\/1"}],"replies":[{"embeddable":true,"href":"https:\/\/blogopara.com.br\/index.php\/wp-json\/wp\/v2\/comments?post=81410"}],"version-history":[{"count":1,"href":"https:\/\/blogopara.com.br\/index.php\/wp-json\/wp\/v2\/posts\/81410\/revisions"}],"predecessor-version":[{"id":81412,"href":"https:\/\/blogopara.com.br\/index.php\/wp-json\/wp\/v2\/posts\/81410\/revisions\/81412"}],"wp:featuredmedia":[{"embeddable":true,"href":"https:\/\/blogopara.com.br\/index.php\/wp-json\/wp\/v2\/media\/81411"}],"wp:attachment":[{"href":"https:\/\/blogopara.com.br\/index.php\/wp-json\/wp\/v2\/media?parent=81410"}],"wp:term":[{"taxonomy":"category","embeddable":true,"href":"https:\/\/blogopara.com.br\/index.php\/wp-json\/wp\/v2\/categories?post=81410"},{"taxonomy":"post_tag","embeddable":true,"href":"https:\/\/blogopara.com.br\/index.php\/wp-json\/wp\/v2\/tags?post=81410"}],"curies":[{"name":"wp","href":"https:\/\/api.w.org\/{rel}","templated":true}]}}