{"id":81419,"date":"2025-11-18T10:18:41","date_gmt":"2025-11-18T13:18:41","guid":{"rendered":"https:\/\/blogopara.com.br\/?p=81419"},"modified":"2025-11-18T10:18:41","modified_gmt":"2025-11-18T13:18:41","slug":"estudantes-da-rede-municipal-de-juazeiro-realizam-segunda-etapa-das-provas-do-sabe","status":"publish","type":"post","link":"https:\/\/blogopara.com.br\/index.php\/2025\/11\/18\/estudantes-da-rede-municipal-de-juazeiro-realizam-segunda-etapa-das-provas-do-sabe","title":{"rendered":"Estudantes da rede municipal de Juazeiro realizam segunda etapa das provas do SABE"},"content":{"rendered":"<p>A rede municipal de ensino de Juazeiro concluiu, entre os dias 11 e 13 de novembro, a segunda etapa das avalia\u00e7\u00f5es do Sistema de Avalia\u00e7\u00e3o Baiano de Educa\u00e7\u00e3o (SABE). Nesta etapa, as provas tiveram como p\u00fablico-alvo os estudantes do 2\u00ba ano do Ensino Fundamental de 63 escolas municipais. A avalia\u00e7\u00e3o vai ajudar a melhorar o ensino da Bahia, contribuindo para que todos tenham as mesmas oportunidades de aprender, continuar os estudos e alcan\u00e7ar os objetivos.<\/p>\n<p>Durante tr\u00eas dias, o munic\u00edpio p\u00f4s em pr\u00e1tica um cronograma de aplica\u00e7\u00e3o das provas de L\u00edngua Portuguesa e Matem\u00e1tica, al\u00e9m de mobilizar pais e respons\u00e1veis para garantir a presen\u00e7a de todos os estudantes dos dias de prova. A a\u00e7\u00e3o envolveu as equipes gestoras, professores, coordenadores pedag\u00f3gicos, fam\u00edlias e a Secretaria de Educa\u00e7\u00e3o\/Seduc, a fim de refor\u00e7ar o compromisso do munic\u00edpio com o monitoramento da aprendizagem e o fortalecimento da alfabetiza\u00e7\u00e3o na idade certa.<\/p>\n<p>\u201cAs avalia\u00e7\u00f5es do SABE funcionam como um importante instrumento diagn\u00f3stico, permitindo que a Seduc acompanhe o desenvolvimento dos estudantes e planeje interven\u00e7\u00f5es mais assertivas para elevar a qualidade do ensino\u201d, pontuou a superintendente Pedag\u00f3gica da Seduc, Nilmara M\u00e9rcia.<\/p>\n<p><strong>N\u00facleo de Avalia\u00e7\u00e3o e Monitoramento<\/strong><\/p>\n<p>Todo o ciclo de avalia\u00e7\u00f5es externas, tanto do SABE quanto do Sistema de Avalia\u00e7\u00e3o da Educa\u00e7\u00e3o B\u00e1sica\/SAEB, foi acompanhado de perto pela Seduc, por meio do N\u00facleo de Avalia\u00e7\u00e3o e Monitoramento\/NAM. O setor \u00e9 respons\u00e1vel por analisar dados, interpretar indicadores e transformar resultados em a\u00e7\u00f5es pedag\u00f3gicas.<\/p>\n<p>Entre as atividades do NAM est\u00e1 o monitoramento dos indicadores de aprendizagem e alfabetiza\u00e7\u00e3o, an\u00e1lise de resultados das avalia\u00e7\u00f5es externas e internas, al\u00e9m do suporte \u00e0s equipes gestora e pedag\u00f3gica das escolas. \u201cMais do que avaliar, queremos compreender, acompanhar e apoiar cada escola em seu processo de evolu\u00e7\u00e3o. Assim, o NAM foi criado como uma ferramenta de transforma\u00e7\u00e3o pedag\u00f3gica e de fortalecimento da aprendizagem\u201d, ressaltou Nilmara.<\/p>\n<p>Eneida Trindade \u2013 ASCOM\/PMJ<\/p>\n","protected":false},"excerpt":{"rendered":"<p>A rede municipal de ensino de Juazeiro concluiu, entre os dias 11 e 13 de novembro, a segunda etapa das avalia\u00e7\u00f5es do Sistema de Avalia\u00e7\u00e3o Baiano de Educa\u00e7\u00e3o (SABE). Nesta etapa, as provas tiveram como p\u00fablico-alvo os estudantes do 2\u00ba ano do Ensino Fundamental de 63 escolas municipais. A avalia\u00e7\u00e3o vai ajudar a melhorar o [&hellip;]<\/p>\n","protected":false},"author":1,"featured_media":81420,"comment_status":"open","ping_status":"open","sticky":false,"template":"","format":"standard","meta":{"_uag_custom_page_level_css":"","_monsterinsights_skip_tracking":false,"_monsterinsights_sitenote_active":false,"_monsterinsights_sitenote_note":"","_monsterinsights_sitenote_category":0,"jetpack_post_was_ever_published":false,"_jetpack_newsletter_access":"","_jetpack_dont_email_post_to_subs":false,"_jetpack_newsletter_tier_id":0,"_jetpack_memberships_contains_paywalled_content":false,"_jetpack_memberships_contains_paid_content":false,"footnotes":"","jetpack_publicize_message":"","jetpack_publicize_feature_enabled":true,"jetpack_social_post_already_shared":true,"jetpack_social_options":{"image_generator_settings":{"template":"highway","default_image_id":0,"font":"","enabled":false},"version":2}},"categories":[209],"tags":[902],"class_list":["post-81419","post","type-post","status-publish","format-standard","has-post-thumbnail","hentry","category-educacao","tag-seduc"],"jetpack_publicize_connections":[],"jetpack_featured_media_url":"https:\/\/blogopara.com.br\/wp-content\/uploads\/2025\/11\/SABE-1536x865-1.jpeg","uagb_featured_image_src":{"full":["https:\/\/blogopara.com.br\/wp-content\/uploads\/2025\/11\/SABE-1536x865-1.jpeg",500,281,false],"thumbnail":["https:\/\/blogopara.com.br\/wp-content\/uploads\/2025\/11\/SABE-1536x865-1-150x150.jpeg",150,150,true],"medium":["https:\/\/blogopara.com.br\/wp-content\/uploads\/2025\/11\/SABE-1536x865-1-300x169.jpeg",300,169,true],"medium_large":["https:\/\/blogopara.com.br\/wp-content\/uploads\/2025\/11\/SABE-1536x865-1.jpeg",500,281,false],"large":["https:\/\/blogopara.com.br\/wp-content\/uploads\/2025\/11\/SABE-1536x865-1.jpeg",500,281,false],"1536x1536":["https:\/\/blogopara.com.br\/wp-content\/uploads\/2025\/11\/SABE-1536x865-1.jpeg",500,281,false],"2048x2048":["https:\/\/blogopara.com.br\/wp-content\/uploads\/2025\/11\/SABE-1536x865-1.jpeg",500,281,false],"mantranews-slider-large":["https:\/\/blogopara.com.br\/wp-content\/uploads\/2025\/11\/SABE-1536x865-1.jpeg",500,281,false],"mantranews-featured-medium":["https:\/\/blogopara.com.br\/wp-content\/uploads\/2025\/11\/SABE-1536x865-1-420x281.jpeg",420,281,true],"mantranews-featured-long":["https:\/\/blogopara.com.br\/wp-content\/uploads\/2025\/11\/SABE-1536x865-1-300x281.jpeg",300,281,true],"mantranews-block-medium":["https:\/\/blogopara.com.br\/wp-content\/uploads\/2025\/11\/SABE-1536x865-1-464x281.jpeg",464,281,true],"mantranews-carousel-image":["https:\/\/blogopara.com.br\/wp-content\/uploads\/2025\/11\/SABE-1536x865-1.jpeg",500,281,false],"mantranews-block-thumb":["https:\/\/blogopara.com.br\/wp-content\/uploads\/2025\/11\/SABE-1536x865-1-322x230.jpeg",322,230,true],"mantranews-single-large":["https:\/\/blogopara.com.br\/wp-content\/uploads\/2025\/11\/SABE-1536x865-1.jpeg",500,281,false]},"uagb_author_info":{"display_name":"Reda\u00e7\u00e3o geral","author_link":"https:\/\/blogopara.com.br\/index.php\/author\/blogopara"},"uagb_comment_info":0,"uagb_excerpt":"A rede municipal de ensino de Juazeiro concluiu, entre os dias 11 e 13 de novembro, a segunda etapa das avalia\u00e7\u00f5es do Sistema de Avalia\u00e7\u00e3o Baiano de Educa\u00e7\u00e3o (SABE). Nesta etapa, as provas tiveram como p\u00fablico-alvo os estudantes do 2\u00ba ano do Ensino Fundamental de 63 escolas municipais. A avalia\u00e7\u00e3o vai ajudar a melhorar o&hellip;","jetpack_sharing_enabled":true,"jetpack_likes_enabled":true,"_links":{"self":[{"href":"https:\/\/blogopara.com.br\/index.php\/wp-json\/wp\/v2\/posts\/81419","targetHints":{"allow":["GET"]}}],"collection":[{"href":"https:\/\/blogopara.com.br\/index.php\/wp-json\/wp\/v2\/posts"}],"about":[{"href":"https:\/\/blogopara.com.br\/index.php\/wp-json\/wp\/v2\/types\/post"}],"author":[{"embeddable":true,"href":"https:\/\/blogopara.com.br\/index.php\/wp-json\/wp\/v2\/users\/1"}],"replies":[{"embeddable":true,"href":"https:\/\/blogopara.com.br\/index.php\/wp-json\/wp\/v2\/comments?post=81419"}],"version-history":[{"count":1,"href":"https:\/\/blogopara.com.br\/index.php\/wp-json\/wp\/v2\/posts\/81419\/revisions"}],"predecessor-version":[{"id":81421,"href":"https:\/\/blogopara.com.br\/index.php\/wp-json\/wp\/v2\/posts\/81419\/revisions\/81421"}],"wp:featuredmedia":[{"embeddable":true,"href":"https:\/\/blogopara.com.br\/index.php\/wp-json\/wp\/v2\/media\/81420"}],"wp:attachment":[{"href":"https:\/\/blogopara.com.br\/index.php\/wp-json\/wp\/v2\/media?parent=81419"}],"wp:term":[{"taxonomy":"category","embeddable":true,"href":"https:\/\/blogopara.com.br\/index.php\/wp-json\/wp\/v2\/categories?post=81419"},{"taxonomy":"post_tag","embeddable":true,"href":"https:\/\/blogopara.com.br\/index.php\/wp-json\/wp\/v2\/tags?post=81419"}],"curies":[{"name":"wp","href":"https:\/\/api.w.org\/{rel}","templated":true}]}}