{"id":81426,"date":"2025-11-18T17:15:37","date_gmt":"2025-11-18T20:15:37","guid":{"rendered":"https:\/\/blogopara.com.br\/?p=81426"},"modified":"2025-11-18T17:15:37","modified_gmt":"2025-11-18T20:15:37","slug":"inep-anula-tres-questoes-do-enem-apos-rumores-de-vazamento-pf-investiga-o-caso","status":"publish","type":"post","link":"https:\/\/blogopara.com.br\/index.php\/2025\/11\/18\/inep-anula-tres-questoes-do-enem-apos-rumores-de-vazamento-pf-investiga-o-caso","title":{"rendered":"Inep anula tr\u00eas quest\u00f5es do Enem ap\u00f3s rumores de vazamento; PF investiga o caso"},"content":{"rendered":"<div class=\"flex flex-col w-full font-normal text-[18px] leading-[30px] text-tw-theme-text-default\">\n<p id=\"paragrafo-re688je6du\">O Instituto Nacional de Estudos e Pesquisas Educacionais An\u00edsio Teixeira (Inep) anunciou que\u00a0tr\u00eas quest\u00f5es do Enem 2025 foram anuladas. A decis\u00e3o foi tomada pela comiss\u00e3o assessora respons\u00e1vel pela montagem das provas ap\u00f3s an\u00e1lise de relatos de antecipa\u00e7\u00e3o de itens semelhantes aplicados nas provas.<\/p>\n<\/div>\n<div class=\"flex flex-col w-full font-normal text-[18px] leading-[30px] text-tw-theme-text-default\">\n<p id=\"paragrafo-r3ge9kd8vs\">De acordo com o Inep, foram observadas \u201csimilaridades pontuais\u201d entre quest\u00f5es da prova e itens divulgados nas redes sociais. Uma live veiculada no dia 11 de novembro, 5 dias antes da aplica\u00e7\u00e3o das provas de matem\u00e1tica e ci\u00eancias da natureza, mostraram pelo menos cinco quest\u00f5es similares \u00e0s da avalia\u00e7\u00e3o oficial.\u00a0O Instituto n\u00e3o informou quais quest\u00f5es foram anuladas.<\/p>\n<\/div>\n<div class=\"flex flex-col w-full font-normal text-[18px] leading-[30px] text-tw-theme-text-default\">\n<p id=\"paragrafo-3gf8pwxfay\">Segundo o \u00f3rg\u00e3o, a Pol\u00edcia Federal foi acionada para \u201capurar a conduta e autoria na divulga\u00e7\u00e3o das quest\u00f5es e garantir a responsabiliza\u00e7\u00e3o dos envolvidos por eventual quebra de confidencialidade ou ato de m\u00e1-f\u00e9 pela divulga\u00e7\u00e3o de quest\u00f5es sigilosas de forma indevida.\u201d<\/p>\n<\/div>\n<div class=\"flex flex-col w-full font-normal text-[18px] leading-[30px] text-tw-theme-text-default\">\n<p id=\"paragrafo-t6qrh7gycf\">O Inep afirma que \u201cpromove diversas estrat\u00e9gias\u201d para calibrar as quest\u00f5es que comp\u00f5em o Banco Nacional de Itens, usado para elaborar as provas do vestibular. Os processos, segundo o \u00f3rg\u00e3o, envolvem rigorosos protocolos de seguran\u00e7a, que foram cumpridos em todas as etapas do exame.<\/p>\n<\/div>\n","protected":false},"excerpt":{"rendered":"<p>O Instituto Nacional de Estudos e Pesquisas Educacionais An\u00edsio Teixeira (Inep) anunciou que\u00a0tr\u00eas quest\u00f5es do Enem 2025 foram anuladas. A decis\u00e3o foi tomada pela comiss\u00e3o assessora respons\u00e1vel pela montagem das provas ap\u00f3s an\u00e1lise de relatos de antecipa\u00e7\u00e3o de itens semelhantes aplicados nas provas. De acordo com o Inep, foram observadas \u201csimilaridades pontuais\u201d entre quest\u00f5es da [&hellip;]<\/p>\n","protected":false},"author":1,"featured_media":81427,"comment_status":"open","ping_status":"open","sticky":false,"template":"","format":"standard","meta":{"_uag_custom_page_level_css":"","_monsterinsights_skip_tracking":false,"_monsterinsights_sitenote_active":false,"_monsterinsights_sitenote_note":"","_monsterinsights_sitenote_category":0,"jetpack_post_was_ever_published":false,"_jetpack_newsletter_access":"","_jetpack_dont_email_post_to_subs":false,"_jetpack_newsletter_tier_id":0,"_jetpack_memberships_contains_paywalled_content":false,"_jetpack_memberships_contains_paid_content":false,"footnotes":"","jetpack_publicize_message":"","jetpack_publicize_feature_enabled":true,"jetpack_social_post_already_shared":true,"jetpack_social_options":{"image_generator_settings":{"template":"highway","default_image_id":0,"font":"","enabled":false},"version":2}},"categories":[209],"tags":[],"class_list":["post-81426","post","type-post","status-publish","format-standard","has-post-thumbnail","hentry","category-educacao"],"jetpack_publicize_connections":[],"jetpack_featured_media_url":"https:\/\/blogopara.com.br\/wp-content\/uploads\/2025\/11\/Capturar-30.jpg","uagb_featured_image_src":{"full":["https:\/\/blogopara.com.br\/wp-content\/uploads\/2025\/11\/Capturar-30.jpg",500,331,false],"thumbnail":["https:\/\/blogopara.com.br\/wp-content\/uploads\/2025\/11\/Capturar-30-150x150.jpg",150,150,true],"medium":["https:\/\/blogopara.com.br\/wp-content\/uploads\/2025\/11\/Capturar-30-300x199.jpg",300,199,true],"medium_large":["https:\/\/blogopara.com.br\/wp-content\/uploads\/2025\/11\/Capturar-30.jpg",500,331,false],"large":["https:\/\/blogopara.com.br\/wp-content\/uploads\/2025\/11\/Capturar-30.jpg",500,331,false],"1536x1536":["https:\/\/blogopara.com.br\/wp-content\/uploads\/2025\/11\/Capturar-30.jpg",500,331,false],"2048x2048":["https:\/\/blogopara.com.br\/wp-content\/uploads\/2025\/11\/Capturar-30.jpg",500,331,false],"mantranews-slider-large":["https:\/\/blogopara.com.br\/wp-content\/uploads\/2025\/11\/Capturar-30.jpg",500,331,false],"mantranews-featured-medium":["https:\/\/blogopara.com.br\/wp-content\/uploads\/2025\/11\/Capturar-30-420x307.jpg",420,307,true],"mantranews-featured-long":["https:\/\/blogopara.com.br\/wp-content\/uploads\/2025\/11\/Capturar-30-300x331.jpg",300,331,true],"mantranews-block-medium":["https:\/\/blogopara.com.br\/wp-content\/uploads\/2025\/11\/Capturar-30-464x290.jpg",464,290,true],"mantranews-carousel-image":["https:\/\/blogopara.com.br\/wp-content\/uploads\/2025\/11\/Capturar-30.jpg",500,331,false],"mantranews-block-thumb":["https:\/\/blogopara.com.br\/wp-content\/uploads\/2025\/11\/Capturar-30-322x230.jpg",322,230,true],"mantranews-single-large":["https:\/\/blogopara.com.br\/wp-content\/uploads\/2025\/11\/Capturar-30.jpg",500,331,false]},"uagb_author_info":{"display_name":"Reda\u00e7\u00e3o geral","author_link":"https:\/\/blogopara.com.br\/index.php\/author\/blogopara"},"uagb_comment_info":0,"uagb_excerpt":"O Instituto Nacional de Estudos e Pesquisas Educacionais An\u00edsio Teixeira (Inep) anunciou que\u00a0tr\u00eas quest\u00f5es do Enem 2025 foram anuladas. A decis\u00e3o foi tomada pela comiss\u00e3o assessora respons\u00e1vel pela montagem das provas ap\u00f3s an\u00e1lise de relatos de antecipa\u00e7\u00e3o de itens semelhantes aplicados nas provas. De acordo com o Inep, foram observadas \u201csimilaridades pontuais\u201d entre quest\u00f5es da&hellip;","jetpack_sharing_enabled":true,"jetpack_likes_enabled":true,"_links":{"self":[{"href":"https:\/\/blogopara.com.br\/index.php\/wp-json\/wp\/v2\/posts\/81426","targetHints":{"allow":["GET"]}}],"collection":[{"href":"https:\/\/blogopara.com.br\/index.php\/wp-json\/wp\/v2\/posts"}],"about":[{"href":"https:\/\/blogopara.com.br\/index.php\/wp-json\/wp\/v2\/types\/post"}],"author":[{"embeddable":true,"href":"https:\/\/blogopara.com.br\/index.php\/wp-json\/wp\/v2\/users\/1"}],"replies":[{"embeddable":true,"href":"https:\/\/blogopara.com.br\/index.php\/wp-json\/wp\/v2\/comments?post=81426"}],"version-history":[{"count":1,"href":"https:\/\/blogopara.com.br\/index.php\/wp-json\/wp\/v2\/posts\/81426\/revisions"}],"predecessor-version":[{"id":81428,"href":"https:\/\/blogopara.com.br\/index.php\/wp-json\/wp\/v2\/posts\/81426\/revisions\/81428"}],"wp:featuredmedia":[{"embeddable":true,"href":"https:\/\/blogopara.com.br\/index.php\/wp-json\/wp\/v2\/media\/81427"}],"wp:attachment":[{"href":"https:\/\/blogopara.com.br\/index.php\/wp-json\/wp\/v2\/media?parent=81426"}],"wp:term":[{"taxonomy":"category","embeddable":true,"href":"https:\/\/blogopara.com.br\/index.php\/wp-json\/wp\/v2\/categories?post=81426"},{"taxonomy":"post_tag","embeddable":true,"href":"https:\/\/blogopara.com.br\/index.php\/wp-json\/wp\/v2\/tags?post=81426"}],"curies":[{"name":"wp","href":"https:\/\/api.w.org\/{rel}","templated":true}]}}