{"id":81429,"date":"2025-11-18T20:34:55","date_gmt":"2025-11-18T23:34:55","guid":{"rendered":"https:\/\/blogopara.com.br\/?p=81429"},"modified":"2025-11-18T20:34:55","modified_gmt":"2025-11-18T23:34:55","slug":"pf-baiano-acusado-de-participar-de-plano-para-matar-lula-sera-julgado-presencialmente","status":"publish","type":"post","link":"https:\/\/blogopara.com.br\/index.php\/2025\/11\/18\/pf-baiano-acusado-de-participar-de-plano-para-matar-lula-sera-julgado-presencialmente","title":{"rendered":"PF baiano acusado de participar de plano para matar Lula ser\u00e1 julgado presencialmente"},"content":{"rendered":"<div class=\"flex flex-col w-full font-normal text-[18px] leading-[30px] text-tw-theme-text-default\">\n<p id=\"paragrafo-j7ih1imed9\">Com a retomada, nesta ter\u00e7a-feira (18), do julgamento do N\u00facleo 3 da tentativa de golpe orquestrada pelo ex-presidente Jair Bolsonaro, o policial federal baiano Wladimir Matos Soares tamb\u00e9m ser\u00e1 julgado. De acordo com informa\u00e7\u00f5es da Carta Capital, Wladimir recebeu permiss\u00e3o para participar presencialmente do julgamento no Supremo Tribunal Federal (STF).<\/p>\n<\/div>\n<div class=\"flex flex-col w-full font-normal text-[18px] leading-[30px] text-tw-theme-text-default\">\n<p id=\"paragrafo-nf27r7yq11\">O grupo formado por nove militares de alta patente e pelo agente federal ser\u00e1 julgado em tr\u00eas sess\u00f5es, reservadas para a apresenta\u00e7\u00e3o dos votos: na manh\u00e3 e na tarde desta ter\u00e7a-feira e na manh\u00e3 de quarta-feira (19). Eles respondem pelos crimes de tentativa de aboli\u00e7\u00e3o violenta do Estado Democr\u00e1tico de Direito, golpe de Estado, participa\u00e7\u00e3o em organiza\u00e7\u00e3o criminosa armada, dano qualificado e deteriora\u00e7\u00e3o de patrim\u00f4nio tombado, de acordo com o STF.<\/p>\n<\/div>\n<div class=\"flex flex-col w-full font-normal text-[18px] leading-[30px] text-tw-theme-text-default\">\n<p id=\"paragrafo-0uob8r6djj\">O primeiro a votar ser\u00e1 o relator, ministro Alexandre de Moraes, seguido por Cristiano Zanin, C\u00e1rmen L\u00facia e, por fim, pelo presidente do colegiado, Fl\u00e1vio Dino. Em caso de condena\u00e7\u00e3o, o colegiado passa \u00e0 fase de dosimetria, em que \u00e9 feito o c\u00e1lculo da pena imposta individualmente a cada condenado. Na semana passada, a Primeira Turma concluiu a etapa das sustenta\u00e7\u00f5es orais da Procuradoria-Geral da Rep\u00fablica, respons\u00e1vel pela acusa\u00e7\u00e3o, e das defesas dos r\u00e9us.<\/p>\n<\/div>\n<div class=\"flex flex-col w-full font-normal text-[18px] leading-[30px] text-tw-theme-text-default\">\n<p id=\"paragrafo-796ib3qq6v\"><b>Veja a lista de r\u00e9us:<\/b><\/p>\n<ul>\n<li>Bernardo Rom\u00e3o Corr\u00eaa Netto, coronel do Ex\u00e9rcito;<\/li>\n<li>Estevam Cals Theophilo Gaspar de Oliveira, general da reserva;<\/li>\n<li>Fabr\u00edcio Moreira de Bastos, coronel do Ex\u00e9rcito;<\/li>\n<li>H\u00e9lio Ferreira Lima, tenente-coronel do Ex\u00e9rcito;<\/li>\n<li>M\u00e1rcio Nunes de Resende Jr., coronel do Ex\u00e9rcito;<\/li>\n<li>Rafael Martins de Oliveira, tenente-coronel do Ex\u00e9rcito;<\/li>\n<li>Rodrigo Bezerra de Azevedo, tenente-coronel do Ex\u00e9rcito;<\/li>\n<li>Ronald Ferreira de Ara\u00fajo Jr., tenente-coronel do Ex\u00e9rcito;<\/li>\n<li>S\u00e9rgio Ricardo Cavaliere de Medeiros, tenente-coronel do Ex\u00e9rcito; e<\/li>\n<li>Wladimir Matos Soares, agente da Pol\u00edcia Federal.<\/li>\n<\/ul>\n<\/div>\n","protected":false},"excerpt":{"rendered":"<p>Com a retomada, nesta ter\u00e7a-feira (18), do julgamento do N\u00facleo 3 da tentativa de golpe orquestrada pelo ex-presidente Jair Bolsonaro, o policial federal baiano Wladimir Matos Soares tamb\u00e9m ser\u00e1 julgado. De acordo com informa\u00e7\u00f5es da Carta Capital, Wladimir recebeu permiss\u00e3o para participar presencialmente do julgamento no Supremo Tribunal Federal (STF). O grupo formado por nove [&hellip;]<\/p>\n","protected":false},"author":1,"featured_media":81430,"comment_status":"open","ping_status":"open","sticky":false,"template":"","format":"standard","meta":{"_uag_custom_page_level_css":"","_monsterinsights_skip_tracking":false,"_monsterinsights_sitenote_active":false,"_monsterinsights_sitenote_note":"","_monsterinsights_sitenote_category":0,"jetpack_post_was_ever_published":false,"_jetpack_newsletter_access":"","_jetpack_dont_email_post_to_subs":false,"_jetpack_newsletter_tier_id":0,"_jetpack_memberships_contains_paywalled_content":false,"_jetpack_memberships_contains_paid_content":false,"footnotes":"","jetpack_publicize_message":"","jetpack_publicize_feature_enabled":true,"jetpack_social_post_already_shared":true,"jetpack_social_options":{"image_generator_settings":{"template":"highway","default_image_id":0,"font":"","enabled":false},"version":2}},"categories":[200],"tags":[1327],"class_list":["post-81429","post","type-post","status-publish","format-standard","has-post-thumbnail","hentry","category-brasil","tag-eleicoes-2022"],"jetpack_publicize_connections":[],"jetpack_featured_media_url":"https:\/\/blogopara.com.br\/wp-content\/uploads\/2025\/11\/Capturar-31.jpg","uagb_featured_image_src":{"full":["https:\/\/blogopara.com.br\/wp-content\/uploads\/2025\/11\/Capturar-31.jpg",480,267,false],"thumbnail":["https:\/\/blogopara.com.br\/wp-content\/uploads\/2025\/11\/Capturar-31-150x150.jpg",150,150,true],"medium":["https:\/\/blogopara.com.br\/wp-content\/uploads\/2025\/11\/Capturar-31-300x167.jpg",300,167,true],"medium_large":["https:\/\/blogopara.com.br\/wp-content\/uploads\/2025\/11\/Capturar-31.jpg",480,267,false],"large":["https:\/\/blogopara.com.br\/wp-content\/uploads\/2025\/11\/Capturar-31.jpg",480,267,false],"1536x1536":["https:\/\/blogopara.com.br\/wp-content\/uploads\/2025\/11\/Capturar-31.jpg",480,267,false],"2048x2048":["https:\/\/blogopara.com.br\/wp-content\/uploads\/2025\/11\/Capturar-31.jpg",480,267,false],"mantranews-slider-large":["https:\/\/blogopara.com.br\/wp-content\/uploads\/2025\/11\/Capturar-31.jpg",480,267,false],"mantranews-featured-medium":["https:\/\/blogopara.com.br\/wp-content\/uploads\/2025\/11\/Capturar-31-420x267.jpg",420,267,true],"mantranews-featured-long":["https:\/\/blogopara.com.br\/wp-content\/uploads\/2025\/11\/Capturar-31-300x267.jpg",300,267,true],"mantranews-block-medium":["https:\/\/blogopara.com.br\/wp-content\/uploads\/2025\/11\/Capturar-31-464x267.jpg",464,267,true],"mantranews-carousel-image":["https:\/\/blogopara.com.br\/wp-content\/uploads\/2025\/11\/Capturar-31.jpg",480,267,false],"mantranews-block-thumb":["https:\/\/blogopara.com.br\/wp-content\/uploads\/2025\/11\/Capturar-31-322x230.jpg",322,230,true],"mantranews-single-large":["https:\/\/blogopara.com.br\/wp-content\/uploads\/2025\/11\/Capturar-31.jpg",480,267,false]},"uagb_author_info":{"display_name":"Reda\u00e7\u00e3o geral","author_link":"https:\/\/blogopara.com.br\/index.php\/author\/blogopara"},"uagb_comment_info":0,"uagb_excerpt":"Com a retomada, nesta ter\u00e7a-feira (18), do julgamento do N\u00facleo 3 da tentativa de golpe orquestrada pelo ex-presidente Jair Bolsonaro, o policial federal baiano Wladimir Matos Soares tamb\u00e9m ser\u00e1 julgado. De acordo com informa\u00e7\u00f5es da Carta Capital, Wladimir recebeu permiss\u00e3o para participar presencialmente do julgamento no Supremo Tribunal Federal (STF). O grupo formado por nove&hellip;","jetpack_sharing_enabled":true,"jetpack_likes_enabled":true,"_links":{"self":[{"href":"https:\/\/blogopara.com.br\/index.php\/wp-json\/wp\/v2\/posts\/81429","targetHints":{"allow":["GET"]}}],"collection":[{"href":"https:\/\/blogopara.com.br\/index.php\/wp-json\/wp\/v2\/posts"}],"about":[{"href":"https:\/\/blogopara.com.br\/index.php\/wp-json\/wp\/v2\/types\/post"}],"author":[{"embeddable":true,"href":"https:\/\/blogopara.com.br\/index.php\/wp-json\/wp\/v2\/users\/1"}],"replies":[{"embeddable":true,"href":"https:\/\/blogopara.com.br\/index.php\/wp-json\/wp\/v2\/comments?post=81429"}],"version-history":[{"count":1,"href":"https:\/\/blogopara.com.br\/index.php\/wp-json\/wp\/v2\/posts\/81429\/revisions"}],"predecessor-version":[{"id":81431,"href":"https:\/\/blogopara.com.br\/index.php\/wp-json\/wp\/v2\/posts\/81429\/revisions\/81431"}],"wp:featuredmedia":[{"embeddable":true,"href":"https:\/\/blogopara.com.br\/index.php\/wp-json\/wp\/v2\/media\/81430"}],"wp:attachment":[{"href":"https:\/\/blogopara.com.br\/index.php\/wp-json\/wp\/v2\/media?parent=81429"}],"wp:term":[{"taxonomy":"category","embeddable":true,"href":"https:\/\/blogopara.com.br\/index.php\/wp-json\/wp\/v2\/categories?post=81429"},{"taxonomy":"post_tag","embeddable":true,"href":"https:\/\/blogopara.com.br\/index.php\/wp-json\/wp\/v2\/tags?post=81429"}],"curies":[{"name":"wp","href":"https:\/\/api.w.org\/{rel}","templated":true}]}}