{"id":81486,"date":"2025-11-20T10:48:45","date_gmt":"2025-11-20T13:48:45","guid":{"rendered":"https:\/\/blogopara.com.br\/?p=81486"},"modified":"2025-11-20T10:48:45","modified_gmt":"2025-11-20T13:48:45","slug":"juazeiro-realiza-acao-em-alusao-ao-mes-da-consciencia-negra-com-foco-em-saude-mental","status":"publish","type":"post","link":"https:\/\/blogopara.com.br\/index.php\/2025\/11\/20\/juazeiro-realiza-acao-em-alusao-ao-mes-da-consciencia-negra-com-foco-em-saude-mental","title":{"rendered":"Juazeiro realiza a\u00e7\u00e3o em alus\u00e3o ao M\u00eas da Consci\u00eancia Negra com foco em sa\u00fade mental"},"content":{"rendered":"<p>A Prefeitura de Juazeiro, por meio da Secretaria Municipal de Sa\u00fade\/Sesau, realizou nesta quarta-feira (19) a a\u00e7\u00e3o &#8220;Sa\u00fade Mental no Territ\u00f3rio&#8221;, em alus\u00e3o ao M\u00eas da Consci\u00eancia Negra.<\/p>\n<p>O encontro aconteceu na Orla II, embaixo do mirante, das 8h30 \u00e0s 11h30, com uma programa\u00e7\u00e3o voltada \u00e0 valoriza\u00e7\u00e3o da cultura e da identidade negra.<\/p>\n<p>Durante a atividade, foram promovidas oficinas e rodas de conversa sobre sa\u00fade mental, abordando temas relacionados ao cuidado integral, autoestima e ao reconhecimento das express\u00f5es culturais e art\u00edsticas como instrumentos de promo\u00e7\u00e3o de sa\u00fade e qualidade de vida.<\/p>\n<p>De acordo com a diretora de Sa\u00fade Mental, Karoline Barros, a proposta fortalece o di\u00e1logo sobre a import\u00e2ncia de pol\u00edticas p\u00fablicas voltadas \u00e0 popula\u00e7\u00e3o negra, destacando a arte e a identidade negra como manifesta\u00e7\u00f5es de resist\u00eancia e produ\u00e7\u00e3o de vida. &#8220;A atividade faz parte das a\u00e7\u00f5es do munic\u00edpio que buscam integrar o cuidado em sa\u00fade mental com o reconhecimento da diversidade e da equidade racial, refor\u00e7ando o compromisso da gest\u00e3o com uma sa\u00fade mais inclusiva e humanizada&#8221;, destacou.<\/p>\n<p>Para o participante Marcos Vin\u00edcius Silva, a a\u00e7\u00e3o representa um espa\u00e7o de acolhimento e pertencimento. &#8220;Participei da roda de conversa e me senti muito respeitado. \u00c9 importante quando a gente v\u00ea nossas hist\u00f3rias, nossa cultura e nossas dores sendo tratadas com seriedade. Isso fortalece a gente como comunidade&#8221;, afirmou.<\/p>\n<p>&nbsp;<\/p>\n<p>Camila Santana \u2013 Ascom PMJ\/Sesau Fotos: Anamau\u00ea \u2013 Ascom PMJ<\/p>\n","protected":false},"excerpt":{"rendered":"<p>A Prefeitura de Juazeiro, por meio da Secretaria Municipal de Sa\u00fade\/Sesau, realizou nesta quarta-feira (19) a a\u00e7\u00e3o &#8220;Sa\u00fade Mental no Territ\u00f3rio&#8221;, em alus\u00e3o ao M\u00eas da Consci\u00eancia Negra. O encontro aconteceu na Orla II, embaixo do mirante, das 8h30 \u00e0s 11h30, com uma programa\u00e7\u00e3o voltada \u00e0 valoriza\u00e7\u00e3o da cultura e da identidade negra. Durante a [&hellip;]<\/p>\n","protected":false},"author":1,"featured_media":81487,"comment_status":"open","ping_status":"open","sticky":false,"template":"","format":"standard","meta":{"_uag_custom_page_level_css":"","_monsterinsights_skip_tracking":false,"_monsterinsights_sitenote_active":false,"_monsterinsights_sitenote_note":"","_monsterinsights_sitenote_category":0,"jetpack_post_was_ever_published":false,"_jetpack_newsletter_access":"","_jetpack_dont_email_post_to_subs":false,"_jetpack_newsletter_tier_id":0,"_jetpack_memberships_contains_paywalled_content":false,"_jetpack_memberships_contains_paid_content":false,"footnotes":"","jetpack_publicize_message":"","jetpack_publicize_feature_enabled":true,"jetpack_social_post_already_shared":true,"jetpack_social_options":{"image_generator_settings":{"template":"highway","default_image_id":0,"font":"","enabled":false},"version":2}},"categories":[209],"tags":[],"class_list":["post-81486","post","type-post","status-publish","format-standard","has-post-thumbnail","hentry","category-educacao"],"jetpack_publicize_connections":[],"jetpack_featured_media_url":"https:\/\/blogopara.com.br\/wp-content\/uploads\/2025\/11\/Sesau-acao-em-alusao-ao-Mes-da-Consciencia-Negra.jpg","uagb_featured_image_src":{"full":["https:\/\/blogopara.com.br\/wp-content\/uploads\/2025\/11\/Sesau-acao-em-alusao-ao-Mes-da-Consciencia-Negra.jpg",404,404,false],"thumbnail":["https:\/\/blogopara.com.br\/wp-content\/uploads\/2025\/11\/Sesau-acao-em-alusao-ao-Mes-da-Consciencia-Negra-150x150.jpg",150,150,true],"medium":["https:\/\/blogopara.com.br\/wp-content\/uploads\/2025\/11\/Sesau-acao-em-alusao-ao-Mes-da-Consciencia-Negra-300x300.jpg",300,300,true],"medium_large":["https:\/\/blogopara.com.br\/wp-content\/uploads\/2025\/11\/Sesau-acao-em-alusao-ao-Mes-da-Consciencia-Negra.jpg",404,404,false],"large":["https:\/\/blogopara.com.br\/wp-content\/uploads\/2025\/11\/Sesau-acao-em-alusao-ao-Mes-da-Consciencia-Negra.jpg",404,404,false],"1536x1536":["https:\/\/blogopara.com.br\/wp-content\/uploads\/2025\/11\/Sesau-acao-em-alusao-ao-Mes-da-Consciencia-Negra.jpg",404,404,false],"2048x2048":["https:\/\/blogopara.com.br\/wp-content\/uploads\/2025\/11\/Sesau-acao-em-alusao-ao-Mes-da-Consciencia-Negra.jpg",404,404,false],"mantranews-slider-large":["https:\/\/blogopara.com.br\/wp-content\/uploads\/2025\/11\/Sesau-acao-em-alusao-ao-Mes-da-Consciencia-Negra.jpg",404,404,false],"mantranews-featured-medium":["https:\/\/blogopara.com.br\/wp-content\/uploads\/2025\/11\/Sesau-acao-em-alusao-ao-Mes-da-Consciencia-Negra-404x307.jpg",404,307,true],"mantranews-featured-long":["https:\/\/blogopara.com.br\/wp-content\/uploads\/2025\/11\/Sesau-acao-em-alusao-ao-Mes-da-Consciencia-Negra-300x404.jpg",300,404,true],"mantranews-block-medium":["https:\/\/blogopara.com.br\/wp-content\/uploads\/2025\/11\/Sesau-acao-em-alusao-ao-Mes-da-Consciencia-Negra-404x290.jpg",404,290,true],"mantranews-carousel-image":["https:\/\/blogopara.com.br\/wp-content\/uploads\/2025\/11\/Sesau-acao-em-alusao-ao-Mes-da-Consciencia-Negra.jpg",404,404,false],"mantranews-block-thumb":["https:\/\/blogopara.com.br\/wp-content\/uploads\/2025\/11\/Sesau-acao-em-alusao-ao-Mes-da-Consciencia-Negra-322x230.jpg",322,230,true],"mantranews-single-large":["https:\/\/blogopara.com.br\/wp-content\/uploads\/2025\/11\/Sesau-acao-em-alusao-ao-Mes-da-Consciencia-Negra.jpg",404,404,false]},"uagb_author_info":{"display_name":"Reda\u00e7\u00e3o geral","author_link":"https:\/\/blogopara.com.br\/index.php\/author\/blogopara"},"uagb_comment_info":0,"uagb_excerpt":"A Prefeitura de Juazeiro, por meio da Secretaria Municipal de Sa\u00fade\/Sesau, realizou nesta quarta-feira (19) a a\u00e7\u00e3o &#8220;Sa\u00fade Mental no Territ\u00f3rio&#8221;, em alus\u00e3o ao M\u00eas da Consci\u00eancia Negra. O encontro aconteceu na Orla II, embaixo do mirante, das 8h30 \u00e0s 11h30, com uma programa\u00e7\u00e3o voltada \u00e0 valoriza\u00e7\u00e3o da cultura e da identidade negra. Durante a&hellip;","jetpack_sharing_enabled":true,"jetpack_likes_enabled":true,"_links":{"self":[{"href":"https:\/\/blogopara.com.br\/index.php\/wp-json\/wp\/v2\/posts\/81486","targetHints":{"allow":["GET"]}}],"collection":[{"href":"https:\/\/blogopara.com.br\/index.php\/wp-json\/wp\/v2\/posts"}],"about":[{"href":"https:\/\/blogopara.com.br\/index.php\/wp-json\/wp\/v2\/types\/post"}],"author":[{"embeddable":true,"href":"https:\/\/blogopara.com.br\/index.php\/wp-json\/wp\/v2\/users\/1"}],"replies":[{"embeddable":true,"href":"https:\/\/blogopara.com.br\/index.php\/wp-json\/wp\/v2\/comments?post=81486"}],"version-history":[{"count":1,"href":"https:\/\/blogopara.com.br\/index.php\/wp-json\/wp\/v2\/posts\/81486\/revisions"}],"predecessor-version":[{"id":81488,"href":"https:\/\/blogopara.com.br\/index.php\/wp-json\/wp\/v2\/posts\/81486\/revisions\/81488"}],"wp:featuredmedia":[{"embeddable":true,"href":"https:\/\/blogopara.com.br\/index.php\/wp-json\/wp\/v2\/media\/81487"}],"wp:attachment":[{"href":"https:\/\/blogopara.com.br\/index.php\/wp-json\/wp\/v2\/media?parent=81486"}],"wp:term":[{"taxonomy":"category","embeddable":true,"href":"https:\/\/blogopara.com.br\/index.php\/wp-json\/wp\/v2\/categories?post=81486"},{"taxonomy":"post_tag","embeddable":true,"href":"https:\/\/blogopara.com.br\/index.php\/wp-json\/wp\/v2\/tags?post=81486"}],"curies":[{"name":"wp","href":"https:\/\/api.w.org\/{rel}","templated":true}]}}