{"id":81489,"date":"2025-11-20T10:50:49","date_gmt":"2025-11-20T13:50:49","guid":{"rendered":"https:\/\/blogopara.com.br\/?p=81489"},"modified":"2025-11-20T10:50:49","modified_gmt":"2025-11-20T13:50:49","slug":"casa-nova-da-um-passo-decisivo-pela-infancia-e-adolescencia-com-o-1o-forum-comunitario-do-selo-unicef","status":"publish","type":"post","link":"https:\/\/blogopara.com.br\/index.php\/2025\/11\/20\/casa-nova-da-um-passo-decisivo-pela-infancia-e-adolescencia-com-o-1o-forum-comunitario-do-selo-unicef","title":{"rendered":"Casa Nova d\u00e1 um passo decisivo pela inf\u00e2ncia e adolesc\u00eancia com o 1\u00ba F\u00f3rum Comunit\u00e1rio do Selo Unicef"},"content":{"rendered":"<p>A Prefeitura de Casa Nova, por meio da Secretaria de Desenvolvimento Social, Igualdade e Combate \u00e0 Fome, realizou nesta ter\u00e7a-feira (18) o 1\u00ba F\u00f3rum Comunit\u00e1rio do Selo Unicef \u2013 Edi\u00e7\u00e3o 2025\u20132028. O encontro marca o in\u00edcio de um novo ciclo de planejamento, di\u00e1logo e constru\u00e7\u00e3o coletiva para fortalecer pol\u00edticas p\u00fablicas voltadas \u00e0s crian\u00e7as e aos adolescentes no munic\u00edpio.<\/p>\n<p>O F\u00f3rum reuniu mais de 60 participantes, entre autoridades locais, como o secret\u00e1rio de Cultura, Helber Santos, e o secret\u00e1rio adjunto de Educa\u00e7\u00e3o, Henrique Teixeira, representantes de escolas, profissionais de diversas \u00e1reas, membros de conselhos e sociedade civil. O evento inaugura as a\u00e7\u00f5es que Casa Nova desenvolver\u00e1 nos pr\u00f3ximos quatro anos para melhorar indicadores sociais, ampliar oportunidades e garantir direitos essenciais a meninos e meninas.<\/p>\n<p>Em seu discurso, o prefeito Anisio Viana destacou o compromisso da gest\u00e3o com o cuidado e o futuro das novas gera\u00e7\u00f5es. \u201cO Selo Unicef n\u00e3o \u00e9 apenas uma certifica\u00e7\u00e3o: \u00e9 um compromisso com cada crian\u00e7a e adolescente de Casa Nova. Nossa gest\u00e3o trabalha para que todos tenham prote\u00e7\u00e3o, oportunidades e um ambiente onde possam crescer com dignidade. Queremos que nossos pequenos sonhem alto e que, no futuro, possam contribuir ainda mais para o desenvolvimento deste munic\u00edpio que tamb\u00e9m cuida deles\u201d, afirmou.<\/p>\n<p>O secret\u00e1rio de Desenvolvimento Social, Igualdade e Combate \u00e0 Fome, Alex de Santana, refor\u00e7ou a import\u00e2ncia da iniciativa. \u201cCom o Selo Unicef, o munic\u00edpio recebe apoio t\u00e9cnico e de gest\u00e3o para implementar pol\u00edticas p\u00fablicas priorit\u00e1rias, voltadas \u00e0 garantia de direitos, ao fortalecimento da inclus\u00e3o e \u00e0 melhoria dos indicadores sociais\u201d, explicou.<\/p>\n<p>&#8211;<br \/>\nTexto: Ascom PMCN<\/p>\n","protected":false},"excerpt":{"rendered":"<p>A Prefeitura de Casa Nova, por meio da Secretaria de Desenvolvimento Social, Igualdade e Combate \u00e0 Fome, realizou nesta ter\u00e7a-feira (18) o 1\u00ba F\u00f3rum Comunit\u00e1rio do Selo Unicef \u2013 Edi\u00e7\u00e3o 2025\u20132028. O encontro marca o in\u00edcio de um novo ciclo de planejamento, di\u00e1logo e constru\u00e7\u00e3o coletiva para fortalecer pol\u00edticas p\u00fablicas voltadas \u00e0s crian\u00e7as e aos [&hellip;]<\/p>\n","protected":false},"author":1,"featured_media":81490,"comment_status":"open","ping_status":"open","sticky":false,"template":"","format":"standard","meta":{"_uag_custom_page_level_css":"","_monsterinsights_skip_tracking":false,"_monsterinsights_sitenote_active":false,"_monsterinsights_sitenote_note":"","_monsterinsights_sitenote_category":0,"jetpack_post_was_ever_published":false,"_jetpack_newsletter_access":"","_jetpack_dont_email_post_to_subs":false,"_jetpack_newsletter_tier_id":0,"_jetpack_memberships_contains_paywalled_content":false,"_jetpack_memberships_contains_paid_content":false,"footnotes":"","jetpack_publicize_message":"","jetpack_publicize_feature_enabled":true,"jetpack_social_post_already_shared":true,"jetpack_social_options":{"image_generator_settings":{"template":"highway","default_image_id":0,"font":"","enabled":false},"version":2}},"categories":[204],"tags":[],"class_list":["post-81489","post","type-post","status-publish","format-standard","has-post-thumbnail","hentry","category-social"],"jetpack_publicize_connections":[],"jetpack_featured_media_url":"https:\/\/blogopara.com.br\/wp-content\/uploads\/2025\/11\/WhatsApp-Image-2025-11-18-at-11.27.04.jpeg","uagb_featured_image_src":{"full":["https:\/\/blogopara.com.br\/wp-content\/uploads\/2025\/11\/WhatsApp-Image-2025-11-18-at-11.27.04.jpeg",500,334,false],"thumbnail":["https:\/\/blogopara.com.br\/wp-content\/uploads\/2025\/11\/WhatsApp-Image-2025-11-18-at-11.27.04-150x150.jpeg",150,150,true],"medium":["https:\/\/blogopara.com.br\/wp-content\/uploads\/2025\/11\/WhatsApp-Image-2025-11-18-at-11.27.04-300x200.jpeg",300,200,true],"medium_large":["https:\/\/blogopara.com.br\/wp-content\/uploads\/2025\/11\/WhatsApp-Image-2025-11-18-at-11.27.04.jpeg",500,334,false],"large":["https:\/\/blogopara.com.br\/wp-content\/uploads\/2025\/11\/WhatsApp-Image-2025-11-18-at-11.27.04.jpeg",500,334,false],"1536x1536":["https:\/\/blogopara.com.br\/wp-content\/uploads\/2025\/11\/WhatsApp-Image-2025-11-18-at-11.27.04.jpeg",500,334,false],"2048x2048":["https:\/\/blogopara.com.br\/wp-content\/uploads\/2025\/11\/WhatsApp-Image-2025-11-18-at-11.27.04.jpeg",500,334,false],"mantranews-slider-large":["https:\/\/blogopara.com.br\/wp-content\/uploads\/2025\/11\/WhatsApp-Image-2025-11-18-at-11.27.04.jpeg",500,334,false],"mantranews-featured-medium":["https:\/\/blogopara.com.br\/wp-content\/uploads\/2025\/11\/WhatsApp-Image-2025-11-18-at-11.27.04-420x307.jpeg",420,307,true],"mantranews-featured-long":["https:\/\/blogopara.com.br\/wp-content\/uploads\/2025\/11\/WhatsApp-Image-2025-11-18-at-11.27.04-300x334.jpeg",300,334,true],"mantranews-block-medium":["https:\/\/blogopara.com.br\/wp-content\/uploads\/2025\/11\/WhatsApp-Image-2025-11-18-at-11.27.04-464x290.jpeg",464,290,true],"mantranews-carousel-image":["https:\/\/blogopara.com.br\/wp-content\/uploads\/2025\/11\/WhatsApp-Image-2025-11-18-at-11.27.04.jpeg",500,334,false],"mantranews-block-thumb":["https:\/\/blogopara.com.br\/wp-content\/uploads\/2025\/11\/WhatsApp-Image-2025-11-18-at-11.27.04-322x230.jpeg",322,230,true],"mantranews-single-large":["https:\/\/blogopara.com.br\/wp-content\/uploads\/2025\/11\/WhatsApp-Image-2025-11-18-at-11.27.04.jpeg",500,334,false]},"uagb_author_info":{"display_name":"Reda\u00e7\u00e3o geral","author_link":"https:\/\/blogopara.com.br\/index.php\/author\/blogopara"},"uagb_comment_info":0,"uagb_excerpt":"A Prefeitura de Casa Nova, por meio da Secretaria de Desenvolvimento Social, Igualdade e Combate \u00e0 Fome, realizou nesta ter\u00e7a-feira (18) o 1\u00ba F\u00f3rum Comunit\u00e1rio do Selo Unicef \u2013 Edi\u00e7\u00e3o 2025\u20132028. O encontro marca o in\u00edcio de um novo ciclo de planejamento, di\u00e1logo e constru\u00e7\u00e3o coletiva para fortalecer pol\u00edticas p\u00fablicas voltadas \u00e0s crian\u00e7as e aos&hellip;","jetpack_sharing_enabled":true,"jetpack_likes_enabled":true,"_links":{"self":[{"href":"https:\/\/blogopara.com.br\/index.php\/wp-json\/wp\/v2\/posts\/81489","targetHints":{"allow":["GET"]}}],"collection":[{"href":"https:\/\/blogopara.com.br\/index.php\/wp-json\/wp\/v2\/posts"}],"about":[{"href":"https:\/\/blogopara.com.br\/index.php\/wp-json\/wp\/v2\/types\/post"}],"author":[{"embeddable":true,"href":"https:\/\/blogopara.com.br\/index.php\/wp-json\/wp\/v2\/users\/1"}],"replies":[{"embeddable":true,"href":"https:\/\/blogopara.com.br\/index.php\/wp-json\/wp\/v2\/comments?post=81489"}],"version-history":[{"count":1,"href":"https:\/\/blogopara.com.br\/index.php\/wp-json\/wp\/v2\/posts\/81489\/revisions"}],"predecessor-version":[{"id":81491,"href":"https:\/\/blogopara.com.br\/index.php\/wp-json\/wp\/v2\/posts\/81489\/revisions\/81491"}],"wp:featuredmedia":[{"embeddable":true,"href":"https:\/\/blogopara.com.br\/index.php\/wp-json\/wp\/v2\/media\/81490"}],"wp:attachment":[{"href":"https:\/\/blogopara.com.br\/index.php\/wp-json\/wp\/v2\/media?parent=81489"}],"wp:term":[{"taxonomy":"category","embeddable":true,"href":"https:\/\/blogopara.com.br\/index.php\/wp-json\/wp\/v2\/categories?post=81489"},{"taxonomy":"post_tag","embeddable":true,"href":"https:\/\/blogopara.com.br\/index.php\/wp-json\/wp\/v2\/tags?post=81489"}],"curies":[{"name":"wp","href":"https:\/\/api.w.org\/{rel}","templated":true}]}}